{"id":1039,"date":"2016-07-20T02:39:30","date_gmt":"2016-07-20T02:39:30","guid":{"rendered":"http:\/\/acaopolitica.com\/?p=1039"},"modified":"2016-07-20T02:39:30","modified_gmt":"2016-07-20T02:39:30","slug":"impeachment-ja-acoes-pre-votacao-no-senado","status":"publish","type":"post","link":"http:\/\/acaopolitica.com\/index.php\/2016\/07\/20\/impeachment-ja-acoes-pre-votacao-no-senado\/","title":{"rendered":"Impeachment J\u00e1 &#8211; A\u00e7\u00f5es pr\u00e9-vota\u00e7\u00e3o no senado"},"content":{"rendered":"<p style=\"text-align: justify;\">Este \u00e9 o registro das delibera\u00e7\u00f5es do IVL &#8211; Instituto Verdade &amp; Liberdade sobre as a\u00e7\u00f5es da equipe na fase de pr\u00e9-vota\u00e7\u00e3o do Impeachment da N\u00c3O-presidente Dilma Rousseff no Senado Federal.<\/p>\n<p style=\"text-align: justify;\">Alguns grupos est\u00e3o divulgando uma manifesta\u00e7\u00e3o do tipo passeata pra ser realizada em 31\/07\/2016\u00a0em v\u00e1rias cidades. O IVL n\u00e3o vai participar da organiza\u00e7\u00e3o ou como respons\u00e1vel em NENHUM desses atos como entidade. Qualquer mudan\u00e7a ser\u00e1 informada com anteced\u00eancia.<\/p>\n<p style=\"text-align: justify;\">Coordenadores, apoiadores e todas as pessoas que acompanham, suportam ou auxiliam nossas a\u00e7\u00f5es direta ou indiretamente, decidir\u00e3o individualmente se e como apoiar\u00e3o este evento espec\u00edfico do dia 31\/07. O IVL n\u00e3o se op\u00f5e a este apoio individual. Ao contr\u00e1rio, <strong>INCENTIVA e suporta na m\u00e1xima extens\u00e3o que toda popula\u00e7\u00e3o se envolva e participe do m\u00e1ximo de a\u00e7\u00f5es em todas as dimens\u00f5es da sociedade. Todas!<\/strong><\/p>\n<p style=\"text-align: justify;\">Como sempre, com a ressalva de que as pessoas busquem se informam sobre as pautas das a\u00e7\u00f5es e grupos, se informar sobre os objetivos das coordena\u00e7\u00f5es e lideran\u00e7as(?), ter bastante cautela com autodenominados l\u00edderes(?), tentar decifrar os objetos concretos e reais por tr\u00e1s de discursos e pautas propagand\u00edsticas, particular cautela com doa\u00e7\u00f5es em dinheiro ou outra esp\u00e9cie&#8230; muita cautela.<\/p>\n<p style=\"text-align: justify;\">Atentar muito que estamos em ano eleitoral e causas nobres <strong>podem, ser\u00e3o e J\u00c1 EST\u00c3O sendo usadas em favor de criar capital pol\u00edtico para indiv\u00edduos e grupos de interesse.<\/strong><\/p>\n<p style=\"text-align: justify;\">O IVL acredita que o impeachment da N\u00c3O-presidente Dilma Rousseff j\u00e1 passou da hora h\u00e1 muito tempo.<\/p>\n<p style=\"text-align: justify;\">Em paralelo ser\u00e1 realizado, no caso, efetivamente pela entidade IVL:<\/p>\n<ul>\n<li style=\"text-align: justify;\">A\u00e7\u00f5es de conscientiza\u00e7\u00e3o da fundamenta\u00e7\u00e3o do processo de Impeachment\n<ul>\n<li style=\"text-align: justify;\">Entrega de panfletos<\/li>\n<li style=\"text-align: justify;\">Exposi\u00e7\u00e3o na m\u00eddia<\/li>\n<li style=\"text-align: justify;\">Propaga\u00e7\u00e3o em redes sociais<\/li>\n<\/ul>\n<\/li>\n<\/ul>\n<ul>\n<li style=\"text-align: justify;\">Ato de protesto em frente \u00e0 Prefeitura Municipal de Blumenau, em dias bem pr\u00f3ximos ao da vota\u00e7\u00e3o do Impeachment no Senado.\n<ul>\n<li style=\"text-align: justify;\">Vota\u00e7\u00e3o simb\u00f3lica pelo Impeachment<\/li>\n<\/ul>\n<\/li>\n<\/ul>\n<p>Se voc\u00ea quer contribuir com essas a\u00e7\u00f5es ou unir for\u00e7as nesse combate pela constru\u00e7\u00e3o de um Brasil digno e limpo de toda ideologia tir\u00e2nica coletivizante e da correspondente corrup\u00e7\u00e3o material e moral, entre em contato.<\/p>\n","protected":false},"excerpt":{"rendered":"<p>Este \u00e9 o registro das delibera\u00e7\u00f5es do IVL &#8211; Instituto Verdade &amp; Liberdade sobre as a\u00e7\u00f5es da equipe na fase de pr\u00e9-vota\u00e7\u00e3o do Impeachment da&#8230;<\/p>\n","protected":false},"author":1,"featured_media":1040,"comment_status":"open","ping_status":"open","sticky":false,"template":"","format":"standard","meta":[],"categories":[11],"tags":[],"_links":{"self":[{"href":"http:\/\/acaopolitica.com\/index.php\/wp-json\/wp\/v2\/posts\/1039"}],"collection":[{"href":"http:\/\/acaopolitica.com\/index.php\/wp-json\/wp\/v2\/posts"}],"about":[{"href":"http:\/\/acaopolitica.com\/index.php\/wp-json\/wp\/v2\/types\/post"}],"author":[{"embeddable":true,"href":"http:\/\/acaopolitica.com\/index.php\/wp-json\/wp\/v2\/users\/1"}],"replies":[{"embeddable":true,"href":"http:\/\/acaopolitica.com\/index.php\/wp-json\/wp\/v2\/comments?post=1039"}],"version-history":[{"count":1,"href":"http:\/\/acaopolitica.com\/index.php\/wp-json\/wp\/v2\/posts\/1039\/revisions"}],"predecessor-version":[{"id":1041,"href":"http:\/\/acaopolitica.com\/index.php\/wp-json\/wp\/v2\/posts\/1039\/revisions\/1041"}],"wp:featuredmedia":[{"embeddable":true,"href":"http:\/\/acaopolitica.com\/index.php\/wp-json\/wp\/v2\/media\/1040"}],"wp:attachment":[{"href":"http:\/\/acaopolitica.com\/index.php\/wp-json\/wp\/v2\/media?parent=1039"}],"wp:term":[{"taxonomy":"category","embeddable":true,"href":"http:\/\/acaopolitica.com\/index.php\/wp-json\/wp\/v2\/categories?post=1039"},{"taxonomy":"post_tag","embeddable":true,"href":"http:\/\/acaopolitica.com\/index.php\/wp-json\/wp\/v2\/tags?post=1039"}],"curies":[{"name":"wp","href":"https:\/\/api.w.org\/{rel}","templated":true}]}}