{"id":106,"date":"2015-10-05T04:04:56","date_gmt":"2015-10-05T04:04:56","guid":{"rendered":"http:\/\/acaopolitica.com\/?p=106"},"modified":"2015-10-05T14:33:26","modified_gmt":"2015-10-05T14:33:26","slug":"reuniao-da-equipe-do-ivl-03102015","status":"publish","type":"post","link":"http:\/\/acaopolitica.com\/index.php\/2015\/10\/05\/reuniao-da-equipe-do-ivl-03102015\/","title":{"rendered":"Reuni\u00e3o da equipe do IVL &#8211;  03\/10\/2015"},"content":{"rendered":"<p style=\"text-align: justify;\"><span style=\"color: #333333;\">Em 03\/10\/2015\u00a0tivemos mais uma reuni\u00e3o da equipe do Instituto Verdade e Liberdade (IVL) com a participa\u00e7\u00e3o de coordenadores e apoiadores.<\/span><\/p>\n<p style=\"text-align: justify;\"><span style=\"color: #333333;\">A reuni\u00e3o foi realizada no audit\u00f3rio do <span style=\"color: #3366ff;\"><a style=\"color: #3366ff;\" href=\"http:\/\/www.sesconblumenau.org.br\" target=\"_blank\">SESCON Blumenau<\/a><\/span>; espa\u00e7o gentilmente cedido em mais esta oportunidade. O que continua demonstrando o n\u00edvel elevado de consci\u00eancia da dire\u00e7\u00e3o e equipe do <a href=\"http:\/\/www.sesconblumenau.org.br\" target=\"_blank\">SESCON Blumenau<\/a> no que diz respeito \u00e0s demandas urgentes da sociedade brasileira.<\/span><\/p>\n<p style=\"text-align: justify;\">Foram tratados importantes assuntos sobre as opera\u00e7\u00f5es internas do IVL,\u00a0a\u00e7\u00f5es durante per\u00edodo da Oktoberfest 2015 em Blumenau\/SC, estrutura\u00e7\u00e3o e novos projetos.<\/p>\n<p style=\"text-align: justify;\">Abaixo alguns registros desta reuni\u00e3o:<\/p>\n<p style=\"text-align: justify;\"><a href=\"http:\/\/acaopolitica.com\/wp-content\/uploads\/2015\/10\/reuniao1.jpg\"><img loading=\"lazy\" class=\"alignnone size-full wp-image-107\" src=\"http:\/\/acaopolitica.com\/wp-content\/uploads\/2015\/10\/reuniao1.jpg\" alt=\"reuniao1\" width=\"1600\" height=\"1200\" srcset=\"http:\/\/acaopolitica.com\/wp-content\/uploads\/2015\/10\/reuniao1.jpg 1600w, http:\/\/acaopolitica.com\/wp-content\/uploads\/2015\/10\/reuniao1-300x225.jpg 300w, http:\/\/acaopolitica.com\/wp-content\/uploads\/2015\/10\/reuniao1-768x576.jpg 768w, http:\/\/acaopolitica.com\/wp-content\/uploads\/2015\/10\/reuniao1-1030x773.jpg 1030w\" sizes=\"(max-width: 1600px) 100vw, 1600px\" \/><\/a><\/p>\n<p style=\"text-align: justify;\"><a href=\"http:\/\/acaopolitica.com\/wp-content\/uploads\/2015\/10\/reuniao2.jpg\"><img loading=\"lazy\" class=\"alignnone size-full wp-image-108\" src=\"http:\/\/acaopolitica.com\/wp-content\/uploads\/2015\/10\/reuniao2.jpg\" alt=\"reuniao2\" width=\"1600\" height=\"1200\" srcset=\"http:\/\/acaopolitica.com\/wp-content\/uploads\/2015\/10\/reuniao2.jpg 1600w, http:\/\/acaopolitica.com\/wp-content\/uploads\/2015\/10\/reuniao2-300x225.jpg 300w, http:\/\/acaopolitica.com\/wp-content\/uploads\/2015\/10\/reuniao2-768x576.jpg 768w, http:\/\/acaopolitica.com\/wp-content\/uploads\/2015\/10\/reuniao2-1030x773.jpg 1030w\" sizes=\"(max-width: 1600px) 100vw, 1600px\" \/><\/a><\/p>\n<p style=\"text-align: justify;\"><a href=\"http:\/\/acaopolitica.com\/wp-content\/uploads\/2015\/10\/reuniao3.jpg\"><img loading=\"lazy\" class=\"alignnone size-full wp-image-111\" src=\"http:\/\/acaopolitica.com\/wp-content\/uploads\/2015\/10\/reuniao3.jpg\" alt=\"reuniao3\" width=\"1600\" height=\"1200\" srcset=\"http:\/\/acaopolitica.com\/wp-content\/uploads\/2015\/10\/reuniao3.jpg 1600w, http:\/\/acaopolitica.com\/wp-content\/uploads\/2015\/10\/reuniao3-300x225.jpg 300w, http:\/\/acaopolitica.com\/wp-content\/uploads\/2015\/10\/reuniao3-768x576.jpg 768w, http:\/\/acaopolitica.com\/wp-content\/uploads\/2015\/10\/reuniao3-1030x773.jpg 1030w\" sizes=\"(max-width: 1600px) 100vw, 1600px\" \/><\/a><\/p>\n<p style=\"text-align: justify;\"><a href=\"http:\/\/acaopolitica.com\/wp-content\/uploads\/2015\/10\/reuniao4.jpg\"><img loading=\"lazy\" class=\"alignnone size-full wp-image-112\" src=\"http:\/\/acaopolitica.com\/wp-content\/uploads\/2015\/10\/reuniao4.jpg\" alt=\"reuniao4\" width=\"1600\" height=\"1200\" srcset=\"http:\/\/acaopolitica.com\/wp-content\/uploads\/2015\/10\/reuniao4.jpg 1600w, http:\/\/acaopolitica.com\/wp-content\/uploads\/2015\/10\/reuniao4-300x225.jpg 300w, http:\/\/acaopolitica.com\/wp-content\/uploads\/2015\/10\/reuniao4-768x576.jpg 768w, http:\/\/acaopolitica.com\/wp-content\/uploads\/2015\/10\/reuniao4-1030x773.jpg 1030w\" sizes=\"(max-width: 1600px) 100vw, 1600px\" \/><\/a><\/p>\n<p style=\"text-align: justify;\"><a href=\"http:\/\/acaopolitica.com\/wp-content\/uploads\/2015\/10\/reuniao5.jpg\"><img loading=\"lazy\" class=\"alignnone size-full wp-image-113\" src=\"http:\/\/acaopolitica.com\/wp-content\/uploads\/2015\/10\/reuniao5.jpg\" alt=\"reuniao5\" width=\"1600\" height=\"1200\" srcset=\"http:\/\/acaopolitica.com\/wp-content\/uploads\/2015\/10\/reuniao5.jpg 1600w, http:\/\/acaopolitica.com\/wp-content\/uploads\/2015\/10\/reuniao5-300x225.jpg 300w, http:\/\/acaopolitica.com\/wp-content\/uploads\/2015\/10\/reuniao5-768x576.jpg 768w, http:\/\/acaopolitica.com\/wp-content\/uploads\/2015\/10\/reuniao5-1030x773.jpg 1030w\" sizes=\"(max-width: 1600px) 100vw, 1600px\" \/><\/a><\/p>\n<p style=\"text-align: justify; font-size: 12px;\">Imagens gentilmente cidades por:<br \/>\nIvan Claus:\u00a0<a href=\"https:\/\/www.facebook.com\/ivan.claus.50?fref=ts\" target=\"_blank\">https:\/\/www.facebook.com\/ivan.claus.50?fref=ts<\/a><\/p>\n","protected":false},"excerpt":{"rendered":"<p>Em 03\/10\/2015\u00a0tivemos mais uma reuni\u00e3o da equipe do Instituto Verdade e Liberdade (IVL) com a participa\u00e7\u00e3o de coordenadores e apoiadores. A reuni\u00e3o foi realizada no&#8230;<\/p>\n","protected":false},"author":1,"featured_media":107,"comment_status":"open","ping_status":"open","sticky":false,"template":"","format":"standard","meta":[],"categories":[11],"tags":[],"_links":{"self":[{"href":"http:\/\/acaopolitica.com\/index.php\/wp-json\/wp\/v2\/posts\/106"}],"collection":[{"href":"http:\/\/acaopolitica.com\/index.php\/wp-json\/wp\/v2\/posts"}],"about":[{"href":"http:\/\/acaopolitica.com\/index.php\/wp-json\/wp\/v2\/types\/post"}],"author":[{"embeddable":true,"href":"http:\/\/acaopolitica.com\/index.php\/wp-json\/wp\/v2\/users\/1"}],"replies":[{"embeddable":true,"href":"http:\/\/acaopolitica.com\/index.php\/wp-json\/wp\/v2\/comments?post=106"}],"version-history":[{"count":3,"href":"http:\/\/acaopolitica.com\/index.php\/wp-json\/wp\/v2\/posts\/106\/revisions"}],"predecessor-version":[{"id":118,"href":"http:\/\/acaopolitica.com\/index.php\/wp-json\/wp\/v2\/posts\/106\/revisions\/118"}],"wp:featuredmedia":[{"embeddable":true,"href":"http:\/\/acaopolitica.com\/index.php\/wp-json\/wp\/v2\/media\/107"}],"wp:attachment":[{"href":"http:\/\/acaopolitica.com\/index.php\/wp-json\/wp\/v2\/media?parent=106"}],"wp:term":[{"taxonomy":"category","embeddable":true,"href":"http:\/\/acaopolitica.com\/index.php\/wp-json\/wp\/v2\/categories?post=106"},{"taxonomy":"post_tag","embeddable":true,"href":"http:\/\/acaopolitica.com\/index.php\/wp-json\/wp\/v2\/tags?post=106"}],"curies":[{"name":"wp","href":"https:\/\/api.w.org\/{rel}","templated":true}]}}