{"id":1061,"date":"2016-11-14T03:11:06","date_gmt":"2016-11-14T03:11:06","guid":{"rendered":"http:\/\/acaopolitica.com\/?p=1061"},"modified":"2016-11-14T16:17:48","modified_gmt":"2016-11-14T16:17:48","slug":"trump-nao-e-o-presidente-que-merecem-mas-e-o-heroi-que-os-eua-precisam","status":"publish","type":"post","link":"http:\/\/acaopolitica.com\/index.php\/2016\/11\/14\/trump-nao-e-o-presidente-que-merecem-mas-e-o-heroi-que-os-eua-precisam\/","title":{"rendered":"Trump n\u00e3o \u00e9 o presidente que merecem, mas \u00e9 o her\u00f3i que os EUA precisam"},"content":{"rendered":"<p style=\"text-align: justify;\">Her\u00f3i \u00e9 o protagonista de uma vit\u00f3ria sobre grandes adversidades.<\/p>\n<p style=\"text-align: justify;\">Para chegar a posi\u00e7\u00e3o de presidente eleito dos EUA, Donald Trump teve uma trajet\u00f3ria de vit\u00f3rias admir\u00e1veis.<\/p>\n<p style=\"text-align: justify;\">Primeiro ele se tornou um dos homens mais ricos do mundo, um nome e uma marca reconhecida mundialmente. Caracter\u00edsticas que lhe garantiram autonomia e independ\u00eancia em sua campanha perante grupos de interesse que usam poder econ\u00f4mico para comprar influ\u00eancia. E influ\u00eancia para dirigir interesses econ\u00f4micos.<\/p>\n<p style=\"text-align: justify;\">Ao longo dos anos, inteirou-se das entranhas e mecanismos do poder, conhecendo o inimigo que viria a vencer nestas elei\u00e7\u00f5es. Conhecendo seu inimigo, tornou-se tamb\u00e9m mais apto a vencer esta batalha.<\/p>\n<p style=\"text-align: justify;\">Venceu a resist\u00eancia maci\u00e7a de interesses corporativistas em seu pr\u00f3prio partido. Venceu uns 16 importantes pr\u00e9-candidatos nas prim\u00e1rias do Partido Republicano. E uns 4 desses com grande respaldo do partido e dos interesses citados acima.<\/p>\n<p style=\"text-align: justify;\">Finalmente, venceu a elei\u00e7\u00e3o principal, tendo como principal concorrente, Hillary Clinton,<br \/>\nelegendo-se o 45\u00ba Presidente dos EUA.<\/p>\n<p style=\"text-align: justify;\">Durante todo esse tempo teve que enfrentar outro inimigo, a grande m\u00eddia. E toda a narrativa constru\u00edda, no m\u00ednimo, ao longo dos \u00faltimos 25 anos.<\/p>\n<p style=\"text-align: justify;\">Todas as dimens\u00f5es da vida p\u00fablica de Hillary Clinton s\u00e3o plenas de crimes e esc\u00e2ndalos, muitos diretamente ilegais, outros explicitamente imorais.<\/p>\n<p style=\"text-align: justify;\">Apenas pra come\u00e7o da hist\u00f3ria, a m\u00eddia ensejou todos os esfor\u00e7os para esconder ou mitigar os crimes e defeitos de Hillary Clinton. A m\u00eddia e boa parte da atual administra\u00e7\u00e3o americana tamb\u00e9m. Ao mesmo tempo, Donald Trump recebia como tratamento humilha\u00e7\u00e3o, deprecia\u00e7\u00e3o,\u00a0 mentiras e descontextualiza\u00e7\u00e3o constantes dos seus atos e falas. Esses dois pesos e duas medidas, j\u00e1 s\u00e3o prova de parcialidade da m\u00eddia.<\/p>\n<p style=\"text-align: justify;\">Donald Trump sugeriu uma parada tempor\u00e1ria na entrada de mu\u00e7ulmanos nos EUA, a m\u00eddia vinha com islamofobia.<\/p>\n<p style=\"text-align: justify;\">Donald Trump prop\u00f5e medidas para controlar a migra\u00e7\u00e3o vinda do M\u00e9xico, a m\u00eddia grita racismo.<\/p>\n<p style=\"text-align: justify;\">Donald Trump prop\u00f5e medidas pr\u00f3-vida, s\u00f3 pode ser contra as mulheres e direitos reprodutivos.<\/p>\n<p style=\"text-align: justify;\">A favor do direito de ter e portar armas, ent\u00e3o instiga a viol\u00eancia.<\/p>\n<p style=\"text-align: justify;\">Quer rever acordos de livre com\u00e9rcio &#8211; livres de verdade somente para\u00a0 pessoas com conex\u00f5es no governo -, ent\u00e3o \u00e9 protecionista e isolacionista.<\/p>\n<p style=\"text-align: justify;\">Ousa dizer que a Am\u00e9rica vai ser grande de novo e voltar a vencer, a\u00ed \u00e9 porque tem todos os supostos defeitos acima e muitos mais.<\/p>\n<p style=\"text-align: justify;\">Quando na verdade, em todas as acusa\u00e7\u00f5es acima, sem exce\u00e7\u00e3o, s\u00e3o todas mentiras. Mentiras empurradas goela abaixo dos americanos e, por tabela, do mundo pela narrativa da m\u00eddia. Narrativa \u00e9 apenas uma forma, um vi\u00e9s que se escolhe para compartilhar alguma hist\u00f3ria, sem a preocupa\u00e7\u00e3o com precis\u00e3o e fatos e apenas com o efeito emocional que vai causar na audi\u00eancia.<\/p>\n<p style=\"text-align: justify;\">As piadas visavam desmoralizar a imagem do ainda candidato. Achavam que o povo n\u00e3o votaria num candidato a quem os famosos e especialistas zombavam.<\/p>\n<p style=\"text-align: justify;\">Todas as palavras terminadas com &#8221; fobia &#8220;, no discurso e contexto pol\u00edtico atual, s\u00e3o artif\u00edcios criados pra confundir as pessoas e impedir a livre express\u00e3o. Todas! Pois, se voc\u00ea aceita que lhe acusem de um preconceito irracional quando expressa uma opini\u00e3o sobre qualquer grupo, assim, sem espa\u00e7o para debater e sem maiores argumentos, est\u00e1 aceitando que lhe imponham que voc\u00ea n\u00e3o pode ter uma vis\u00e3o racional sobre o assunto. Portanto, dever\u00e1 aceitar a opini\u00e3o vigente constru\u00edda pela mesma m\u00eddia que vai decidir o que \u00e9 &#8221; bonito &#8221; e o que \u00e9 &#8221; feio &#8221; de se dizer.<\/p>\n<p style=\"text-align: justify;\">O mesmo para a migra\u00e7\u00e3o pelo M\u00e9xico e todos os outros assuntos, sucessivamente. Mentiras ap\u00f3s mentiras, empilhadas em toneladas de mais mentiras, essa foi a estrat\u00e9gia da m\u00eddia e de todos contra Donald Trump.<\/p>\n<p style=\"text-align: justify;\">As mentiras tinham o objetivo confundir e afastar o eleitor. Abaixo temos um exemplo que estava circulando h\u00e1 meses pela Internet. Um meme que mostra Donald Trump numa suposta entrevista h\u00e1 uns 20 anos chamando os Republicanos (seu partido) de &#8221; grupo mais est\u00fapido de eleitores &#8220;. Para piorar, a &#8221; humorista &#8221; Amy Schumer (grande apoiadora de Hillary Clinton) usou a mesma mentira para ilustrar seu discurso de revolta ap\u00f3s a derrota.<br \/>\nE somente ao final do longo texto ela diz que o meme &#8221; <strong><em>\u00e9 mentira, mas isto n\u00e3o importa<\/em><\/strong> &#8220;(!?). Eles fazem isso porque sabem que somente uma pequena parcela da popula\u00e7\u00e3o vai ler at\u00e9 o final. Enquanto milh\u00f5es v\u00e3o ver por cima e acreditar na mentira. Ent\u00e3o propagam a mentira, tem o ganho pol\u00edtico na mente de milh\u00f5es de pessoas e n\u00e3o s\u00e3o processados por conta do artif\u00edcio ao final do texto. Isso acontecia TODOS OS DIAS, durante a campanha eleitoral. Lembrando, a hist\u00f3ria do meme \u00e9 COMPLETAMENTE FALSA!<br \/>\nVide link: <a href=\"https:\/\/www.instagram.com\/p\/BMmIdouDJgJ\/\">https:\/\/www.instagram.com\/p\/BMmIdouDJgJ\/<\/a><\/p>\n<p style=\"text-align: center;\"><a href=\"http:\/\/acaopolitica.com\/wp-content\/uploads\/2016\/11\/amyschumer_lies.png\"><img loading=\"lazy\" class=\"size-full wp-image-1062 aligncenter\" src=\"http:\/\/acaopolitica.com\/wp-content\/uploads\/2016\/11\/amyschumer_lies.png\" alt=\"amyschumer_lies\" width=\"931\" height=\"601\" srcset=\"http:\/\/acaopolitica.com\/wp-content\/uploads\/2016\/11\/amyschumer_lies.png 931w, http:\/\/acaopolitica.com\/wp-content\/uploads\/2016\/11\/amyschumer_lies-300x194.png 300w, http:\/\/acaopolitica.com\/wp-content\/uploads\/2016\/11\/amyschumer_lies-768x496.png 768w\" sizes=\"(max-width: 931px) 100vw, 931px\" \/><\/a>Figura 1 &#8211; Cita\u00e7\u00e3o falsa atribu\u00edda a Donald Trump<\/p>\n<p style=\"text-align: justify;\">\u00c9 preciso que a Humanidade acorde para todas as mentiras que os governos, os pol\u00edticos e seus tent\u00e1culos como a grande m\u00eddia, usam para nos enganar recorrentemente.<\/p>\n<p style=\"text-align: justify;\">O politicamente correto \u00e9 uma das mais nocivas armas de controle e engenharia social de nossos tempos. E vejam como o nome em si da pr\u00e1tica entrega suas verdadeiras inten\u00e7\u00f5es; \u00e9 aquilo que a classe pol\u00edtica diz ser o correto. E qual \u00e9 o megafone da narrativa que interessa \u00e0 classe pol\u00edtica? Sim, a grande m\u00eddia. Vejam que a armadilha tem muitas formas de nos prender, pois quem vai querer ir contra algo que \u00e9 chamado &#8221; correto &#8220;!?<\/p>\n<p style=\"text-align: justify;\">Por cima disso tamb\u00e9m Donald Trump passou como se fosse um trator.<\/p>\n<p style=\"text-align: justify;\">Nos liberando para falar o que pensamos. Dando novo vigor \u00e0 liberdade de express\u00e3o. A liberdade de express\u00e3o n\u00e3o \u00e9 apenas um direito fundamental, \u00e9 o meio pela qual nossa civiliza\u00e7\u00e3o (chamada ocidental) se orienta na busca pela Verdade! Com alguns atropelos pelo caminho sim, mas sempre evoluindo na dire\u00e7\u00e3o de uma compreens\u00e3o mais clara da experi\u00eancia humana que s\u00f3 pode ser alcan\u00e7ada se pudermos expressar livremente nossa vis\u00e3o dessa experi\u00eancia, at\u00e9 para termos acesso \u00e0s corre\u00e7\u00f5es necess\u00e1rias nessa mesma vis\u00e3o.<\/p>\n<p style=\"text-align: justify;\">Poder\u00edamos ainda citar como derrotados o multiculturalismo, todas as pol\u00edticas segregacionistas (de g\u00eanero, ra\u00e7a etc).<\/p>\n<p style=\"text-align: justify;\">E por fim, seria grave falha deixar de citar. Em 12 de setembro de 2013, o presidente Obama disse\u00a0 &#8221; <strong><em>\u00c9 extremamente perigoso encorajar as pessoas a ver a si mesmas como excepcionais, n\u00e3o importando a motiva\u00e7\u00e3o<\/em><\/strong> &#8220;; referindo-se ao pr\u00f3prio povo americano (!). O l\u00edder da na\u00e7\u00e3o, expressando a desmotiva\u00e7\u00e3o m\u00e1xima ao seu povo, que tem na origem que cada indiv\u00edduo deve buscar a Felicidade! Ao passo que Donald Trump resgatou esse sentimento original na forma do slogan &#8221; <strong><em>Fazer a Am\u00e9rica grande de novo<\/em><\/strong> &#8220;. E falou em buscar <strong>vencer, vencer e vencer<\/strong>&#8230; sem hesita\u00e7\u00e3o, sem medo, sem pudor ou falsos moralismos.<\/p>\n<p style=\"text-align: justify;\">Pois \u00e9 sobre esse pilar que a Am\u00e9rica foi fundada. No direito inalien\u00e1vel de cada indiv\u00edduo em buscar vencer na vida e almejar pela Felicidade. E se erguendo das condi\u00e7\u00f5es mais baixas, progride a sociedade como um todo e ent\u00e3o estende tamb\u00e9m a m\u00e3o ao seu semelhante. Num ciclo virtuoso onde todos buscam, mas tamb\u00e9m desejam que os outros possam alcan\u00e7ar essa excepcionalidade, pois no somat\u00f3rio todos ganham e assim progride a civiliza\u00e7\u00e3o. S\u00e3o mais de 200 anos de hist\u00f3ria de sucesso pra comprovar!<\/p>\n<p style=\"text-align: justify;\">Tudo isso Donald Trump venceu. E venceu com uma mensagem simples e clara. Simples e clara como deve ser a verdade.<\/p>\n<p style=\"text-align: justify;\">Pode ser dif\u00edcil para muitos reconhecer o car\u00e1ter her\u00f3ico do feito de outro ser humano; o orgulho fala alto nessas horas. Assim como \u00e9 nocivo reconhecer e ficar esperando salva\u00e7\u00e3o. Devemos nos inspirar em tais exemplos e fazer a nossa parte.<\/p>\n<p style=\"text-align: justify;\">Para os preocupados com implica\u00e7\u00f5es locais para seus pa\u00edses, do ponto de vista econ\u00f4mico, por exemplo, o que tenho a dizer \u00e9 o seguinte. Preocupem-se mesmo e ajam. Tomem conta de seus interesses, pa\u00edses e destinos com a mesma dedica\u00e7\u00e3o que Donald Trump est\u00e1 fazendo com os EUA.<\/p>\n<p style=\"text-align: justify;\">Para conservadores e para os defensores da liberdade, a vit\u00f3ria de Donald Trump \u00e9 nossa vit\u00f3ria tamb\u00e9m. Porque nossos inimigos s\u00e3o os mesmo dele. Porque ele abriu os cora\u00e7\u00f5es e mentes de legi\u00f5es de pessoas para nossas mensagens.<\/p>\n<p style=\"text-align: justify;\">Em primeiro lugar, ele conseguiu isso por se colocar nos ombros de gigantes que abriram caminho antes dele. Tenhamos humildade de fazer o mesmo e avan\u00e7ar aquilo que ele fez e far\u00e1. Para o bem de cada um de n\u00f3s e de alguma civiliza\u00e7\u00e3o que possa ser acolhida por um futuro mais livre, decente e belo. Que n\u00e3o ser\u00e1 o imp\u00e9rio da igualdade \u00e0s custas da Consci\u00eancia Humana, nem da seguran\u00e7a \u00e0s custas da Liberdade, nem do progresso \u00e0s custas da Verdade.<\/p>\n<p style=\"text-align: right; font-size: 10px;\"><strong><em>Consideramos estas verdades como evidentes por si mesmas, que todos os homens s\u00e3o criados iguais, que s\u00e3o dotados pelo Criador de certos direitos inalien\u00e1veis, <\/em><\/strong><br \/>\n<strong><em>que entre estes est\u00e3o a vida, a liberdade e a busca da felicidade. (Declara\u00e7\u00e3o de Independ\u00eancia dos EUA)<\/em><\/strong><\/p>\n","protected":false},"excerpt":{"rendered":"<p>Her\u00f3i \u00e9 o protagonista de uma vit\u00f3ria sobre grandes adversidades. Para chegar a posi\u00e7\u00e3o de presidente eleito dos EUA, Donald Trump teve uma trajet\u00f3ria de&#8230;<\/p>\n","protected":false},"author":1,"featured_media":1067,"comment_status":"open","ping_status":"open","sticky":false,"template":"","format":"standard","meta":[],"categories":[2],"tags":[],"_links":{"self":[{"href":"http:\/\/acaopolitica.com\/index.php\/wp-json\/wp\/v2\/posts\/1061"}],"collection":[{"href":"http:\/\/acaopolitica.com\/index.php\/wp-json\/wp\/v2\/posts"}],"about":[{"href":"http:\/\/acaopolitica.com\/index.php\/wp-json\/wp\/v2\/types\/post"}],"author":[{"embeddable":true,"href":"http:\/\/acaopolitica.com\/index.php\/wp-json\/wp\/v2\/users\/1"}],"replies":[{"embeddable":true,"href":"http:\/\/acaopolitica.com\/index.php\/wp-json\/wp\/v2\/comments?post=1061"}],"version-history":[{"count":8,"href":"http:\/\/acaopolitica.com\/index.php\/wp-json\/wp\/v2\/posts\/1061\/revisions"}],"predecessor-version":[{"id":1073,"href":"http:\/\/acaopolitica.com\/index.php\/wp-json\/wp\/v2\/posts\/1061\/revisions\/1073"}],"wp:featuredmedia":[{"embeddable":true,"href":"http:\/\/acaopolitica.com\/index.php\/wp-json\/wp\/v2\/media\/1067"}],"wp:attachment":[{"href":"http:\/\/acaopolitica.com\/index.php\/wp-json\/wp\/v2\/media?parent=1061"}],"wp:term":[{"taxonomy":"category","embeddable":true,"href":"http:\/\/acaopolitica.com\/index.php\/wp-json\/wp\/v2\/categories?post=1061"},{"taxonomy":"post_tag","embeddable":true,"href":"http:\/\/acaopolitica.com\/index.php\/wp-json\/wp\/v2\/tags?post=1061"}],"curies":[{"name":"wp","href":"https:\/\/api.w.org\/{rel}","templated":true}]}}