{"id":1087,"date":"2016-11-24T09:16:53","date_gmt":"2016-11-24T09:16:53","guid":{"rendered":"http:\/\/acaopolitica.com\/?p=1087"},"modified":"2016-11-24T09:22:21","modified_gmt":"2016-11-24T09:22:21","slug":"odebrecht-democratizou-a-distribuicao-da-lama","status":"publish","type":"post","link":"http:\/\/acaopolitica.com\/index.php\/2016\/11\/24\/odebrecht-democratizou-a-distribuicao-da-lama\/","title":{"rendered":"Odebrecht democratizou a distribui\u00e7\u00e3o da lama"},"content":{"rendered":"<p style=\"text-align: justify;\"><strong><span style=\"color: #ff0000;\">Prezados Senhores<\/span><\/strong><\/p>\n<p style=\"text-align: justify;\"><strong><span style=\"color: #ff0000;\">Creio que est\u00e1 chegando o momento em que as pessoas ter\u00e3o que escolher a fac\u00e7\u00e3o criminosa que ir\u00e3o apoiar, mas n\u00e3o em sil\u00eancio, como tem sido. Tem que apoiar expondo a cara.<\/span><\/strong><\/p>\n<p style=\"text-align: center;\"><a href=\"http:\/\/josiasdesouza.blogosfera.uol.com.br\/2016\/11\/23\/odebrecht-democratizou-a-distribuicao-da-lama\/\"><strong><span style=\"color: #3366ff;\">Odebrecht democratizou a distribui\u00e7\u00e3o da lama<\/span><\/strong><\/a><\/p>\n<p style=\"text-align: justify;\"><strong><span style=\"color: #3366ff;\">Josias de Souza<br \/>\n<\/span><\/strong><strong><span style=\"color: #3366ff;\">23\/11\/2016\u00a019:16<br \/>\n<\/span><\/strong><strong><span style=\"color: #3366ff;\">Compartilhe<\/span><\/strong><\/p>\n<p style=\"text-align: justify;\"><strong><span style=\"color: #3366ff;\">Uma das principais caracter\u00edsticas da corrup\u00e7\u00e3o se observa nos partidos pol\u00edticos: os corruptos est\u00e3o sempre nos outros partidos. A dela\u00e7\u00e3o coletiva dos executivos da construtora Odebrecht torna dif\u00edcil o exerc\u00edcio de colocar a culpa no outro. A maior construtora do pa\u00eds promove uma in\u00e9dita democratiza\u00e7\u00e3o na partilha da lama. A roubalheira logo estar\u00e1 t\u00e3o disseminada que haver\u00e1 um compartilhamento compuls\u00f3rio do cinismo.<\/span><\/strong><\/p>\n<p style=\"text-align: justify;\"><strong><span style=\"color: #3366ff;\">O fen\u00f4meno j\u00e1 come\u00e7ou a se manifestar no movimento suprapartid\u00e1rio pela aprova\u00e7\u00e3o no Congresso de uma\u00a0<a href=\"http:\/\/www1.folha.uol.com.br\/poder\/2016\/11\/1834942-maia-e-lideres-definem-aprovacao-da-anistia-ao-caixa-dois-nesta-4.shtml\" target=\"_blank\">anistia\u00a0<\/a>para o crime de caixa dois e um pacote de leis oportunistas para inibir o \u00edmpeto de procuradores e magistrados. Os pol\u00edticos vivem uma crise de identidade. Extinguem-se gradativamente as individualidades. A Odebrecht iguala-os por baixo. Ningu\u00e9m se anima a atirar pedras os outros. Todos t\u00eam telhados de vidro. Muitos t\u00eam terno, gravata, camisa de vidro.<\/span><\/strong><\/p>\n<p style=\"text-align: justify;\"><strong><span style=\"color: #3366ff;\">Antes da dela\u00e7\u00e3o da Odebrecht, quando ainda se falava em \u201cestancar a sangria\u201d, a grande d\u00favida dos pol\u00edticos era: at\u00e9 onde vai a Lava Jato? Agora, os pol\u00edticos fazem outra pergunta aos seus bot\u00f5es: quando ir\u00e3o nos deter? O processo ser\u00e1 longo e doloroso. Para alguns, o pesadelo se revelar\u00e1 mais ameno e agrad\u00e1vel do que o despertar.<\/span><\/strong><\/p>\n<p style=\"text-align: justify;\"><strong><span style=\"color: #3366ff;\">Uma vez assinados todos os acordos, a Procuradoria-Geral da Rep\u00fablica remeter\u00e1 os papeis para o ministro Teori Zavacki, relator da Lava Jato no Supremo Tribunal Federal. Se achar que \u00e9 o caso, Teori poder\u00e1 destacar um ou mais ju\u00edzes auxiliares para reinquirir os delatores. O ministro vem adotando essa provid\u00eancia para se certificar de que ningu\u00e9m est\u00e1 suando o dedo sen\u00e3o por livre e espont\u00e2nea vontade. Ele fez isso, por exemplo, com os 11 delatores da Andrade Gutierrez.<\/span><\/strong><\/p>\n<p style=\"text-align: justify;\"><strong><span style=\"color: #3366ff;\">Na sequ\u00eancia, Teori promover\u00e1 uma divis\u00e3o de suspeitos. Os que t\u00eam mandato, ser\u00e3o processados no purgat\u00f3rio do Supremo ou do Superior Tribunal de Justi\u00e7a. Os que n\u00e3o disp\u00f5em do escudo do foro privilegiado descer\u00e3o direto para o inferno da Rep\u00fablica de Curitiba.<\/span><\/strong><\/p>\n<p style=\"text-align: justify;\"><strong><span style=\"color: #3366ff;\">Estima-se que a distribui\u00e7\u00e3o de investigados estar\u00e1 conclu\u00edda at\u00e9 mar\u00e7o de 2017. S\u00f3 ent\u00e3o come\u00e7ar\u00e1 o trabalho pesado da investiga\u00e7\u00e3o. E a infantaria da Pol\u00edcia Federal come\u00e7ar\u00e1 a bater na porta dos delatados da Odebrecht, despertando-os do pesadelo e arrastando-os para a realidade.<\/span><\/strong><\/p>\n<p style=\"text-align: justify;\"><strong><span style=\"color: #3366ff;\">Haver\u00e1 reflexos pol\u00edticos. A sucess\u00e3o de 2018, j\u00e1 bem emba\u00e7ada, tornou-se apenas um ponto de interroga\u00e7\u00e3o assentado no calend\u00e1rio. Reformas como a da Previd\u00eancia, que Michel Temer esperava aprovar com enorme dificuldade, subiram no telhado. Haver\u00e1 tamb\u00e9m consequ\u00eancias econ\u00f4micas. Investidores que olhavam para o Brasil com uma ponta de interesse levar\u00e3o o p\u00e9 atr\u00e1s.<\/span><\/strong><\/p>\n<p style=\"text-align: justify;\"><strong><span style=\"color: #3366ff;\">Nos pr\u00f3ximos meses, n\u00e3o se falar\u00e1 em outra coisa no Brasil. Ser\u00e1 dif\u00edcil mudar de assunto nas rodas de conversa. Vai-se mudar, no m\u00e1ximo, de corrupto. J\u00e1 se pode prever que 2017 n\u00e3o ser\u00e1 um ano feliz nem novo.<\/span><\/strong><\/p>\n<p style=\"text-align: justify;\"><strong><span style=\"color: #3366ff;\">Ricardo Bergamini<\/span><\/strong><br \/>\n<strong><span style=\"color: #3366ff;\">(48) 99636-7322<\/span><\/strong><br \/>\n<strong><span style=\"color: #3366ff;\">(48) 99976-6974<\/span><\/strong><br \/>\n<strong><span style=\"color: #3366ff;\">Membro do Grupo Pensar+ <a href=\"http:\/\/www.pontocritico.com\" target=\"_blank\">www.pontocritico.com<\/a><\/span><\/strong><br \/>\n<a href=\"mailto:ricardobergamini@ricardobergamini.com.br\"><strong><span style=\"color: #3366ff;\">ricardobergamini@ricardobergamini.com.br<\/span><\/strong><\/a><br \/>\n<a href=\"http:\/\/www.ricardobergamini.com.br\/\" target=\"_blank\"><strong><span style=\"color: #3366ff;\">www.ricardobergamini.com.br<\/span><\/strong><\/a><\/p>\n<p style=\"text-align: justify; font-size: 12px;\">Fonte: comunica\u00e7\u00e3o pessoal recebida por Vanderlei Dallagnolo em 24\/11\/2016<\/p>\n","protected":false},"excerpt":{"rendered":"<p>Prezados Senhores Creio que est\u00e1 chegando o momento em que as pessoas ter\u00e3o que escolher a fac\u00e7\u00e3o criminosa que ir\u00e3o apoiar, mas n\u00e3o em sil\u00eancio,&#8230;<\/p>\n","protected":false},"author":18,"featured_media":1091,"comment_status":"open","ping_status":"open","sticky":false,"template":"","format":"standard","meta":[],"categories":[2],"tags":[],"_links":{"self":[{"href":"http:\/\/acaopolitica.com\/index.php\/wp-json\/wp\/v2\/posts\/1087"}],"collection":[{"href":"http:\/\/acaopolitica.com\/index.php\/wp-json\/wp\/v2\/posts"}],"about":[{"href":"http:\/\/acaopolitica.com\/index.php\/wp-json\/wp\/v2\/types\/post"}],"author":[{"embeddable":true,"href":"http:\/\/acaopolitica.com\/index.php\/wp-json\/wp\/v2\/users\/18"}],"replies":[{"embeddable":true,"href":"http:\/\/acaopolitica.com\/index.php\/wp-json\/wp\/v2\/comments?post=1087"}],"version-history":[{"count":6,"href":"http:\/\/acaopolitica.com\/index.php\/wp-json\/wp\/v2\/posts\/1087\/revisions"}],"predecessor-version":[{"id":1094,"href":"http:\/\/acaopolitica.com\/index.php\/wp-json\/wp\/v2\/posts\/1087\/revisions\/1094"}],"wp:featuredmedia":[{"embeddable":true,"href":"http:\/\/acaopolitica.com\/index.php\/wp-json\/wp\/v2\/media\/1091"}],"wp:attachment":[{"href":"http:\/\/acaopolitica.com\/index.php\/wp-json\/wp\/v2\/media?parent=1087"}],"wp:term":[{"taxonomy":"category","embeddable":true,"href":"http:\/\/acaopolitica.com\/index.php\/wp-json\/wp\/v2\/categories?post=1087"},{"taxonomy":"post_tag","embeddable":true,"href":"http:\/\/acaopolitica.com\/index.php\/wp-json\/wp\/v2\/tags?post=1087"}],"curies":[{"name":"wp","href":"https:\/\/api.w.org\/{rel}","templated":true}]}}