{"id":1101,"date":"2016-12-03T00:28:39","date_gmt":"2016-12-03T00:28:39","guid":{"rendered":"http:\/\/acaopolitica.com\/?p=1101"},"modified":"2016-12-03T00:53:39","modified_gmt":"2016-12-03T00:53:39","slug":"divulgacao-da-manifestacao-em-apoio-a-lava-jato-de-04122016","status":"publish","type":"post","link":"http:\/\/acaopolitica.com\/index.php\/2016\/12\/03\/divulgacao-da-manifestacao-em-apoio-a-lava-jato-de-04122016\/","title":{"rendered":"Divulga\u00e7\u00e3o da manifesta\u00e7\u00e3o em apoio a Lava-Jato de 04\/12\/2016"},"content":{"rendered":"<p style=\"text-align: justify;\">Hoje, 02\/12\/2016, v\u00e1rios integrantes do IVL participaram da divulga\u00e7\u00e3o da manifesta\u00e7\u00e3o em apoio a Lava-Jato, a ser realizada em 04\/12\/2016 em v\u00e1rias localidades do pa\u00eds.<\/p>\n<p style=\"text-align: justify;\">Pelo IVL estiveram presentes <a href=\"https:\/\/www.facebook.com\/alcione.kleine?fref=ts\" target=\"_blank\">Alcione Kleine<\/a>, <a href=\"https:\/\/www.facebook.com\/arq.michelle?fref=ts\" target=\"_blank\">Michelle Schwanke<\/a> e <a href=\"https:\/\/www.facebook.com\/joao.neves.96558061?fref=ts\" target=\"_blank\">Jo\u00e3o Neves<\/a>, acompanhando a equipe do Vem Pra Rua Blumenau (organizador do ato) e outros colaboradores.<\/p>\n<p style=\"text-align: justify;\">A a\u00e7\u00e3o de panfletagem com faixas ocorreu no cruzamento em frente ao Supermercado Giassi na Rua Ant\u00f4nio da Veiga, em Blumenau-SC do final da tarde at\u00e9 as primeiras horas da noite.<\/p>\n<p style=\"text-align: justify;\">Relatou Michelle Schwanke: <em>&#8220;As pessoas foram bem receptivas em comparecer [&#8230;].<\/em><br \/>\n<em>Tanto os estudantes na rua quanto nos carros \u00f4nibus e no ponto de t\u00e1xi pediram para deixar mais panfletos para tamb\u00e9m entregarem aos seus passageiros.&#8221;<\/em><\/p>\n<p style=\"text-align: justify;\">Link do evento em Blumenau\/SC:<br \/>\n<a href=\"https:\/\/www.facebook.com\/events\/1876332792601549\/\" target=\"_blank\">https:\/\/www.facebook.com\/events\/1876332792601549\/<\/a><\/p>\n<p style=\"text-align: justify;\">Abaixo alguns registros da a\u00e7\u00e3o:<\/p>\n<p style=\"text-align: justify;\"><a href=\"http:\/\/acaopolitica.com\/wp-content\/uploads\/2016\/12\/divulga_0412_a.jpeg\"><img loading=\"lazy\" class=\"alignnone size-full wp-image-1102\" src=\"http:\/\/acaopolitica.com\/wp-content\/uploads\/2016\/12\/divulga_0412_a.jpeg\" alt=\"divulga_0412_a\" width=\"1040\" height=\"585\" srcset=\"http:\/\/acaopolitica.com\/wp-content\/uploads\/2016\/12\/divulga_0412_a.jpeg 1040w, http:\/\/acaopolitica.com\/wp-content\/uploads\/2016\/12\/divulga_0412_a-300x169.jpeg 300w, http:\/\/acaopolitica.com\/wp-content\/uploads\/2016\/12\/divulga_0412_a-768x432.jpeg 768w, http:\/\/acaopolitica.com\/wp-content\/uploads\/2016\/12\/divulga_0412_a-1030x579.jpeg 1030w\" sizes=\"(max-width: 1040px) 100vw, 1040px\" \/><\/a> <a href=\"http:\/\/acaopolitica.com\/wp-content\/uploads\/2016\/12\/divulga_0412_b.jpeg\"><img loading=\"lazy\" class=\"alignnone size-full wp-image-1103\" src=\"http:\/\/acaopolitica.com\/wp-content\/uploads\/2016\/12\/divulga_0412_b.jpeg\" alt=\"divulga_0412_b\" width=\"1040\" height=\"585\" srcset=\"http:\/\/acaopolitica.com\/wp-content\/uploads\/2016\/12\/divulga_0412_b.jpeg 1040w, http:\/\/acaopolitica.com\/wp-content\/uploads\/2016\/12\/divulga_0412_b-300x169.jpeg 300w, http:\/\/acaopolitica.com\/wp-content\/uploads\/2016\/12\/divulga_0412_b-768x432.jpeg 768w, http:\/\/acaopolitica.com\/wp-content\/uploads\/2016\/12\/divulga_0412_b-1030x579.jpeg 1030w\" sizes=\"(max-width: 1040px) 100vw, 1040px\" \/><\/a> <a href=\"http:\/\/acaopolitica.com\/wp-content\/uploads\/2016\/12\/divulga_0412_c.jpeg\"><img loading=\"lazy\" class=\"alignnone size-full wp-image-1104\" src=\"http:\/\/acaopolitica.com\/wp-content\/uploads\/2016\/12\/divulga_0412_c.jpeg\" alt=\"divulga_0412_c\" width=\"585\" height=\"1040\" srcset=\"http:\/\/acaopolitica.com\/wp-content\/uploads\/2016\/12\/divulga_0412_c.jpeg 585w, http:\/\/acaopolitica.com\/wp-content\/uploads\/2016\/12\/divulga_0412_c-169x300.jpeg 169w, http:\/\/acaopolitica.com\/wp-content\/uploads\/2016\/12\/divulga_0412_c-579x1030.jpeg 579w\" sizes=\"(max-width: 585px) 100vw, 585px\" \/><\/a> <a href=\"http:\/\/acaopolitica.com\/wp-content\/uploads\/2016\/12\/divulga_0412_4.jpeg\"><img loading=\"lazy\" class=\"alignnone size-full wp-image-1105\" src=\"http:\/\/acaopolitica.com\/wp-content\/uploads\/2016\/12\/divulga_0412_4.jpeg\" alt=\"divulga_0412_4\" width=\"585\" height=\"1040\" srcset=\"http:\/\/acaopolitica.com\/wp-content\/uploads\/2016\/12\/divulga_0412_4.jpeg 585w, http:\/\/acaopolitica.com\/wp-content\/uploads\/2016\/12\/divulga_0412_4-169x300.jpeg 169w, http:\/\/acaopolitica.com\/wp-content\/uploads\/2016\/12\/divulga_0412_4-579x1030.jpeg 579w\" sizes=\"(max-width: 585px) 100vw, 585px\" \/><\/a><\/p>\n<p style=\"text-align: justify;\"><a href=\"http:\/\/acaopolitica.com\/wp-content\/uploads\/2016\/12\/WhatsApp-Image-2016-12-02-at-22.44.25.jpeg\"><img loading=\"lazy\" class=\"alignnone size-full wp-image-1107\" src=\"http:\/\/acaopolitica.com\/wp-content\/uploads\/2016\/12\/WhatsApp-Image-2016-12-02-at-22.44.25.jpeg\" alt=\"whatsapp-image-2016-12-02-at-22-44-25\" width=\"640\" height=\"1136\" srcset=\"http:\/\/acaopolitica.com\/wp-content\/uploads\/2016\/12\/WhatsApp-Image-2016-12-02-at-22.44.25.jpeg 640w, http:\/\/acaopolitica.com\/wp-content\/uploads\/2016\/12\/WhatsApp-Image-2016-12-02-at-22.44.25-169x300.jpeg 169w, http:\/\/acaopolitica.com\/wp-content\/uploads\/2016\/12\/WhatsApp-Image-2016-12-02-at-22.44.25-580x1030.jpeg 580w\" sizes=\"(max-width: 640px) 100vw, 640px\" \/><\/a><\/p>\n<p style=\"text-align: justify;\">\n","protected":false},"excerpt":{"rendered":"<p>Hoje, 02\/12\/2016, v\u00e1rios integrantes do IVL participaram da divulga\u00e7\u00e3o da manifesta\u00e7\u00e3o em apoio a Lava-Jato, a ser realizada em 04\/12\/2016 em v\u00e1rias localidades do pa\u00eds&#8230;.<\/p>\n","protected":false},"author":1,"featured_media":1105,"comment_status":"open","ping_status":"open","sticky":false,"template":"","format":"standard","meta":[],"categories":[11],"tags":[],"_links":{"self":[{"href":"http:\/\/acaopolitica.com\/index.php\/wp-json\/wp\/v2\/posts\/1101"}],"collection":[{"href":"http:\/\/acaopolitica.com\/index.php\/wp-json\/wp\/v2\/posts"}],"about":[{"href":"http:\/\/acaopolitica.com\/index.php\/wp-json\/wp\/v2\/types\/post"}],"author":[{"embeddable":true,"href":"http:\/\/acaopolitica.com\/index.php\/wp-json\/wp\/v2\/users\/1"}],"replies":[{"embeddable":true,"href":"http:\/\/acaopolitica.com\/index.php\/wp-json\/wp\/v2\/comments?post=1101"}],"version-history":[{"count":2,"href":"http:\/\/acaopolitica.com\/index.php\/wp-json\/wp\/v2\/posts\/1101\/revisions"}],"predecessor-version":[{"id":1108,"href":"http:\/\/acaopolitica.com\/index.php\/wp-json\/wp\/v2\/posts\/1101\/revisions\/1108"}],"wp:featuredmedia":[{"embeddable":true,"href":"http:\/\/acaopolitica.com\/index.php\/wp-json\/wp\/v2\/media\/1105"}],"wp:attachment":[{"href":"http:\/\/acaopolitica.com\/index.php\/wp-json\/wp\/v2\/media?parent=1101"}],"wp:term":[{"taxonomy":"category","embeddable":true,"href":"http:\/\/acaopolitica.com\/index.php\/wp-json\/wp\/v2\/categories?post=1101"},{"taxonomy":"post_tag","embeddable":true,"href":"http:\/\/acaopolitica.com\/index.php\/wp-json\/wp\/v2\/tags?post=1101"}],"curies":[{"name":"wp","href":"https:\/\/api.w.org\/{rel}","templated":true}]}}