{"id":1138,"date":"2017-03-08T08:30:48","date_gmt":"2017-03-08T08:30:48","guid":{"rendered":"http:\/\/acaopolitica.com\/?p=1138"},"modified":"2017-03-08T21:48:31","modified_gmt":"2017-03-08T21:48:31","slug":"serie-historica-do-crescimento-do-pib-corrente-03","status":"publish","type":"post","link":"http:\/\/acaopolitica.com\/index.php\/2017\/03\/08\/serie-historica-do-crescimento-do-pib-corrente-03\/","title":{"rendered":"S\u00e9rie Hist\u00f3rica do crescimento do PIB Corrente &#8211; 03"},"content":{"rendered":"<p style=\"text-align: center;\"><span style=\"color: #0000ff;\">Taxa M\u00e9dia\/Ano de Crescimento Econ\u00f4mico Real Relativo<\/span><br \/>\n<span style=\"color: #0000ff;\">ao Per\u00edodo de 1964 a 2016 em Percentuais do PIB &#8211; Fonte de Consulta IBGE.<\/span><\/p>\n<table>\n<tbody>\n<tr>\n<td>Per\u00edodos<\/td>\n<td>1964\/84<\/td>\n<td>1985\/89<\/td>\n<td>1990\/94<\/td>\n<td>1995\/02<\/td>\n<td>2003\/10<\/td>\n<td>2011\/2016<\/td>\n<\/tr>\n<tr>\n<td>M\u00e9dia\/Ano<\/td>\n<td>6,29<\/td>\n<td>4,38<\/td>\n<td>1,40<\/td>\n<td>2,37<\/td>\n<td>4,09<\/td>\n<td>0,33<\/td>\n<\/tr>\n<\/tbody>\n<\/table>\n<p><span style=\"color: #0000ff;\">1 \u2013 Nos 21 anos dos governos militares, o Brasil teve um crescimento econ\u00f4mico real m\u00e9dio de 6,29% ao ano.<\/span><\/p>\n<p><span style=\"color: #0000ff;\">2 \u2013 Nos 5 anos do governo Sarney, com morat\u00f3ria internacional e hiperinfla\u00e7\u00e3o, o Brasil teve um crescimento econ\u00f4mico real m\u00e9dio de 4,38% ao ano.<\/span><\/p>\n<p><span style=\"color: #0000ff;\">3 \u2013 Nos 5 anos dos governos Collor\/Itamar, o Brasil teve um crescimento econ\u00f4mico real m\u00e9dio de 1,40% ao ano.<\/span><\/p>\n<p><span style=\"color: #0000ff;\">4 \u2013 Nos 8 anos do governo FHC, o Brasil teve um crescimento econ\u00f4mico real m\u00e9dio de 2,37% ao ano.<\/span><\/p>\n<p><span style=\"color: #0000ff;\">5 \u2013 Nos 8 anos do governo Lula, o Brasil teve um crescimento econ\u00f4mico real m\u00e9dio de 4,09% ao ano.<\/span><\/p>\n<p><span style=\"color: #0000ff;\">6 \u2013 Nos 6 anos dos governos Dilma\/Temer (2011\/2016) o Brasil teve um crescimento econ\u00f4mico real m\u00e9dio de 0,33% ao ano.<\/span><\/p>\n<p style=\"text-align: center;\"><span style=\"color: #ff0000;\">Arquivos oficiais do governo est\u00e3o dispon\u00edveis aos leitores.<\/span><\/p>\n<p><span style=\"color: #0000ff;\">Ricardo Bergamini<\/span><br \/>\n<span style=\"color: #0000ff;\">(48) 99636-7322<\/span><br \/>\n<span style=\"color: #0000ff;\">(48) 99976-6974<\/span><br \/>\n<span style=\"color: #0000ff;\">Membro do Grupo Pensar+ <u><a style=\"color: #0000ff;\" href=\"http:\/\/www.pontocritico.com\" target=\"_blank\" data-saferedirecturl=\"https:\/\/www.google.com\/url?hl=en&amp;q=http:\/\/www.pontocritico.com&amp;source=gmail&amp;ust=1489022141894000&amp;usg=AFQjCNEEoLVq_k02QLGZlIGwmuq4_qCxFA\">www.pontocritico.com<br \/>\n<\/a><\/u><a style=\"color: #0000ff;\" href=\"mailto:ricardobergamini@ricardobergamini.com.br\" target=\"_blank\">ricardobergamini@ricardobergamini.com.br<br \/>\n<\/a><a style=\"color: #0000ff;\" href=\"http:\/\/www.ricardobergamini.com.br\/\" target=\"_blank\" data-saferedirecturl=\"https:\/\/www.google.com\/url?hl=en&amp;q=http:\/\/www.ricardobergamini.com.br\/&amp;source=gmail&amp;ust=1489022141895000&amp;usg=AFQjCNFiChtUlyA-pLwfmJ68DOvxxo73Pg\">www.ricardobergamini.com.br<\/a><\/span><\/p>\n<p>&nbsp;<\/p>\n","protected":false},"excerpt":{"rendered":"<p>Taxa M\u00e9dia\/Ano de Crescimento Econ\u00f4mico Real Relativo ao Per\u00edodo de 1964 a 2016 em Percentuais do PIB &#8211; Fonte de Consulta IBGE. Per\u00edodos 1964\/84 1985\/89&#8230;<\/p>\n","protected":false},"author":18,"featured_media":1140,"comment_status":"open","ping_status":"open","sticky":false,"template":"","format":"standard","meta":[],"categories":[10],"tags":[],"_links":{"self":[{"href":"http:\/\/acaopolitica.com\/index.php\/wp-json\/wp\/v2\/posts\/1138"}],"collection":[{"href":"http:\/\/acaopolitica.com\/index.php\/wp-json\/wp\/v2\/posts"}],"about":[{"href":"http:\/\/acaopolitica.com\/index.php\/wp-json\/wp\/v2\/types\/post"}],"author":[{"embeddable":true,"href":"http:\/\/acaopolitica.com\/index.php\/wp-json\/wp\/v2\/users\/18"}],"replies":[{"embeddable":true,"href":"http:\/\/acaopolitica.com\/index.php\/wp-json\/wp\/v2\/comments?post=1138"}],"version-history":[{"count":2,"href":"http:\/\/acaopolitica.com\/index.php\/wp-json\/wp\/v2\/posts\/1138\/revisions"}],"predecessor-version":[{"id":1141,"href":"http:\/\/acaopolitica.com\/index.php\/wp-json\/wp\/v2\/posts\/1138\/revisions\/1141"}],"wp:featuredmedia":[{"embeddable":true,"href":"http:\/\/acaopolitica.com\/index.php\/wp-json\/wp\/v2\/media\/1140"}],"wp:attachment":[{"href":"http:\/\/acaopolitica.com\/index.php\/wp-json\/wp\/v2\/media?parent=1138"}],"wp:term":[{"taxonomy":"category","embeddable":true,"href":"http:\/\/acaopolitica.com\/index.php\/wp-json\/wp\/v2\/categories?post=1138"},{"taxonomy":"post_tag","embeddable":true,"href":"http:\/\/acaopolitica.com\/index.php\/wp-json\/wp\/v2\/tags?post=1138"}],"curies":[{"name":"wp","href":"https:\/\/api.w.org\/{rel}","templated":true}]}}