{"id":1142,"date":"2017-03-08T21:45:43","date_gmt":"2017-03-08T21:45:43","guid":{"rendered":"http:\/\/acaopolitica.com\/?p=1142"},"modified":"2017-03-08T21:48:38","modified_gmt":"2017-03-08T21:48:38","slug":"pib-per-capita2016-03","status":"publish","type":"post","link":"http:\/\/acaopolitica.com\/index.php\/2017\/03\/08\/pib-per-capita2016-03\/","title":{"rendered":"PIB PER CAPITA2016 &#8211; 03"},"content":{"rendered":"<p style=\"text-align: center;\"><strong><span style=\"color: #0000ff;\">Taxa M\u00e9dia\/Ano de Crescimento Econ\u00f4mico Real Per Capita Relativo<\/span><\/strong><\/p>\n<p style=\"text-align: center;\"><span style=\"color: #0000ff;\">Per\u00edodo de 1964 a 2016 em Percentuais do PIB &#8211; Fonte de Consulta IBGE.<\/span><\/p>\n<table>\n<tbody>\n<tr>\n<td><span style=\"color: #0000ff;\">Per\u00edodos<\/span><\/td>\n<td><span style=\"color: #0000ff;\">1964\/84<\/span><\/td>\n<td><span style=\"color: #0000ff;\">1985\/89<\/span><\/td>\n<td><span style=\"color: #0000ff;\">1990\/94<\/span><\/td>\n<td><span style=\"color: #0000ff;\">1995\/02<\/span><\/td>\n<td><span style=\"color: #0000ff;\">2003\/10<\/span><\/td>\n<td><span style=\"color: #0000ff;\">2011\/2016<\/span><\/td>\n<\/tr>\n<tr>\n<td><span style=\"color: #0000ff;\">M\u00e9dia\/Ano<\/span><\/td>\n<td><span style=\"color: #0000ff;\">3,64<\/span><\/td>\n<td><span style=\"color: #0000ff;\">2,44<\/span><\/td>\n<td><span style=\"color: #0000ff;\">(0,18)<\/span><\/td>\n<td><span style=\"color: #0000ff;\">0,87<\/span><\/td>\n<td><span style=\"color: #0000ff;\">2,90<\/span><\/td>\n<td><span style=\"color: #0000ff;\">(0,55)<\/span><\/td>\n<\/tr>\n<\/tbody>\n<\/table>\n<p><span style=\"color: #0000ff;\">\u00a01 \u2013 Nos 21 anos dos governos militares, o Brasil teve um crescimento econ\u00f4mico real per capita m\u00e9dio de 3,64% ao ano.<\/span><\/p>\n<p><span style=\"color: #0000ff;\">\u00a02 \u2013 Nos 5 anos do governo Sarney, com morat\u00f3ria internacional e hiperinfla\u00e7\u00e3o, o Brasil teve um crescimento econ\u00f4mico real per capita m\u00e9dio de 2,44% ao ano.<\/span><\/p>\n<p><span style=\"color: #0000ff;\">3 \u2013 Nos 5 anos dos governos Collor\/Itamar, o Brasil teve um crescimento econ\u00f4mico real per capita m\u00e9dio negativo de (0,18%) ao ano.<\/span><\/p>\n<p><span style=\"color: #0000ff;\">4 \u2013 Nos 8 anos do governo FHC, o Brasil teve um crescimento econ\u00f4mico real per capita m\u00e9dio de 0,87% ao ano.<\/span><\/p>\n<p><span style=\"color: #0000ff;\">5 \u2013 Nos 8 anos do governo Lula, o Brasil teve um crescimento econ\u00f4mico real per capita m\u00e9dio de 2,90% ao ano.<\/span><\/p>\n<p><span style=\"color: #0000ff;\">\u00a06 \u2013 Nos 6 anos dos governos Dilma\/Temer (2011\/2016) o Brasil teve um crescimento econ\u00f4mico real per capita m\u00e9dio negativo de (0,55) % ao ano. <\/span><\/p>\n<p style=\"text-align: center;\"><span style=\"color: #ff0000;\">\u00a0Arquivos oficiais do governo est\u00e3o dispon\u00edveis aos leitores.<\/span><\/p>\n<p><span style=\"color: #0000ff;\">\u00a0Ricardo Bergamini<br \/>\n(48) 99636-7322<br \/>\n(48) 99976-6974<br \/>\nMembro do Grupo Pensar+ <u><a style=\"color: #0000ff;\" href=\"http:\/\/www.pontocritico.com\" target=\"_blank\" data-saferedirecturl=\"https:\/\/www.google.com\/url?hl=en&amp;q=http:\/\/www.pontocritico.com&amp;source=gmail&amp;ust=1489093593085000&amp;usg=AFQjCNFPfdqoOQpJ0xa0NAvPGKcgeZDlOg\">www.pontocritico.com<br \/>\n<\/a><\/u><\/span><span style=\"color: #0000ff;\"><a style=\"color: #0000ff;\" href=\"mailto:ricardobergamini@ricardobergamini.com.br\" target=\"_blank\">ricardobergamini@ricardobergamini.com.br<br \/>\n<\/a><\/span><span style=\"color: #0000ff;\"><a style=\"color: #0000ff;\" href=\"http:\/\/www.ricardobergamini.com.br\/\" target=\"_blank\" data-saferedirecturl=\"https:\/\/www.google.com\/url?hl=en&amp;q=http:\/\/www.ricardobergamini.com.br\/&amp;source=gmail&amp;ust=1489093593085000&amp;usg=AFQjCNE5Am1155mF_LKHIRHs0BuhHjcumg\">www.ricardobergamini.com.br<\/a><\/span><\/p>\n","protected":false},"excerpt":{"rendered":"<p>Taxa M\u00e9dia\/Ano de Crescimento Econ\u00f4mico Real Per Capita Relativo Per\u00edodo de 1964 a 2016 em Percentuais do PIB &#8211; Fonte de Consulta IBGE. Per\u00edodos 1964\/84&#8230;<\/p>\n","protected":false},"author":18,"featured_media":1140,"comment_status":"open","ping_status":"open","sticky":false,"template":"","format":"standard","meta":[],"categories":[10],"tags":[],"_links":{"self":[{"href":"http:\/\/acaopolitica.com\/index.php\/wp-json\/wp\/v2\/posts\/1142"}],"collection":[{"href":"http:\/\/acaopolitica.com\/index.php\/wp-json\/wp\/v2\/posts"}],"about":[{"href":"http:\/\/acaopolitica.com\/index.php\/wp-json\/wp\/v2\/types\/post"}],"author":[{"embeddable":true,"href":"http:\/\/acaopolitica.com\/index.php\/wp-json\/wp\/v2\/users\/18"}],"replies":[{"embeddable":true,"href":"http:\/\/acaopolitica.com\/index.php\/wp-json\/wp\/v2\/comments?post=1142"}],"version-history":[{"count":1,"href":"http:\/\/acaopolitica.com\/index.php\/wp-json\/wp\/v2\/posts\/1142\/revisions"}],"predecessor-version":[{"id":1143,"href":"http:\/\/acaopolitica.com\/index.php\/wp-json\/wp\/v2\/posts\/1142\/revisions\/1143"}],"wp:featuredmedia":[{"embeddable":true,"href":"http:\/\/acaopolitica.com\/index.php\/wp-json\/wp\/v2\/media\/1140"}],"wp:attachment":[{"href":"http:\/\/acaopolitica.com\/index.php\/wp-json\/wp\/v2\/media?parent=1142"}],"wp:term":[{"taxonomy":"category","embeddable":true,"href":"http:\/\/acaopolitica.com\/index.php\/wp-json\/wp\/v2\/categories?post=1142"},{"taxonomy":"post_tag","embeddable":true,"href":"http:\/\/acaopolitica.com\/index.php\/wp-json\/wp\/v2\/tags?post=1142"}],"curies":[{"name":"wp","href":"https:\/\/api.w.org\/{rel}","templated":true}]}}