{"id":1158,"date":"2017-03-14T11:24:10","date_gmt":"2017-03-14T11:24:10","guid":{"rendered":"http:\/\/acaopolitica.com\/?p=1158"},"modified":"2017-03-14T11:28:15","modified_gmt":"2017-03-14T11:28:15","slug":"divida-consolidada-liquida-dos-estados-e-municipios-com-a-uniao-03","status":"publish","type":"post","link":"http:\/\/acaopolitica.com\/index.php\/2017\/03\/14\/divida-consolidada-liquida-dos-estados-e-municipios-com-a-uniao-03\/","title":{"rendered":"D\u00edvida Consolidada L\u00edquida dos Estados e Munic\u00edpios Com a Uni\u00e3o &#8211; 03"},"content":{"rendered":"<p><span style=\"color: #ff0000;\">Prezados Senhores<\/span><\/p>\n<p><span style=\"color: #ff0000;\">Como um pa\u00eds poderia pensar em desenvolvimento econ\u00f4mico sustent\u00e1vel tendo que conviver com uma aberra\u00e7\u00e3o econ\u00f4mica dessa magnitude, onde o esfor\u00e7o da na\u00e7\u00e3o se destina a subsidiar os cinco estados mais ricos e poderosos da federa\u00e7\u00e3o, que mesmo assim n\u00e3o conseguem pagar as suas d\u00edvidas com a na\u00e7\u00e3o. Por isso, e somente por isso, o Brasil sempre foi administrado com a vis\u00e3o de tesouraria, jamais na vis\u00e3o de planejamento e futuro. Assim sendo o Brasil jamais ter\u00e1 futuro, ser\u00e1 sempre, em sentido figurado: \u201cum cachorro correndo atr\u00e1s o seu pr\u00f3prio rabo\u201d.<\/span><\/p>\n<p><span style=\"color: #ff0000;\">Da minha parte cumpri com o meu dever e combati o bom combate, agora joguem o estudo no lixo e vamos continuar batendo palmas para b\u00eabados dan\u00e7arem.<\/span><\/p>\n<p><span style=\"color: #ff0000;\">N\u00e3o \u00e9 por acaso que um primata como o Lula se transformou em um estadista.<\/span><\/p>\n<p style=\"text-align: center;\"><span style=\"color: #0000ff;\">Programas de Ajuste Fiscal<\/span><\/p>\n<p style=\"text-align: center;\"><span style=\"color: #0000ff;\">D\u00edvida Consolidada L\u00edquida dos Estados e Munic\u00edpios Com a Uni\u00e3o &#8211; Fonte MF<\/span><\/p>\n<p style=\"text-align: center;\"><span style=\"color: #ff0000;\">Base: Ano de 2016<\/span><\/p>\n<table>\n<tbody>\n<tr>\n<td><span style=\"color: #0000ff;\"><strong><em>Estados<\/em><\/strong><\/span><\/td>\n<td><span style=\"color: #0000ff;\"><strong><em>R$ Bilh\u00f5es<\/em><\/strong><\/span><\/td>\n<td><span style=\"color: #0000ff;\"><strong><em>%<\/em><\/strong><\/span><\/td>\n<\/tr>\n<tr>\n<td><span style=\"color: #0000ff;\"><strong><em>S\u00e3o Paulo<\/em><\/strong><\/span><\/td>\n<td><span style=\"color: #0000ff;\"><strong><em>223,6<\/em><\/strong><\/span><\/td>\n<td><span style=\"color: #0000ff;\"><strong><em>40,20<\/em><\/strong><\/span><\/td>\n<\/tr>\n<tr>\n<td><span style=\"color: #0000ff;\"><strong><em>Minas Gerais<\/em><\/strong><\/span><\/td>\n<td><span style=\"color: #0000ff;\"><strong><em>78,8<\/em><\/strong><\/span><\/td>\n<td><span style=\"color: #0000ff;\"><strong><em>14,17<\/em><\/strong><\/span><\/td>\n<\/tr>\n<tr>\n<td><span style=\"color: #0000ff;\"><strong><em>Rio de Janeiro<\/em><\/strong><\/span><\/td>\n<td><span style=\"color: #0000ff;\"><strong><em>58,5<\/em><\/strong><\/span><\/td>\n<td><span style=\"color: #0000ff;\"><strong><em>10,52<\/em><\/strong><\/span><\/td>\n<\/tr>\n<tr>\n<td><span style=\"color: #0000ff;\"><strong><em>Rio Grande do Sul<\/em><\/strong><\/span><\/td>\n<td><span style=\"color: #0000ff;\"><strong><em>53,9<\/em><\/strong><\/span><\/td>\n<td><span style=\"color: #0000ff;\"><strong><em>9,69<\/em><\/strong><\/span><\/td>\n<\/tr>\n<tr>\n<td><span style=\"color: #0000ff;\"><strong><em>Paran\u00e1<\/em><\/strong><\/span><\/td>\n<td><span style=\"color: #0000ff;\"><strong><em>10,4<\/em><\/strong><\/span><\/td>\n<td><span style=\"color: #0000ff;\"><strong><em>1,87<\/em><\/strong><\/span><\/td>\n<\/tr>\n<tr>\n<td><span style=\"color: #0000ff;\"><strong><em>Outros 22 estados<\/em><\/strong><\/span><\/td>\n<td><span style=\"color: #0000ff;\"><strong><em>98,7<\/em><\/strong><\/span><\/td>\n<td><span style=\"color: #0000ff;\"><strong><em>17,74<\/em><\/strong><\/span><\/td>\n<\/tr>\n<tr>\n<td><em><strong><span style=\"color: #ff0000;\">Total<\/span><\/strong><\/em><\/td>\n<td><em><strong><span style=\"color: #ff0000;\">523,9<\/span><\/strong><\/em><\/td>\n<td><em><strong><span style=\"color: #ff0000;\">94,19<\/span><\/strong><\/em><\/td>\n<\/tr>\n<tr>\n<td><span style=\"color: #0000ff;\"><strong><em>Munic\u00edpios<\/em><\/strong><\/span><\/td>\n<td><span style=\"color: #0000ff;\"><strong><em>32,3<\/em><\/strong><\/span><\/td>\n<td><span style=\"color: #0000ff;\"><strong><em>5,81<\/em><\/strong><\/span><\/td>\n<\/tr>\n<tr>\n<td><em><strong><span style=\"color: #ff0000;\">Total<\/span><\/strong><\/em><\/td>\n<td><em><strong><span style=\"color: #ff0000;\">556,2<\/span><\/strong><\/em><\/td>\n<td><em><strong><span style=\"color: #ff0000;\">100,00<\/span><\/strong><\/em><\/td>\n<\/tr>\n<\/tbody>\n<\/table>\n<p><span style=\"color: #0000ff;\">Considera\u00e7\u00f5es:<\/span><\/p>\n<p><span style=\"color: #0000ff;\">1) Somente o estado de S\u00e3o Paulo concentra 40,20% do total das d\u00edvidas dos Estados e Munic\u00edpios com a Uni\u00e3o.<\/span><\/p>\n<p><span style=\"color: #0000ff;\">2) Apenas 5 estados (S\u00e3o Paulo, Minas Gerais, Rio de Janeiro e Rio Grande do Sul e Paran\u00e1) concentra 76,45% das d\u00edvidas dos Estados e Munic\u00edpios com a Uni\u00e3o.<\/span><\/p>\n<p><span style=\"color: #0000ff;\">3) Em 31 de dezembro de 2016 a d\u00edvida total dos Estados e Munic\u00edpios com a Uni\u00e3o montavam em R$ 556,2 bilh\u00f5es. <\/span><\/p>\n<p><span style=\"color: #0000ff;\">4 &#8211; Os cinco estados constante no quadro demonstrativo acima (S\u00e3o Paulo, Rio de Janeiro, Minas Gerais, Rio Grande do Sul e Paran\u00e1) respons\u00e1veis por 76,45% da divida dos estados e munic\u00edpios com Uni\u00e3o, pagando juros subsidiados em torno de 10,00% ao ano s\u00e3o respons\u00e1veis por 64,9% do PIB do pa\u00eds. Uma aberra\u00e7\u00e3o hist\u00f3rica do Brasil, jamais abordado nos meios acad\u00eamicos, nos planos de governos, nem na imprensa e internet. Uma imoralidade. <\/span><\/p>\n<p><span style=\"color: #0000ff;\">Conclus\u00e3o: <\/span><\/p>\n<p><span style=\"color: #0000ff;\">O retrato da trag\u00e9dia brasileira \u00e9 o da concentra\u00e7\u00e3o de renda entre os estados, munic\u00edpios e os cidad\u00e3os. E como n\u00e3o h\u00e1 interesse da sociedade brasileira por n\u00fameros, gr\u00e1ficos e tabelas, nada mudar\u00e1. N\u00e3o chega nem a ser debatido. Tudo se encerra nessa babaca que vos escreve.<\/span><\/p>\n<p><span style=\"color: #0000ff;\">Mesmo com a mamata acima colocada a d\u00edvida dos estados j\u00e1 foi renegociada tr\u00eas vezes. \u00a0A \u00faltima no governo atual alongando o prazo por mais vinte anos com tr\u00eas anos de car\u00eancia para pagamento de juros integrais (ser\u00e1 pago proporcional num percentual fixado).<\/span><\/p>\n<p style=\"text-align: center;\"><span style=\"color: #ff0000;\">Arquivos oficiais do governo est\u00e3o dispon\u00edveis aos leitores.<\/span><\/p>\n<p><span style=\"color: #0000ff;\">Ricardo Bergamini<br \/>\n(48) 99636-7322<br \/>\n(48) 99976-6974<br \/>\nMembro do Grupo Pensar+ <u><a style=\"color: #0000ff;\" href=\"http:\/\/www.pontocritico.com\" target=\"_blank\" data-saferedirecturl=\"https:\/\/www.google.com\/url?hl=en&amp;q=http:\/\/www.pontocritico.com&amp;source=gmail&amp;ust=1489575900622000&amp;usg=AFQjCNGqnG9G1ly684Qqt0_CXSmrVz7KNw\">www.pontocritico.com<br \/>\n<\/a><\/u><a style=\"color: #0000ff;\" href=\"mailto:ricardobergamini@ricardobergamini.com.br\" target=\"_blank\">ricardobergamini@ricardobergamini.com.br<\/a><a style=\"color: #0000ff;\" href=\"mailto:ricardobergamini@ricardobergamini.com.br\"><br \/>\n<\/a><a style=\"color: #0000ff;\" href=\"http:\/\/www.ricardobergamini.com.br\/\" target=\"_blank\" data-saferedirecturl=\"https:\/\/www.google.com\/url?hl=en&amp;q=http:\/\/www.ricardobergamini.com.br\/&amp;source=gmail&amp;ust=1489575900622000&amp;usg=AFQjCNFlE5XN1nX5s9iTyKp7zL-1OSuEXA\">www.ricardobergamini.com.br<\/a><\/span><\/p>\n","protected":false},"excerpt":{"rendered":"<p>Prezados Senhores Como um pa\u00eds poderia pensar em desenvolvimento econ\u00f4mico sustent\u00e1vel tendo que conviver com uma aberra\u00e7\u00e3o econ\u00f4mica dessa magnitude, onde o esfor\u00e7o da na\u00e7\u00e3o&#8230;<\/p>\n","protected":false},"author":18,"featured_media":1140,"comment_status":"open","ping_status":"open","sticky":false,"template":"","format":"standard","meta":[],"categories":[10],"tags":[],"_links":{"self":[{"href":"http:\/\/acaopolitica.com\/index.php\/wp-json\/wp\/v2\/posts\/1158"}],"collection":[{"href":"http:\/\/acaopolitica.com\/index.php\/wp-json\/wp\/v2\/posts"}],"about":[{"href":"http:\/\/acaopolitica.com\/index.php\/wp-json\/wp\/v2\/types\/post"}],"author":[{"embeddable":true,"href":"http:\/\/acaopolitica.com\/index.php\/wp-json\/wp\/v2\/users\/18"}],"replies":[{"embeddable":true,"href":"http:\/\/acaopolitica.com\/index.php\/wp-json\/wp\/v2\/comments?post=1158"}],"version-history":[{"count":1,"href":"http:\/\/acaopolitica.com\/index.php\/wp-json\/wp\/v2\/posts\/1158\/revisions"}],"predecessor-version":[{"id":1159,"href":"http:\/\/acaopolitica.com\/index.php\/wp-json\/wp\/v2\/posts\/1158\/revisions\/1159"}],"wp:featuredmedia":[{"embeddable":true,"href":"http:\/\/acaopolitica.com\/index.php\/wp-json\/wp\/v2\/media\/1140"}],"wp:attachment":[{"href":"http:\/\/acaopolitica.com\/index.php\/wp-json\/wp\/v2\/media?parent=1158"}],"wp:term":[{"taxonomy":"category","embeddable":true,"href":"http:\/\/acaopolitica.com\/index.php\/wp-json\/wp\/v2\/categories?post=1158"},{"taxonomy":"post_tag","embeddable":true,"href":"http:\/\/acaopolitica.com\/index.php\/wp-json\/wp\/v2\/tags?post=1158"}],"curies":[{"name":"wp","href":"https:\/\/api.w.org\/{rel}","templated":true}]}}