{"id":1167,"date":"2017-03-17T11:58:06","date_gmt":"2017-03-17T11:58:06","guid":{"rendered":"http:\/\/acaopolitica.com\/?p=1167"},"modified":"2017-03-19T21:35:24","modified_gmt":"2017-03-19T21:35:24","slug":"coordenador-do-ivl-e-nomeado-gerente-na-prefeitura-de-blumenau","status":"publish","type":"post","link":"http:\/\/acaopolitica.com\/index.php\/2017\/03\/17\/coordenador-do-ivl-e-nomeado-gerente-na-prefeitura-de-blumenau\/","title":{"rendered":"Coordenador do IVL \u00e9 nomeado gerente na Prefeitura de Blumenau"},"content":{"rendered":"<p style=\"text-align: justify;\">O IVL confirma que seu coordenador Jos\u00e9 Galdino ocupa o cargo que vem sendo divulgado na m\u00eddia, junto \u00e0 administra\u00e7\u00e3o p\u00fablica de Blumenau.<\/p>\n<p style=\"text-align: justify;\">Confirma, divulga e celebra o fato.<\/p>\n<p style=\"text-align: justify;\">\u00c9 uma excelente oportunidade para mandar um recado bem claro e direto \u00e0 esquerda, aos fisiologistas pol\u00edticos e a todos que se locupletam na coisa p\u00fablica e deturpam a consci\u00eancia de toda sociedade.<\/p>\n<p style=\"text-align: justify;\">Qual a l\u00f3gica de dar uma conota\u00e7\u00e3o negativa a esta nomea\u00e7\u00e3o do Jos\u00e9 Galdino? Seria certificar-se que somente aproveitadores ou a massa que pretende escravizar a sociedade toda na mis\u00e9ria socialista pode se fazer presente no Estado e na vida p\u00fablica?<\/p>\n<p style=\"text-align: justify;\">E \u00e9 claro que o sistema vai defender a si mesmo. Ele foi desenhado pra isso. Foi desenhado para comportar e sustentar uma categoria de privilegiados, uma falsa oposi\u00e7\u00e3o que se coloca como defensora da popula\u00e7\u00e3o e que ambos se revezem distribuindo migalhas e sugando a popula\u00e7\u00e3o.<\/p>\n<p style=\"text-align: justify;\">\u00c9 uma excelente oportunidade para esclarecer as pessoas sobre o papel da m\u00eddia, t\u00e3o importante e t\u00e3o poderosa para o bem e para o mal. As pessoas precisam aprender a ler nas entrelinhas e sempre perguntar, por que tal fato foi ampliado na m\u00eddia, por que foi escrito daquela forma, por que naquele momento. Lembrem-se, a m\u00eddia est\u00e1 no meio, faz uma intermedia\u00e7\u00e3o valiosa entre inst\u00e2ncias que o povo n\u00e3o alcan\u00e7a e onde este se encontra.<\/p>\n<p style=\"text-align: justify;\">Com rela\u00e7\u00e3o a divulga\u00e7\u00e3o da nomea\u00e7\u00e3o nesta fase pr\u00e9-<a href=\"https:\/\/www.facebook.com\/events\/257191744727511\/\" target=\"_blank\">manifesta\u00e7\u00e3o em apoio \u00e0 Lava-Jato<\/a>, <strong>da forma pejorativa<\/strong> como vem sendo feita, mesmo que sutil, demonstra claramente a inten\u00e7\u00e3o de produzir um fact\u00f3ide em cima de uma realidade. Um veneno como recheio de uma iguaria . Essas s\u00e3o as mentiras mais perigosas. Um povo com dificuldade de interpreta\u00e7\u00e3o de texto, pouca ou nenhuma chance vai ter de ver al\u00e9m das apar\u00eancias quando se distorce o contexto. E a m\u00eddia aparelhada usa isso para defender a agenda pol\u00edtica de seus verdadeiros senhores.<\/p>\n<p style=\"text-align: justify;\">Percebam que os defensores do sistema atual v\u00e3o continuar defendendo o seu aparelhamento do Estado e ocupa\u00e7\u00e3o de espa\u00e7os na sociedade. Se ainda n\u00e3o perceberam, deixem-me esclarecer a estes:\u00a0 &#8211; Esta fase de vida f\u00e1cil e tranquila parasitando a sociedade sem serem perturbados para usar os mesmos recursos para consolidar mais ainda esta posi\u00e7\u00e3o, acabou!<\/p>\n<p style=\"text-align: justify;\">N\u00e3o permitiremos mais que tenham acesso \u00e0 riqueza gerada pela popula\u00e7\u00e3o. N\u00e3o permitiremos que continuem doutrinando as crian\u00e7as e jovens para transform\u00e1-los em escravos de seu projeto de poder! N\u00e3o permitiremos que continuem atacando as fam\u00edlias! N\u00e3o permitiremos que se alastrem quaisquer agendas socialistas, globalistas, comunistas, projetos pessoais ou de grupos de interesse visando poder e tranqueiras similares. Todos estes ir\u00e3o para a lata do lixo e quem defende tais coisas, que se recolha \u00e0 sua insignific\u00e2ncia.<\/p>\n<p style=\"text-align: justify;\">Quanto a cr\u00edticas ao IVL, s\u00e3o muito bem-vindas. Construtivas e destrutivas. Todas elas. Podem mandar em toneladas. Tudo que nos aproximar da Verdade \u00e9 um favor que estar\u00e3o nos fazendo. Porque n\u00e3o temos compromisso com parecer nada, temos compromissos em sermos fi\u00e9is aos nossos princ\u00edpios.<\/p>\n<p style=\"text-align: justify;\">Sim, a nomea\u00e7\u00e3o de Jos\u00e9 Galdino, divulgada de uma certa forma, parece contradit\u00f3ria. Na pr\u00e1tica, ela \u00e9 a express\u00e3o da nossa atua\u00e7\u00e3o no campo pol\u00edtico, onde precisamos de pessoas de bem ocupando os espa\u00e7os (leia-se posi\u00e7\u00f5es). Malditas s\u00e3o muitas dessas posi\u00e7\u00f5es, cargos que n\u00e3o deveriam existir e trabalhamos sim pela extin\u00e7\u00e3o destes.<\/p>\n<p style=\"text-align: justify;\">V\u00e3o ter pessoas do IVL na administra\u00e7\u00e3o p\u00fablica em todos os setores, na m\u00eddia tamb\u00e9m, nas escolas, nas entidades de classe e no seu bairro. A maioria n\u00e3o ter\u00e1 v\u00ednculo conosco. A maioria nunca ouviu falar de n\u00f3s. Pessoas do IVL s\u00e3o todas aquelas que buscam a Verdade acima de tudo e uma Liberdade em conformidade com esta mesma Verdade, elevando assim o m\u00e1ximos de pessoas ao n\u00edvel de dignidade que o ser humano merece.<\/p>\n<p>&nbsp;<\/p>\n<p>&nbsp;<\/p>\n<p>&nbsp;<\/p>\n<p>&nbsp;<\/p>\n<p>&nbsp;<\/p>\n","protected":false},"excerpt":{"rendered":"<p>O IVL confirma que seu coordenador Jos\u00e9 Galdino ocupa o cargo que vem sendo divulgado na m\u00eddia, junto \u00e0 administra\u00e7\u00e3o p\u00fablica de Blumenau. Confirma, divulga&#8230;<\/p>\n","protected":false},"author":1,"featured_media":1168,"comment_status":"open","ping_status":"open","sticky":false,"template":"","format":"standard","meta":[],"categories":[11,2],"tags":[],"_links":{"self":[{"href":"http:\/\/acaopolitica.com\/index.php\/wp-json\/wp\/v2\/posts\/1167"}],"collection":[{"href":"http:\/\/acaopolitica.com\/index.php\/wp-json\/wp\/v2\/posts"}],"about":[{"href":"http:\/\/acaopolitica.com\/index.php\/wp-json\/wp\/v2\/types\/post"}],"author":[{"embeddable":true,"href":"http:\/\/acaopolitica.com\/index.php\/wp-json\/wp\/v2\/users\/1"}],"replies":[{"embeddable":true,"href":"http:\/\/acaopolitica.com\/index.php\/wp-json\/wp\/v2\/comments?post=1167"}],"version-history":[{"count":5,"href":"http:\/\/acaopolitica.com\/index.php\/wp-json\/wp\/v2\/posts\/1167\/revisions"}],"predecessor-version":[{"id":1170,"href":"http:\/\/acaopolitica.com\/index.php\/wp-json\/wp\/v2\/posts\/1167\/revisions\/1170"}],"wp:featuredmedia":[{"embeddable":true,"href":"http:\/\/acaopolitica.com\/index.php\/wp-json\/wp\/v2\/media\/1168"}],"wp:attachment":[{"href":"http:\/\/acaopolitica.com\/index.php\/wp-json\/wp\/v2\/media?parent=1167"}],"wp:term":[{"taxonomy":"category","embeddable":true,"href":"http:\/\/acaopolitica.com\/index.php\/wp-json\/wp\/v2\/categories?post=1167"},{"taxonomy":"post_tag","embeddable":true,"href":"http:\/\/acaopolitica.com\/index.php\/wp-json\/wp\/v2\/tags?post=1167"}],"curies":[{"name":"wp","href":"https:\/\/api.w.org\/{rel}","templated":true}]}}