{"id":1180,"date":"2017-03-17T20:38:42","date_gmt":"2017-03-17T20:38:42","guid":{"rendered":"http:\/\/acaopolitica.com\/?p=1180"},"modified":"2017-03-19T21:29:56","modified_gmt":"2017-03-19T21:29:56","slug":"panfletagens-em-varios-pontos-da-cidade-convidando-para-2603","status":"publish","type":"post","link":"http:\/\/acaopolitica.com\/index.php\/2017\/03\/17\/panfletagens-em-varios-pontos-da-cidade-convidando-para-2603\/","title":{"rendered":"Panfletagens em v\u00e1rios pontos da cidade convidando para 26\/03"},"content":{"rendered":"<p style=\"text-align: justify;\">Equipe do IVL e outras pessoas apoiando est\u00e3o realizando diversas a\u00e7\u00f5es de panfletagem pela cidade desde o dia 15\/03.<\/p>\n<p style=\"text-align: justify;\">As a\u00e7\u00f5es visam convidar e motivar a popula\u00e7\u00e3o para participa\u00e7\u00e3o no<a href=\"https:\/\/www.facebook.com\/events\/257191744727511\/\" target=\"_blank\"> ato de 26\/03 em apoio \u00e0 Lava Jato.<\/a><\/p>\n<p style=\"text-align: justify;\">Alguns membros do IVL que colaboraram at\u00e9 aqui s\u00e3o Alfredo Seubert, Sidnei Felix, Alcione Kleine, Michelle Schwanke, Claus Tonjes, Jos\u00e9 Galdino e Vanderlei Dallagnolo.<\/p>\n<p style=\"text-align: justify;\">Em a\u00e7\u00f5es realizadas em v\u00e1rios pontos da cidade, desde terminais de \u00f4nibus, imedia\u00e7\u00f5es do Parque Ramiro, cruzamento da Humberto de Campos com Sete de Setembro, proximidades de Giassi e Campus I da Furb, Prefeitura de Blumenau, imedia\u00e7\u00f5es do Teatro Carlos Gomes aproveitando movimenta\u00e7\u00e3o de um grande evento que ocorria na ocasi\u00e3o e entre outros.<\/p>\n<p style=\"text-align: justify;\">Se voc\u00ea quiser ajudar, sua contribui\u00e7\u00e3o \u00e9 muito bem-vinda.<\/p>\n<p style=\"text-align: justify;\">Confira cronograma, abaixo:<br \/>\n<a href=\"http:\/\/acaopolitica.com\/index.php\/2017\/03\/16\/cronograma-de-panfletagem-para-manifestacao-de-26-03-2017\/\" target=\"_blank\">http:\/\/acaopolitica.com\/index.php\/2017\/03\/16\/cronograma-de-panfletagem-para-manifestacao-de-26-03-2017\/<\/a><\/p>\n<p style=\"text-align: justify;\">Alguns registros das a\u00e7\u00f5es:<\/p>\n<p style=\"text-align: justify;\"><a href=\"http:\/\/acaopolitica.com\/wp-content\/uploads\/2017\/03\/panfleta2.jpg\"><img loading=\"lazy\" class=\"alignnone size-full wp-image-1181\" src=\"http:\/\/acaopolitica.com\/wp-content\/uploads\/2017\/03\/panfleta2.jpg\" alt=\"\" width=\"720\" height=\"1280\" srcset=\"http:\/\/acaopolitica.com\/wp-content\/uploads\/2017\/03\/panfleta2.jpg 720w, http:\/\/acaopolitica.com\/wp-content\/uploads\/2017\/03\/panfleta2-169x300.jpg 169w, http:\/\/acaopolitica.com\/wp-content\/uploads\/2017\/03\/panfleta2-579x1030.jpg 579w\" sizes=\"(max-width: 720px) 100vw, 720px\" \/><\/a> <a href=\"http:\/\/acaopolitica.com\/wp-content\/uploads\/2017\/03\/panfleta3.jpg\"><img loading=\"lazy\" class=\"alignnone size-full wp-image-1182\" src=\"http:\/\/acaopolitica.com\/wp-content\/uploads\/2017\/03\/panfleta3.jpg\" alt=\"\" width=\"720\" height=\"1280\" srcset=\"http:\/\/acaopolitica.com\/wp-content\/uploads\/2017\/03\/panfleta3.jpg 720w, http:\/\/acaopolitica.com\/wp-content\/uploads\/2017\/03\/panfleta3-169x300.jpg 169w, http:\/\/acaopolitica.com\/wp-content\/uploads\/2017\/03\/panfleta3-579x1030.jpg 579w\" sizes=\"(max-width: 720px) 100vw, 720px\" \/><\/a><\/p>\n<p style=\"text-align: justify;\"><a href=\"http:\/\/acaopolitica.com\/wp-content\/uploads\/2017\/03\/panfleta1.jpg\"><img loading=\"lazy\" class=\"alignnone size-full wp-image-1183\" src=\"http:\/\/acaopolitica.com\/wp-content\/uploads\/2017\/03\/panfleta1.jpg\" alt=\"\" width=\"720\" height=\"1280\" srcset=\"http:\/\/acaopolitica.com\/wp-content\/uploads\/2017\/03\/panfleta1.jpg 720w, http:\/\/acaopolitica.com\/wp-content\/uploads\/2017\/03\/panfleta1-169x300.jpg 169w, http:\/\/acaopolitica.com\/wp-content\/uploads\/2017\/03\/panfleta1-579x1030.jpg 579w\" sizes=\"(max-width: 720px) 100vw, 720px\" \/><\/a><\/p>\n","protected":false},"excerpt":{"rendered":"<p>Equipe do IVL e outras pessoas apoiando est\u00e3o realizando diversas a\u00e7\u00f5es de panfletagem pela cidade desde o dia 15\/03. As a\u00e7\u00f5es visam convidar e motivar&#8230;<\/p>\n","protected":false},"author":1,"featured_media":1162,"comment_status":"open","ping_status":"open","sticky":false,"template":"","format":"standard","meta":[],"categories":[11],"tags":[],"_links":{"self":[{"href":"http:\/\/acaopolitica.com\/index.php\/wp-json\/wp\/v2\/posts\/1180"}],"collection":[{"href":"http:\/\/acaopolitica.com\/index.php\/wp-json\/wp\/v2\/posts"}],"about":[{"href":"http:\/\/acaopolitica.com\/index.php\/wp-json\/wp\/v2\/types\/post"}],"author":[{"embeddable":true,"href":"http:\/\/acaopolitica.com\/index.php\/wp-json\/wp\/v2\/users\/1"}],"replies":[{"embeddable":true,"href":"http:\/\/acaopolitica.com\/index.php\/wp-json\/wp\/v2\/comments?post=1180"}],"version-history":[{"count":2,"href":"http:\/\/acaopolitica.com\/index.php\/wp-json\/wp\/v2\/posts\/1180\/revisions"}],"predecessor-version":[{"id":1199,"href":"http:\/\/acaopolitica.com\/index.php\/wp-json\/wp\/v2\/posts\/1180\/revisions\/1199"}],"wp:featuredmedia":[{"embeddable":true,"href":"http:\/\/acaopolitica.com\/index.php\/wp-json\/wp\/v2\/media\/1162"}],"wp:attachment":[{"href":"http:\/\/acaopolitica.com\/index.php\/wp-json\/wp\/v2\/media?parent=1180"}],"wp:term":[{"taxonomy":"category","embeddable":true,"href":"http:\/\/acaopolitica.com\/index.php\/wp-json\/wp\/v2\/categories?post=1180"},{"taxonomy":"post_tag","embeddable":true,"href":"http:\/\/acaopolitica.com\/index.php\/wp-json\/wp\/v2\/tags?post=1180"}],"curies":[{"name":"wp","href":"https:\/\/api.w.org\/{rel}","templated":true}]}}