{"id":1186,"date":"2017-03-18T11:19:07","date_gmt":"2017-03-18T11:19:07","guid":{"rendered":"http:\/\/acaopolitica.com\/?p=1186"},"modified":"2017-03-19T21:27:49","modified_gmt":"2017-03-19T21:27:49","slug":"entrevista-concedida-na-radio-nereu-ramos-em-17032017","status":"publish","type":"post","link":"http:\/\/acaopolitica.com\/index.php\/2017\/03\/18\/entrevista-concedida-na-radio-nereu-ramos-em-17032017\/","title":{"rendered":"Entrevista concedida na R\u00e1dio Nereu Ramos em 17\/03\/2017"},"content":{"rendered":"<p style=\"text-align: justify;\">Entrevista com Thiago G. Schultze (Vem Pra Rua Blumenau) e Marcelo F. Matheussi (coordenador do IVL) ao Programa de R\u00e1dio Espa\u00e7o Empresarial ACIB, da R\u00e1dio Nereu Ramos<\/p>\n<p style=\"text-align: justify;\">Principal pauta da entrevista era a divulga\u00e7\u00e3o da <a href=\"https:\/\/www.facebook.com\/events\/257191744727511\/\" target=\"_blank\">manifesta\u00e7\u00e3o do dia 26\/03\/2017, em apoio \u00e0 Lava Jato.<\/a><\/p>\n<p style=\"text-align: justify;\">Fonte: <a href=\"http:\/\/www.radionereuramos.com.br\" target=\"_blank\">http:\/\/www.radionereuramos.com.br<\/a><\/p>\n<p style=\"text-align: justify;\">\u00cdntegra da entrevista abaixo:<\/p>\n<p style=\"text-align: justify;\"><div class=\"kad-youtube-shortcode videofit\"  ><iframe width=\"600\" height=\"400\" src=\"\/\/www.youtube.com\/embed\/EN8PZwNTn1U?autoplay=0&amp;controls=1&amp;fs=1&amp;modestbranding=0&amp;theme=dark&amp;rel=0&amp;loop=0\" frameborder=\"0\" allowfullscreen=\"true\"><\/iframe><\/div>\n<p style=\"text-align: justify;\">\n<p>&nbsp;<\/p>\n","protected":false},"excerpt":{"rendered":"<p>Entrevista com Thiago G. Schultze (Vem Pra Rua Blumenau) e Marcelo F. Matheussi (coordenador do IVL) ao Programa de R\u00e1dio Espa\u00e7o Empresarial ACIB, da R\u00e1dio&#8230;<\/p>\n","protected":false},"author":1,"featured_media":1162,"comment_status":"open","ping_status":"open","sticky":false,"template":"","format":"standard","meta":[],"categories":[11,2],"tags":[],"_links":{"self":[{"href":"http:\/\/acaopolitica.com\/index.php\/wp-json\/wp\/v2\/posts\/1186"}],"collection":[{"href":"http:\/\/acaopolitica.com\/index.php\/wp-json\/wp\/v2\/posts"}],"about":[{"href":"http:\/\/acaopolitica.com\/index.php\/wp-json\/wp\/v2\/types\/post"}],"author":[{"embeddable":true,"href":"http:\/\/acaopolitica.com\/index.php\/wp-json\/wp\/v2\/users\/1"}],"replies":[{"embeddable":true,"href":"http:\/\/acaopolitica.com\/index.php\/wp-json\/wp\/v2\/comments?post=1186"}],"version-history":[{"count":5,"href":"http:\/\/acaopolitica.com\/index.php\/wp-json\/wp\/v2\/posts\/1186\/revisions"}],"predecessor-version":[{"id":1198,"href":"http:\/\/acaopolitica.com\/index.php\/wp-json\/wp\/v2\/posts\/1186\/revisions\/1198"}],"wp:featuredmedia":[{"embeddable":true,"href":"http:\/\/acaopolitica.com\/index.php\/wp-json\/wp\/v2\/media\/1162"}],"wp:attachment":[{"href":"http:\/\/acaopolitica.com\/index.php\/wp-json\/wp\/v2\/media?parent=1186"}],"wp:term":[{"taxonomy":"category","embeddable":true,"href":"http:\/\/acaopolitica.com\/index.php\/wp-json\/wp\/v2\/categories?post=1186"},{"taxonomy":"post_tag","embeddable":true,"href":"http:\/\/acaopolitica.com\/index.php\/wp-json\/wp\/v2\/tags?post=1186"}],"curies":[{"name":"wp","href":"https:\/\/api.w.org\/{rel}","templated":true}]}}