{"id":1194,"date":"2017-03-19T23:26:12","date_gmt":"2017-03-19T23:26:12","guid":{"rendered":"http:\/\/acaopolitica.com\/?p=1194"},"modified":"2017-03-20T00:08:37","modified_gmt":"2017-03-20T00:08:37","slug":"respondendo-critica-do-informe-blumenau-de-17-03-2017","status":"publish","type":"post","link":"http:\/\/acaopolitica.com\/index.php\/2017\/03\/19\/respondendo-critica-do-informe-blumenau-de-17-03-2017\/","title":{"rendered":"Respondendo cr\u00edtica do Informe Blumenau de 17-03-2017"},"content":{"rendered":"<p style=\"text-align: justify;\">Inicio agradecendo ao Informe Blumenau pela oportunidade de divulgar ainda mais conhecimentos sobre o papel da m\u00eddia, suas pr\u00e1ticas e a import\u00e2ncia de avaliar bem o contexto de tudo que \u00e9 publicado por a\u00ed.<\/p>\n<p style=\"text-align: justify;\">A r\u00e9plica do referido informativo a nossa nota, pode ser vista <a href=\"http:\/\/www.informeblumenau.com\/ivl-divulga-nota-sobre-nomeacao-de-coordenador-para-prefeitura-de-blumenau\/\" target=\"_blank\">aqui<\/a>. Ele inicia o texto com a seguinte frase:<\/p>\n<p style=\"padding-left: 30px; text-align: justify;\"><span style=\"color: #ff0000;\">&#8220;Confesso que n\u00e3o entendi tanta repercuss\u00e3o sobre a not\u00edcia de que Jos\u00e9 Galdino da Silva Ferreira foi nomeado gerente de recursos naturais da Faema.&#8221;<\/span><\/p>\n<p style=\"text-align: justify;\">\u00c9 curioso que o autor comente que n\u00e3o esperava tanta repercuss\u00e3o. Utilizando a palavra &#8221; confesso &#8221; ainda por cima. Espera-se que uma m\u00eddia busque o m\u00e1ximo de repercuss\u00e3o de cada mat\u00e9ria. At\u00e9 pelo car\u00e1ter utilit\u00e1rio, buscar informar o m\u00e1ximo de pessoas e pelo aspecto comercial. Ser\u00e1 que o autor divulga informa\u00e7\u00f5es que considera in\u00fateis ou que n\u00e3o valham o tempo do leitor, de prop\u00f3sito?<\/p>\n<p style=\"text-align: justify;\">Fui informado que existem na Prefeitura de Blumenau entre 80 a 100 cargos comissionados de nomea\u00e7\u00e3o semelhante a do Jos\u00e9 Galdino. E o autor d\u00e1 publicidade somente \u00e0quela, escolhendo a dedo, esperando N\u00c3O ter repercuss\u00e3o, desperdi\u00e7ando de prop\u00f3sito seu espa\u00e7o e a aten\u00e7\u00e3o de seu p\u00fablico? \u00c9 um fen\u00f4meno realmente curioso. E n\u00e3o faz o menor sentido, diga-se de passagem.<\/p>\n<p style=\"text-align: justify;\">\u00c9 poss\u00edvel ent\u00e3o que tenha feito a divulga\u00e7\u00e3o como forma de elogiar a nomea\u00e7\u00e3o de Jos\u00e9 Galdino ou ressaltar o trabalho do vereador Ricardo Alba, talvez do atual Prefeito? E de forma altru\u00edsta por n\u00e3o esperar repercuss\u00e3o? Acredito que nunca saberemos.<\/p>\n<p style=\"text-align: justify;\">Em seguida, o autor\u00a0 segue com uma resposta a uma cr\u00edtica que recebeu pela <a href=\"http:\/\/www.informeblumenau.com\/representante-ivl-e-nomeado-gerente-na-prefeitura-de-blumenau\/\" target=\"_blank\">mat\u00e9ria inicial<\/a> que eles mesmos publicaram e n\u00e3o tem qualquer rela\u00e7\u00e3o com nossa <a href=\"http:\/\/www.informeblumenau.com\/ivl-divulga-nota-sobre-nomeacao-de-coordenador-para-prefeitura-de-blumenau\/\" target=\"_blank\">nota<\/a>.<\/p>\n<p style=\"text-align: justify;\">Mais adiante o autor cita uma passagem isolada de nossa nota onde fazemos o seguinte questionamento.<\/p>\n<p style=\"padding-left: 30px; text-align: justify;\"><span style=\"color: #0000ff;\">&#8220;Qual a l\u00f3gica de dar uma conota\u00e7\u00e3o negativa a esta nomea\u00e7\u00e3o do Jos\u00e9 Galdino?&#8221;<\/span><\/p>\n<p style=\"text-align: justify;\">E ao nosso questionamento, ele responde com outro questionamento.<\/p>\n<p style=\"padding-left: 30px; text-align: justify;\"><span style=\"color: #ff0000;\">&#8220;Onde est\u00e1 isso no texto da reportagem?&#8221;<\/span><\/p>\n<p style=\"text-align: justify;\">Essa pergunta \u00e9 muito importante. Pois nos permite retornar a um ponto chave da nossa nota e indicar ao autor do Informe Blumenau que dedique mais energia <strong>na interpreta\u00e7\u00e3o de texto<\/strong>. Segue o trecho de nossa nota com resposta ao questionamento:<\/p>\n<p style=\"padding-left: 30px; text-align: justify;\"><span style=\"color: #0000ff;\">Um povo com dificuldade de interpreta\u00e7\u00e3o de texto, pouca ou nenhuma chance vai ter de ver al\u00e9m das apar\u00eancias quando se distorce o contexto.<br \/>\n<\/span><\/p>\n<p style=\"text-align: justify;\">Percebam que estamos dizendo acima com todas as letras que nossa cr\u00edtica \u00e0 forma da reportagem n\u00e3o \u00e9 ao texto, \u00e9 ao <strong>CONTEXTO <\/strong>como fora apresentado<strong>.<\/strong> E tamb\u00e9m aos cr\u00edticos que se manifestaram no Informe Blumenau e suas redes sociais a partir deste contexto err\u00f4neo. Voltando ao contexto, eis a defini\u00e7\u00e3o do dicion\u00e1rio Priberam, que pode ser vista <a href=\"https:\/\/www.priberam.pt\/dlpo\/contexto\" target=\"_blank\">aqui<\/a>:<\/p>\n<p style=\"padding-left: 30px; text-align: justify;\"><em>con\u00b7tex\u00b7to |eis|<\/em><br \/>\n<em> (latim contextus, -us, reuni\u00e3o, conjunto, sucess\u00e3o, contexto)<\/em><br \/>\n<em> substantivo masculino<\/em><\/p>\n<p style=\"padding-left: 60px; text-align: justify;\"><em><span style=\"color: #0000ff;\">1. Conjunto de circunst\u00e2ncias \u00e0 volta de um acontecimento ou de uma situa\u00e7\u00e3o. = CONJUNTURA, ENQUADRAMENTO<\/span><\/em><\/p>\n<p style=\"padding-left: 60px;\"><em>[&#8230;]<\/em><\/p>\n<p style=\"text-align: justify;\">Qual o contexto que <strong>muitos leitores da mat\u00e9ria<\/strong> do Informe pin\u00e7aram, exaltaram e se lambuzaram? Um representante do IVL, usou a sua visibilidade nos atos pelo impeachment da N\u00c3O-presidente Dilma Rousseff, para galgar um cargo com todas as implica\u00e7\u00f5es anti-\u00e9ticas que puderam inventar. Se isso n\u00e3o \u00e9 conota\u00e7\u00e3o negativa, ent\u00e3o eu n\u00e3o sei mais o que seria tal coisa. Foi proposital? N\u00e3o temos efetivamente como afirmar, s\u00f3 que isso n\u00e3o importa. <strong>Temos a obriga\u00e7\u00e3o de esclarecer<\/strong>, ainda mais com tantos ind\u00edcios de que fora uma isca jogada propositadamente.<\/p>\n<p style=\"text-align: justify;\">A\u00ed o autor prossegue, usando a express\u00e3o &#8221; <span style=\"color: #ff0000;\">Segue o baile<\/span> &#8220;, logo antes de uma longa cita\u00e7\u00e3o extra\u00edda de nossa nota. S\u00f3 pode ser para descaracterizar a seriedade da nossa nota. Como se fora um baile, uma distra\u00e7\u00e3o. Ao contr\u00e1rio, o assunto \u00e9 de uma <strong>seriedade impactante<\/strong> quando se trata de um estado t\u00e3o aparelhado como o nosso, que nos obriga, por mais que nos revolva o est\u00f4mago, usar as armas do inimigo em certos casos.<\/p>\n<p style=\"text-align: justify;\">Ap\u00f3s nossa cita\u00e7\u00e3o, o autor deixa a pergunta no ar, &#8221; <span style=\"color: #ff0000;\">Qual a mentira que se referem?<\/span> &#8220;.<\/p>\n<p style=\"text-align: justify;\">J\u00e1 explicado acima, \u00e9 mentiroso o contexto de conota\u00e7\u00e3o negativa. Totalmente mentiroso. Com ou sem inten\u00e7\u00e3o, n\u00e3o importa. Uma mentira contada sem inten\u00e7\u00e3o, n\u00e3o a torna verdadeira.<\/p>\n<p style=\"text-align: justify;\">Depois, na mat\u00e9ria de resposta a nossa nota, \u00e9 feita uma cr\u00edtica a um dos coment\u00e1rios que recebemos que aponta o autor do Informe Blumenau como &#8221; <span style=\"color: #0000ff;\">Um c\u00e9lebre defensor da m\u00eddia vermelha<\/span> &#8220;. A qual aquele autor se defende(?) com uma estranha confiss\u00e3o que torna ainda mais suspeita sua inten\u00e7\u00e3o. Diz ele,\u00a0 &#8221; <span style=\"color: #ff0000;\">Se Rede Record e Rede Globo s\u00e3o \u201cm\u00eddia vermelha\u201d, ele tem raz\u00e3o.<\/span> &#8220;<\/p>\n<p style=\"text-align: justify;\">Bom, s\u00f3 podemos concordar e <strong>agradecer ao autor tal confiss\u00e3o (!).<\/strong> Facilita nosso trabalho de esclarecimento. Sim, Rede\u00a0 Record e Rede Globo s\u00e3o exemplos t\u00edpicos de m\u00eddia vermelha; t\u00e3o vermelhas que nem vamos colocar aspas para denotar uma figura de linguagem. S\u00e3o estritamente vermelhas no sentido mais esquerdista poss\u00edvel. Para n\u00e3o estender este artigo numa cr\u00edtica \u00e0 grande m\u00eddia brasileira, vamos indicar este v\u00eddeo do Padre Paulo Ricardo:<\/p>\n<p style=\"text-align: justify; padding-left: 30px;\"><em><span style=\"color: #0000ff;\">As novelas e a Engenharia Social<\/span><\/em><\/p>\n<p style=\"text-align: justify; padding-left: 30px;\"><em><span style=\"color: #0000ff;\">Padre Paulo Ricardo mostra que as novelas s\u00e3o comprovadamente utilizadas para moldar o comportamento social e destruir as fam\u00edlias.<\/span><\/em><\/p>\n<p style=\"text-align: justify; padding-left: 30px;\"><em><span style=\"color: #0000ff;\">Neste link: <a style=\"color: #0000ff;\" href=\"https:\/\/www.youtube.com\/watch?v=xok9aMtwFnQ\" target=\"_blank\">https:\/\/www.youtube.com\/watch?v=xok9aMtwFnQ<\/a><\/span><\/em><\/p>\n<p style=\"text-align: justify;\">Existe poucas estrat\u00e9gias mais esquerdistas, ventiladas preponderantemente pela m\u00eddia, do que a destrui\u00e7\u00e3o das fam\u00edlias!<\/p>\n<p style=\"text-align: justify;\">E como complemento, n\u00e3o\u00a0 poder\u00edamos recomendar com mais intensidade esta s\u00e9rie de v\u00eddeos sobre o Marxismo Cultural (da qual <strong>a grande m\u00eddia \u00e9 c\u00famplice<\/strong> e ferramenta por excel\u00eancia):<\/p>\n<p style=\"text-align: justify; padding-left: 30px;\"><a href=\"https:\/\/www.youtube.com\/playlist?list=PL0493DA0FBE27560D\" target=\"_blank\">https:\/\/www.youtube.com\/playlist?list=PL0493DA0FBE27560D<\/a><\/p>\n<p style=\"text-align: justify;\">O \u00faltimo argumento cr\u00edtico do autor do Informe Blumenau \u00e9 de uma estranheza desconcertante. Diz ele logo antes de uma frase extra\u00edda de nossa nota &#8220;<span style=\"color: #ff0000;\">E no final, colocam uma frase emblem\u00e1tica&#8221;<span style=\"color: #000000;\">.<\/span><\/span> E a frase extra\u00edda \u00e9 a seguinte\u00a0 <span style=\"color: #0000ff;\">\u201cSim, a nomea\u00e7\u00e3o de Jos\u00e9 Galdino, divulgada de uma certa forma, parece contradit\u00f3ria\u201d<\/span>.<\/p>\n<p style=\"text-align: justify;\">\u00c9 exatamente o que tentamos explicar em nossa nota. Que \u00e9 somente, por um vi\u00e9s, uma conota\u00e7\u00e3o negativa, um recorte do contexto mais amplo e tendencioso (provavelmente) que a referida nomea\u00e7\u00e3o poderia ser contradit\u00f3ria. N\u00e3o h\u00e1 nada da frase em quest\u00e3o que possa servir para desfazer algum argumento de nossa nota. Ainda mais quando se l\u00ea o par\u00e1grafo inteiro:<\/p>\n<p style=\"text-align: justify; padding-left: 30px;\"><span style=\"color: #0000ff;\">&#8220;Sim, a nomea\u00e7\u00e3o de Jos\u00e9 Galdino, divulgada de uma certa forma, parece contradit\u00f3ria. Na pr\u00e1tica, ela \u00e9 a express\u00e3o da nossa atua\u00e7\u00e3o no campo pol\u00edtico, onde precisamos de pessoas de bem ocupando os espa\u00e7os (leia-se posi\u00e7\u00f5es). Malditas s\u00e3o muitas dessas posi\u00e7\u00f5es, cargos que n\u00e3o deveriam existir e trabalhamos sim pela extin\u00e7\u00e3o destes.&#8221;<\/span><\/p>\n<p>E o autor da cr\u00edtica a nossa nota, conclui sua r\u00e9plica copiando a \u00edntegra dela e colocando o espa\u00e7o \u00e0 disposi\u00e7\u00e3o.<\/p>\n<p style=\"text-align: justify;\">S\u00f3 temos a agradecer ao autor, de novo, presta um servi\u00e7o importante com essa atitude. Da mesma forma, nosso espa\u00e7o est\u00e1 \u00e0 disposi\u00e7\u00e3o para esclarecimento e cr\u00edticas. Que pode ser usado pelo Informe Blumenau, pelo autor da r\u00e9plica e por todos. Basta ver os coment\u00e1rios de nossa nota onde est\u00e3o publicadas cr\u00edticas contundentes \u00e0 nomea\u00e7\u00e3o de Jos\u00e9 Galdino, conforme exemplo abaixo:<\/p>\n<p style=\"text-align: justify;\"><a href=\"http:\/\/acaopolitica.com\/wp-content\/uploads\/2017\/03\/critica_noemacao.png\"><img loading=\"lazy\" class=\"size-full wp-image-1204 aligncenter\" src=\"http:\/\/acaopolitica.com\/wp-content\/uploads\/2017\/03\/critica_noemacao.png\" alt=\"\" width=\"721\" height=\"241\" srcset=\"http:\/\/acaopolitica.com\/wp-content\/uploads\/2017\/03\/critica_noemacao.png 721w, http:\/\/acaopolitica.com\/wp-content\/uploads\/2017\/03\/critica_noemacao-300x100.png 300w\" sizes=\"(max-width: 721px) 100vw, 721px\" \/><\/a>N\u00e3o temos de imediato, at\u00e9 o momento da publica\u00e7\u00e3o desta resposta, necessidade de utilizar o espa\u00e7o do Informe Blumenau.<\/p>\n<p style=\"text-align: justify;\">N\u00f3s deixamos aqui, ao inv\u00e9s, uma sugest\u00e3o. Que utilize o espa\u00e7o para publicar uma verdadeira DEVASSA em todos os cargos comissionadas da administra\u00e7\u00e3o local. Demonstrando quantos s\u00e3o, onde est\u00e3o, perfil detalhado de cada um, sal\u00e1rios e benesses, toda linha de articula\u00e7\u00e3o que levou \u00e0 nomea\u00e7\u00e3o etc. Convido inclusive, todos os cr\u00edticos da nomea\u00e7\u00e3o de Jos\u00e9 Galdino que entrem em contato com o IVL e\u00a0 vamos fazer uma for\u00e7a-tarefa, um grupo de trabalho com esta finalidade mesma. Um projeto que permita eliminar de vez TODOS estes cargos comissionados de nossa cidade. Estamos aguardando ansiosos seus contatos.<\/p>\n","protected":false},"excerpt":{"rendered":"<p>Inicio agradecendo ao Informe Blumenau pela oportunidade de divulgar ainda mais conhecimentos sobre o papel da m\u00eddia, suas pr\u00e1ticas e a import\u00e2ncia de avaliar bem&#8230;<\/p>\n","protected":false},"author":1,"featured_media":1207,"comment_status":"open","ping_status":"open","sticky":false,"template":"","format":"standard","meta":[],"categories":[11,2],"tags":[],"_links":{"self":[{"href":"http:\/\/acaopolitica.com\/index.php\/wp-json\/wp\/v2\/posts\/1194"}],"collection":[{"href":"http:\/\/acaopolitica.com\/index.php\/wp-json\/wp\/v2\/posts"}],"about":[{"href":"http:\/\/acaopolitica.com\/index.php\/wp-json\/wp\/v2\/types\/post"}],"author":[{"embeddable":true,"href":"http:\/\/acaopolitica.com\/index.php\/wp-json\/wp\/v2\/users\/1"}],"replies":[{"embeddable":true,"href":"http:\/\/acaopolitica.com\/index.php\/wp-json\/wp\/v2\/comments?post=1194"}],"version-history":[{"count":10,"href":"http:\/\/acaopolitica.com\/index.php\/wp-json\/wp\/v2\/posts\/1194\/revisions"}],"predecessor-version":[{"id":1211,"href":"http:\/\/acaopolitica.com\/index.php\/wp-json\/wp\/v2\/posts\/1194\/revisions\/1211"}],"wp:featuredmedia":[{"embeddable":true,"href":"http:\/\/acaopolitica.com\/index.php\/wp-json\/wp\/v2\/media\/1207"}],"wp:attachment":[{"href":"http:\/\/acaopolitica.com\/index.php\/wp-json\/wp\/v2\/media?parent=1194"}],"wp:term":[{"taxonomy":"category","embeddable":true,"href":"http:\/\/acaopolitica.com\/index.php\/wp-json\/wp\/v2\/categories?post=1194"},{"taxonomy":"post_tag","embeddable":true,"href":"http:\/\/acaopolitica.com\/index.php\/wp-json\/wp\/v2\/tags?post=1194"}],"curies":[{"name":"wp","href":"https:\/\/api.w.org\/{rel}","templated":true}]}}