{"id":1212,"date":"2017-03-20T04:02:10","date_gmt":"2017-03-20T04:02:10","guid":{"rendered":"http:\/\/acaopolitica.com\/?p=1212"},"modified":"2017-03-20T04:03:02","modified_gmt":"2017-03-20T04:03:02","slug":"entrevista-em-o-blumenauense-em-18-03-2017","status":"publish","type":"post","link":"http:\/\/acaopolitica.com\/index.php\/2017\/03\/20\/entrevista-em-o-blumenauense-em-18-03-2017\/","title":{"rendered":"Entrevista em O Blumenauense em 18-03-2017"},"content":{"rendered":"<p style=\"text-align: justify;\">Em 18-03-2017, o coordenador do IVL, Vanderlei Dallagnolo, foi entrevistado para o canal <a href=\"http:\/\/www.oblumenauense.com.br\/site\/\" target=\"_blank\">O Blumenauense<\/a> do portal de mesmo nome.<\/p>\n<p style=\"text-align: justify;\">O foco da entrevista era o convite para<a href=\"https:\/\/www.facebook.com\/events\/257191744727511\/\" target=\"_blank\"> o ato de 26-03-2017, em apoio \u00e0 Opera\u00e7\u00e3o Lava Jato.<\/a><\/p>\n<p style=\"text-align: justify;\">Agradecemos ao Claus Jensen e equipe <a href=\"http:\/\/www.oblumenauense.com.br\/site\/\" target=\"_blank\">dO Blumenauense<\/a> pela sensibilidade com a relev\u00e2ncia do ato e gentilmente nos ter cedido este espa\u00e7o para o convite \u00e0 popula\u00e7\u00e3o.<\/p>\n<div class=\"kad-youtube-shortcode videofit\"  ><iframe width=\"600\" height=\"400\" src=\"\/\/www.youtube.com\/embed\/2jpSXGRts-I?autoplay=0&amp;controls=1&amp;fs=1&amp;modestbranding=0&amp;theme=dark&amp;rel=0&amp;loop=0\" frameborder=\"0\" allowfullscreen=\"true\"><\/iframe><\/div>\n<p>&nbsp;<\/p>\n","protected":false},"excerpt":{"rendered":"<p>Em 18-03-2017, o coordenador do IVL, Vanderlei Dallagnolo, foi entrevistado para o canal O Blumenauense do portal de mesmo nome. O foco da entrevista era&#8230;<\/p>\n","protected":false},"author":1,"featured_media":1213,"comment_status":"open","ping_status":"open","sticky":false,"template":"","format":"standard","meta":[],"categories":[11,2],"tags":[],"_links":{"self":[{"href":"http:\/\/acaopolitica.com\/index.php\/wp-json\/wp\/v2\/posts\/1212"}],"collection":[{"href":"http:\/\/acaopolitica.com\/index.php\/wp-json\/wp\/v2\/posts"}],"about":[{"href":"http:\/\/acaopolitica.com\/index.php\/wp-json\/wp\/v2\/types\/post"}],"author":[{"embeddable":true,"href":"http:\/\/acaopolitica.com\/index.php\/wp-json\/wp\/v2\/users\/1"}],"replies":[{"embeddable":true,"href":"http:\/\/acaopolitica.com\/index.php\/wp-json\/wp\/v2\/comments?post=1212"}],"version-history":[{"count":2,"href":"http:\/\/acaopolitica.com\/index.php\/wp-json\/wp\/v2\/posts\/1212\/revisions"}],"predecessor-version":[{"id":1215,"href":"http:\/\/acaopolitica.com\/index.php\/wp-json\/wp\/v2\/posts\/1212\/revisions\/1215"}],"wp:featuredmedia":[{"embeddable":true,"href":"http:\/\/acaopolitica.com\/index.php\/wp-json\/wp\/v2\/media\/1213"}],"wp:attachment":[{"href":"http:\/\/acaopolitica.com\/index.php\/wp-json\/wp\/v2\/media?parent=1212"}],"wp:term":[{"taxonomy":"category","embeddable":true,"href":"http:\/\/acaopolitica.com\/index.php\/wp-json\/wp\/v2\/categories?post=1212"},{"taxonomy":"post_tag","embeddable":true,"href":"http:\/\/acaopolitica.com\/index.php\/wp-json\/wp\/v2\/tags?post=1212"}],"curies":[{"name":"wp","href":"https:\/\/api.w.org\/{rel}","templated":true}]}}