{"id":1216,"date":"2017-03-20T11:55:22","date_gmt":"2017-03-20T11:55:22","guid":{"rendered":"http:\/\/acaopolitica.com\/?p=1216"},"modified":"2017-03-20T11:55:22","modified_gmt":"2017-03-20T11:55:22","slug":"a-imoral-e-desumana-previdencia-social-do-brasil","status":"publish","type":"post","link":"http:\/\/acaopolitica.com\/index.php\/2017\/03\/20\/a-imoral-e-desumana-previdencia-social-do-brasil\/","title":{"rendered":"A imoral e desumana Previd\u00eancia Social do Brasil"},"content":{"rendered":"<p style=\"text-align: justify;\"><span style=\"color: #ff0000;\">Prezado Senhores<\/span><\/p>\n<p style=\"text-align: justify;\"><span style=\"color: #ff0000;\">Tendo sa\u00eddo os n\u00fameros definitivos da previd\u00eancia social do ano de 2016 estou republicando o referido artigo com as informa\u00e7\u00f5es definitivas sobre o tema. <\/span><\/p>\n<p style=\"text-align: justify;\"><span style=\"color: #ff0000;\">\u00c9 uma aberra\u00e7\u00e3o econ\u00f4mica, paga pelos pobres e miser\u00e1veis deste pa\u00eds: os desempregados e os empregados informais sem carteira de trabalho assinada, contingente composto de quase a metade da popula\u00e7\u00e3o economicamente ativa. Esses grupos de exclu\u00eddos est\u00e3o pagando para uma festa da qual jamais ser\u00e3o convidados a participar.<\/span><\/p>\n<p style=\"text-align: justify;\"><span style=\"color: #ff0000;\">Vejam a aberra\u00e7\u00e3o existente entre o d\u00e9ficit per capita do RGPS de R$ 1.488,07 com 100,6 milh\u00f5es de participantes e do RPPS de R$ 15.717,17 com 9,9 milh\u00f5es de participantes. Uma imoralidade. <\/span><\/p>\n<p style=\"text-align: justify;\"><span style=\"color: #ff0000;\">Fico pasmo com a falta de indigna\u00e7\u00e3o ampla, geral e irrestrita onde os estados gastam R$ 35,8 milh\u00f5es por ano com pens\u00f5es de ex-governadores e vi\u00favas. \u00a0Em SC dois vice-governadores Leonel Pavan e Eduardo Pinho Moreira ficaram apenas seis meses no governo para que os governadores se candidatassem \u00e0 reelei\u00e7\u00e3o e ganham R$ 33,0 mil, cada um. Ratificando: governaram apenas por seis meses.<\/span><\/p>\n<p style=\"text-align: justify;\"><span style=\"color: #ff0000;\">Tudo bem? Vamos continuar tirando esmolas dos pobres e miser\u00e1veis para manter esses malditos direitos adquiridos. N\u00e3o poderia haver uma taxa\u00e7\u00e3o para esses canalhas e vagabundos na reforma da previd\u00eancia?\u00a0 <\/span><\/p>\n<p style=\"text-align: center;\"><span style=\"color: #ff0000;\">\u00a0Somente os s\u00e1bios enxergam o \u00f3bvio (Nelson Rodrigues)<\/span><\/p>\n<p style=\"text-align: center;\"><span style=\"color: #0000ff;\">A imoral e desumana Previd\u00eancia Social do Brasil<\/span><\/p>\n<p style=\"text-align: center;\"><span style=\"color: #ff0000;\">Ricardo Bergamini<\/span><\/p>\n<p style=\"text-align: justify;\"><span style=\"color: #ff0000;\">\u00a0<span style=\"color: #0000ff;\">&#8211; Em 2016 o Regime Geral de Previd\u00eancia Social (INSS) destinado aos trabalhadores de segunda classe (empresas privadas) com 100,6 milh\u00f5es de participantes (70,1 milh\u00f5es de contribuintes e 30,5 milh\u00f5es de benefici\u00e1rios) gerou um d\u00e9ficit previdenci\u00e1rio da ordem de R$ 149,7 bilh\u00f5es (d\u00e9ficit per capita por participante de R$ 1.488,07).<\/span><\/span><\/p>\n<p style=\"text-align: justify;\"><span style=\"color: #0000ff;\">&#8211; Em 2016 o Regime Pr\u00f3prio da Previd\u00eancia Social destinado aos trabalhadores de primeira classe (servidores p\u00fablicos) \u2013 Uni\u00e3o, 26 estados, DF e 2087 munic\u00edpios mais ricos, com apenas 9,9 milh\u00f5es de participantes (6,3 milh\u00f5es de contribuintes e 3,6 milh\u00f5es de benefici\u00e1rios) gerou um d\u00e9ficit previdenci\u00e1rio da ordem de R$ 155,6 bilh\u00f5es (d\u00e9ficit per capita por participante de R$ 15.717,17).<\/span><\/p>\n<p style=\"text-align: justify;\"><span style=\"color: #0000ff;\">&#8211; Resumo do resultado previdenci\u00e1rio de 2016 do RPPS (servidores p\u00fablicos): Uni\u00e3o (civis e militares) d\u00e9ficit previdenci\u00e1rio de R$ 77,1 bilh\u00f5es; governos estaduais d\u00e9ficit previdenci\u00e1rio de R$ 89,6 bilh\u00f5es e governos municipais super\u00e1vit previdenci\u00e1rio de R$ 11,1 bilh\u00f5es. Totalizando d\u00e9ficit previdenci\u00e1rio do RPPS da ordem de R$ 155,6 bilh\u00f5es.<\/span><\/p>\n<p style=\"text-align: justify;\"><span style=\"color: #0000ff;\">&#8211; Em 2016 a previd\u00eancia social brasileira total (RGPS E RPPS) gerou um d\u00e9ficit previdenci\u00e1rio total de R$ 305,3 bilh\u00f5es, cobertos com as fontes de financiamentos (COFI NS e CSSL, dentre outras pequenas fontes) que s\u00e3o uma das maiores aberra\u00e7\u00f5es e excresc\u00eancias econ\u00f4micas e desumanas j\u00e1 conhecidas, visto que essas contribui\u00e7\u00f5es atingem todos os brasileiros de forma generalizada, mesmos os que n\u00e3o fazem parte do grupo coberto pela previd\u00eancia, tais como: os desempregados e os empregados informais sem carteira de trabalho assinada, contingente composto de quase a metade da popula\u00e7\u00e3o economicamente ativa. Esses grupos de exclu\u00eddos est\u00e3o pagando para uma festa da qual jamais ser\u00e3o convidados a participar.<\/span><\/p>\n<p style=\"text-align: justify;\"><span style=\"color: #0000ff;\">&#8211; Cabe lembrar que no ano de 2016 houve uma ren\u00fancia previdenci\u00e1ria da ordem de R$ 43,4 bilh\u00f5es com exporta\u00e7\u00f5es, simples nacional e com entidades filantr\u00f3picas, dentre outras de menor signific\u00e2ncia.<\/span><\/p>\n<p style=\"text-align: justify;\"><span style=\"color: #ff0000;\">\u00a0Arquivos oficias do governo est\u00e3o dispon\u00edveis aos leitores.<\/span><\/p>\n<p style=\"text-align: justify;\"><span style=\"color: #0000ff;\">\u00a0Ricardo Bergamini<\/span><br \/>\n<span style=\"color: #0000ff;\">(48) 99636-7322<\/span><br \/>\n<span style=\"color: #0000ff;\">(48) 99976-6974<\/span><br \/>\n<span style=\"color: #0000ff;\">Membro do Grupo Pensar+ <u><a style=\"color: #0000ff;\" href=\"http:\/\/www.pontocritico.com\" target=\"_blank\" data-saferedirecturl=\"https:\/\/www.google.com\/url?hl=en&amp;q=http:\/\/www.pontocritico.com&amp;source=gmail&amp;ust=1490096370810000&amp;usg=AFQjCNExxFHThg0dQioNMQ8P0eQCHyhuHw\">www.pontocritico.com<br \/>\n<\/a><\/u><a style=\"color: #0000ff;\" href=\"mailto:ricardobergamini@ricardobergamini.com.br\" target=\"_blank\">ricardobergamini@ricardobergamini.com.br<br \/>\n<\/a><a style=\"color: #0000ff;\" href=\"http:\/\/www.ricardobergamini.com.br\/\" target=\"_blank\" data-saferedirecturl=\"https:\/\/www.google.com\/url?hl=en&amp;q=http:\/\/www.ricardobergamini.com.br\/&amp;source=gmail&amp;ust=1490096370810000&amp;usg=AFQjCNEy-6XVSzftdd3e9Ju9hylrTT7qzQ\">www.ricardobergamini.com.br<\/a><\/span><\/p>\n","protected":false},"excerpt":{"rendered":"<p>Prezado Senhores Tendo sa\u00eddo os n\u00fameros definitivos da previd\u00eancia social do ano de 2016 estou republicando o referido artigo com as informa\u00e7\u00f5es definitivas sobre o&#8230;<\/p>\n","protected":false},"author":1,"featured_media":1140,"comment_status":"open","ping_status":"open","sticky":false,"template":"","format":"standard","meta":[],"categories":[10],"tags":[],"_links":{"self":[{"href":"http:\/\/acaopolitica.com\/index.php\/wp-json\/wp\/v2\/posts\/1216"}],"collection":[{"href":"http:\/\/acaopolitica.com\/index.php\/wp-json\/wp\/v2\/posts"}],"about":[{"href":"http:\/\/acaopolitica.com\/index.php\/wp-json\/wp\/v2\/types\/post"}],"author":[{"embeddable":true,"href":"http:\/\/acaopolitica.com\/index.php\/wp-json\/wp\/v2\/users\/1"}],"replies":[{"embeddable":true,"href":"http:\/\/acaopolitica.com\/index.php\/wp-json\/wp\/v2\/comments?post=1216"}],"version-history":[{"count":2,"href":"http:\/\/acaopolitica.com\/index.php\/wp-json\/wp\/v2\/posts\/1216\/revisions"}],"predecessor-version":[{"id":1218,"href":"http:\/\/acaopolitica.com\/index.php\/wp-json\/wp\/v2\/posts\/1216\/revisions\/1218"}],"wp:featuredmedia":[{"embeddable":true,"href":"http:\/\/acaopolitica.com\/index.php\/wp-json\/wp\/v2\/media\/1140"}],"wp:attachment":[{"href":"http:\/\/acaopolitica.com\/index.php\/wp-json\/wp\/v2\/media?parent=1216"}],"wp:term":[{"taxonomy":"category","embeddable":true,"href":"http:\/\/acaopolitica.com\/index.php\/wp-json\/wp\/v2\/categories?post=1216"},{"taxonomy":"post_tag","embeddable":true,"href":"http:\/\/acaopolitica.com\/index.php\/wp-json\/wp\/v2\/tags?post=1216"}],"curies":[{"name":"wp","href":"https:\/\/api.w.org\/{rel}","templated":true}]}}