{"id":1219,"date":"2017-03-21T04:08:26","date_gmt":"2017-03-21T04:08:26","guid":{"rendered":"http:\/\/acaopolitica.com\/?p=1219"},"modified":"2017-03-21T22:29:31","modified_gmt":"2017-03-21T22:29:31","slug":"buzinaco-e-panfletagem-convidando-para-26-03-2017","status":"publish","type":"post","link":"http:\/\/acaopolitica.com\/index.php\/2017\/03\/21\/buzinaco-e-panfletagem-convidando-para-26-03-2017\/","title":{"rendered":"Buzina\u00e7o e panfletagem convidando para 26-03-2017"},"content":{"rendered":"<p style=\"text-align: justify;\">No fim da tarde do dia 20-03-2017 a equipe do IVL realizou um buzina\u00e7o com panfletagem em Blumenau.<\/p>\n<p style=\"text-align: justify;\">O local foi no cruzamento da Alameda Rio Branco com a Rua XV de Novembro.<\/p>\n<p style=\"text-align: justify;\">Participaram da a\u00e7\u00e3o Alcione Kleine, Michelle Schwanke, Marcelo F. Matheussi e Vanderlei Dallagnolo.<\/p>\n<p style=\"text-align: justify;\">O objetivo era convidar a popula\u00e7\u00e3o para a manifesta\u00e7\u00e3o em apoio \u00e0 Lava Jato a realizar-se em 23-06-2017.<\/p>\n<p style=\"text-align: justify;\">O convite est\u00e1 neste evento:<\/p>\n<p style=\"padding-left: 30px; text-align: justify;\"><a href=\"https:\/\/www.facebook.com\/events\/257191744727511\/\" target=\"_blank\">https:\/\/www.facebook.com\/events\/257191744727511\/<\/a><\/p>\n<p style=\"text-align: justify;\">Abaixo seguem registros da a\u00e7\u00e3o:<\/p>\n<div style=\"width: 640px;\" class=\"wp-video\"><!--[if lt IE 9]><script>document.createElement('video');<\/script><![endif]-->\n<video class=\"wp-video-shortcode\" id=\"video-1219-1\" width=\"640\" height=\"352\" preload=\"metadata\" controls=\"controls\"><source type=\"video\/mp4\" src=\"http:\/\/acaopolitica.com\/wp-content\/uploads\/2017\/03\/video_buzina1.mp4?_=1\" \/><a href=\"http:\/\/acaopolitica.com\/wp-content\/uploads\/2017\/03\/video_buzina1.mp4\">http:\/\/acaopolitica.com\/wp-content\/uploads\/2017\/03\/video_buzina1.mp4<\/a><\/video><\/div>\n<p>&nbsp;<\/p>\n<div style=\"width: 640px;\" class=\"wp-video\"><video class=\"wp-video-shortcode\" id=\"video-1219-2\" width=\"640\" height=\"352\" preload=\"metadata\" controls=\"controls\"><source type=\"video\/mp4\" src=\"http:\/\/acaopolitica.com\/wp-content\/uploads\/2017\/03\/VID-20170321-WA0003.mp4?_=2\" \/><a href=\"http:\/\/acaopolitica.com\/wp-content\/uploads\/2017\/03\/VID-20170321-WA0003.mp4\">http:\/\/acaopolitica.com\/wp-content\/uploads\/2017\/03\/VID-20170321-WA0003.mp4<\/a><\/video><\/div>\n<p>&nbsp;<\/p>\n<p><a href=\"http:\/\/acaopolitica.com\/wp-content\/uploads\/2017\/03\/buzina1.jpeg\"><img loading=\"lazy\" class=\"alignnone size-full wp-image-1221\" src=\"http:\/\/acaopolitica.com\/wp-content\/uploads\/2017\/03\/buzina1.jpeg\" alt=\"\" width=\"1040\" height=\"585\" srcset=\"http:\/\/acaopolitica.com\/wp-content\/uploads\/2017\/03\/buzina1.jpeg 1040w, http:\/\/acaopolitica.com\/wp-content\/uploads\/2017\/03\/buzina1-300x169.jpeg 300w, http:\/\/acaopolitica.com\/wp-content\/uploads\/2017\/03\/buzina1-768x432.jpeg 768w, http:\/\/acaopolitica.com\/wp-content\/uploads\/2017\/03\/buzina1-1030x579.jpeg 1030w\" sizes=\"(max-width: 1040px) 100vw, 1040px\" \/><\/a> <a href=\"http:\/\/acaopolitica.com\/wp-content\/uploads\/2017\/03\/buzina2.jpeg\"><img loading=\"lazy\" class=\"alignnone size-full wp-image-1222\" src=\"http:\/\/acaopolitica.com\/wp-content\/uploads\/2017\/03\/buzina2.jpeg\" alt=\"\" width=\"1040\" height=\"585\" srcset=\"http:\/\/acaopolitica.com\/wp-content\/uploads\/2017\/03\/buzina2.jpeg 1040w, http:\/\/acaopolitica.com\/wp-content\/uploads\/2017\/03\/buzina2-300x169.jpeg 300w, http:\/\/acaopolitica.com\/wp-content\/uploads\/2017\/03\/buzina2-768x432.jpeg 768w, http:\/\/acaopolitica.com\/wp-content\/uploads\/2017\/03\/buzina2-1030x579.jpeg 1030w\" sizes=\"(max-width: 1040px) 100vw, 1040px\" \/><\/a> <a href=\"http:\/\/acaopolitica.com\/wp-content\/uploads\/2017\/03\/buzina3.jpeg\"><img loading=\"lazy\" class=\"alignnone size-full wp-image-1223\" src=\"http:\/\/acaopolitica.com\/wp-content\/uploads\/2017\/03\/buzina3.jpeg\" alt=\"\" width=\"1040\" height=\"585\" srcset=\"http:\/\/acaopolitica.com\/wp-content\/uploads\/2017\/03\/buzina3.jpeg 1040w, http:\/\/acaopolitica.com\/wp-content\/uploads\/2017\/03\/buzina3-300x169.jpeg 300w, http:\/\/acaopolitica.com\/wp-content\/uploads\/2017\/03\/buzina3-768x432.jpeg 768w, http:\/\/acaopolitica.com\/wp-content\/uploads\/2017\/03\/buzina3-1030x579.jpeg 1030w\" sizes=\"(max-width: 1040px) 100vw, 1040px\" \/><\/a> <a href=\"http:\/\/acaopolitica.com\/wp-content\/uploads\/2017\/03\/buzina4.jpeg\"><img loading=\"lazy\" class=\"alignnone size-full wp-image-1224\" src=\"http:\/\/acaopolitica.com\/wp-content\/uploads\/2017\/03\/buzina4.jpeg\" alt=\"\" width=\"1040\" height=\"585\" srcset=\"http:\/\/acaopolitica.com\/wp-content\/uploads\/2017\/03\/buzina4.jpeg 1040w, http:\/\/acaopolitica.com\/wp-content\/uploads\/2017\/03\/buzina4-300x169.jpeg 300w, http:\/\/acaopolitica.com\/wp-content\/uploads\/2017\/03\/buzina4-768x432.jpeg 768w, http:\/\/acaopolitica.com\/wp-content\/uploads\/2017\/03\/buzina4-1030x579.jpeg 1030w\" sizes=\"(max-width: 1040px) 100vw, 1040px\" \/><\/a> <a href=\"http:\/\/acaopolitica.com\/wp-content\/uploads\/2017\/03\/buzina5.jpeg\"><img loading=\"lazy\" class=\"alignnone size-full wp-image-1225\" src=\"http:\/\/acaopolitica.com\/wp-content\/uploads\/2017\/03\/buzina5.jpeg\" alt=\"\" width=\"1040\" height=\"585\" srcset=\"http:\/\/acaopolitica.com\/wp-content\/uploads\/2017\/03\/buzina5.jpeg 1040w, http:\/\/acaopolitica.com\/wp-content\/uploads\/2017\/03\/buzina5-300x169.jpeg 300w, http:\/\/acaopolitica.com\/wp-content\/uploads\/2017\/03\/buzina5-768x432.jpeg 768w, http:\/\/acaopolitica.com\/wp-content\/uploads\/2017\/03\/buzina5-1030x579.jpeg 1030w\" sizes=\"(max-width: 1040px) 100vw, 1040px\" \/><\/a> <a href=\"http:\/\/acaopolitica.com\/wp-content\/uploads\/2017\/03\/buzina6.jpeg\"><img loading=\"lazy\" class=\"alignnone size-full wp-image-1226\" src=\"http:\/\/acaopolitica.com\/wp-content\/uploads\/2017\/03\/buzina6.jpeg\" alt=\"\" width=\"1040\" height=\"585\" srcset=\"http:\/\/acaopolitica.com\/wp-content\/uploads\/2017\/03\/buzina6.jpeg 1040w, http:\/\/acaopolitica.com\/wp-content\/uploads\/2017\/03\/buzina6-300x169.jpeg 300w, http:\/\/acaopolitica.com\/wp-content\/uploads\/2017\/03\/buzina6-768x432.jpeg 768w, http:\/\/acaopolitica.com\/wp-content\/uploads\/2017\/03\/buzina6-1030x579.jpeg 1030w\" sizes=\"(max-width: 1040px) 100vw, 1040px\" \/><\/a><\/p>\n","protected":false},"excerpt":{"rendered":"<p>No fim da tarde do dia 20-03-2017 a equipe do IVL realizou um buzina\u00e7o com panfletagem em Blumenau. O local foi no cruzamento da Alameda&#8230;<\/p>\n","protected":false},"author":1,"featured_media":1222,"comment_status":"open","ping_status":"open","sticky":false,"template":"","format":"standard","meta":[],"categories":[11,2],"tags":[],"_links":{"self":[{"href":"http:\/\/acaopolitica.com\/index.php\/wp-json\/wp\/v2\/posts\/1219"}],"collection":[{"href":"http:\/\/acaopolitica.com\/index.php\/wp-json\/wp\/v2\/posts"}],"about":[{"href":"http:\/\/acaopolitica.com\/index.php\/wp-json\/wp\/v2\/types\/post"}],"author":[{"embeddable":true,"href":"http:\/\/acaopolitica.com\/index.php\/wp-json\/wp\/v2\/users\/1"}],"replies":[{"embeddable":true,"href":"http:\/\/acaopolitica.com\/index.php\/wp-json\/wp\/v2\/comments?post=1219"}],"version-history":[{"count":9,"href":"http:\/\/acaopolitica.com\/index.php\/wp-json\/wp\/v2\/posts\/1219\/revisions"}],"predecessor-version":[{"id":1238,"href":"http:\/\/acaopolitica.com\/index.php\/wp-json\/wp\/v2\/posts\/1219\/revisions\/1238"}],"wp:featuredmedia":[{"embeddable":true,"href":"http:\/\/acaopolitica.com\/index.php\/wp-json\/wp\/v2\/media\/1222"}],"wp:attachment":[{"href":"http:\/\/acaopolitica.com\/index.php\/wp-json\/wp\/v2\/media?parent=1219"}],"wp:term":[{"taxonomy":"category","embeddable":true,"href":"http:\/\/acaopolitica.com\/index.php\/wp-json\/wp\/v2\/categories?post=1219"},{"taxonomy":"post_tag","embeddable":true,"href":"http:\/\/acaopolitica.com\/index.php\/wp-json\/wp\/v2\/tags?post=1219"}],"curies":[{"name":"wp","href":"https:\/\/api.w.org\/{rel}","templated":true}]}}