{"id":125,"date":"2015-10-06T02:49:15","date_gmt":"2015-10-06T02:49:15","guid":{"rendered":"http:\/\/acaopolitica.com\/?p=125"},"modified":"2015-10-07T02:12:03","modified_gmt":"2015-10-07T02:12:03","slug":"estadio-pra-blumenau-isso-nao-e-prioridade","status":"publish","type":"post","link":"http:\/\/acaopolitica.com\/index.php\/2015\/10\/06\/estadio-pra-blumenau-isso-nao-e-prioridade\/","title":{"rendered":"Est\u00e1dio pra Blumenau, isso n\u00e3o \u00e9 prioridade!"},"content":{"rendered":"<p style=\"text-align: justify;\">N\u00e3o \u00e9 prioridade ter est\u00e1dio de futebol, isso todos sabemos, e com os elefantes brancos da copa do mundo, isso ficou ainda mais evidente. Por\u00e9m, como n\u00e3o \u00e9 de surpreender, para alguns pol\u00edticos, est\u00e1dio \u00e9 sim prioridade, inclusive em nossa querida\/esquecida Blumenau. Bom, antes de mais nada, \u00e9 bom lembrar que h\u00e1 uma s\u00e9rie de empresas que est\u00e3o descontentes com o poder p\u00fablico, pois nossa infraestrutura n\u00e3o mais acompanhou o desenvolvimento da cidade, principalmente se agravando no governo do Naposorris\u00e3o, a Rua Dr. Pedro Zimmermann, por exemplo, que \u00e9 uma rua estrat\u00e9gica para escoamento de cargas e onde h\u00e1 uma grande circula\u00e7\u00e3o de autom\u00f3veis, est\u00e1 com buracos que remetem a crateras lunares, desn\u00edveis de asfalto, foi colocado um sem\u00e1foro desnecess\u00e1rio que acaba agravando o problema do tr\u00e2nsito e mais uma s\u00e9rie de problemas.<\/p>\n<p style=\"text-align: justify;\">Nossa rodovi\u00e1ria \u00e9 uma vergonha estadual, nosso centro est\u00e1 um caos completo, as cal\u00e7adas esquecidas, n\u00e3o h\u00e1 incentivos aos empres\u00e1rios e inclusive nossa alcunha de Cidade Jardim n\u00e3o nos cabe mais, pois nem se quer os pontos tur\u00edsticos tem recebido o devido cuidado. Claro, sou um liberal e vejo que o estado deve intervir cada vez menos na sociedade e inclusive na cidade, mas isso deveria ser em paralelo a cobran\u00e7a de menos impostos, o que claramente n\u00e3o est\u00e1 acontecendo, portanto, mesmo n\u00f3s liberais mais vorazes temos que cobrar resposta dos \u00f3rg\u00e3os p\u00fablicos, j\u00e1 que, \u00e9 um servi\u00e7o que estamos pagando! N\u00e3o podemos acreditar na balela de dinheiro p\u00fablico, o dinheiro \u00e9 nosso. A lista de servi\u00e7os de p\u00e9ssima qualidade que n\u00f3s blumenauenses recebemos \u00e9 imensa, sem contar a lentid\u00e3o das a\u00e7\u00f5es p\u00fablicas municipais, sejam essas a\u00e7\u00f5es vindas do executivo ou legislativo, enfim, o c\u00e2ncer \u00e9 grande.<\/p>\n<p style=\"text-align: justify;\">Voltando ao caso do est\u00e1dio, nosso ilustr\u00edssimo vereador, afirmou que \u201c&#8230;\u00e9 a hora, \u00e9 a vez de darmos o grito: de dizer qu\u00ea Blumenau precisa de um est\u00e1dio municipal&#8230;\u201d n\u00e3o senhor vereador, \u00e9 hora de darmos o grito de qu\u00ea \u201cBlumenau n\u00e3o precisa desse tipo de vereador\u201d, chega de tombar a lingui\u00e7a Blumenau! Chega de querer proibir a livre iniciativa como o UBER! Chega de discutirmos a necessidade de est\u00e1dio! Chega de ver vereadores brigando como se a casa do povo &#8211; ou deveria ser a casa do povo &#8211;\u00a0que \u00e9 a C\u00e2mara Legislativa \u00a0fosse um UFC amador, e principalmente, nada de dizer que o sal\u00e1rio de vereador \u00e9 merreca! Nossa c\u00e2mara de vereadores tem sido cen\u00e1rio de v\u00e1rios debates lament\u00e1veis, e nossos vereadores, n\u00e3o se importam com a popula\u00e7\u00e3o &#8211; ao menos boa parte -, isso ficou clar\u00edssimo na audi\u00eancia sobre o aumento do n\u00famero de vereadores, sobre a revoga\u00e7\u00e3o do estatuto do desarmamento e sobre o PME e em todas essas audi\u00eancias, ficou claro que h\u00e1 alguns que se quer respeitam a popula\u00e7\u00e3o.<\/p>\n<p style=\"text-align: justify;\">Finalizando, gostaria de aclamar aos senhores vereadores que, por favor, deixem de debater futilidades e passem a fazer o que \u00e9 responsabilidade do legislativo, que \u00e9: LEGISLAR! Legislem por facilidades para cria\u00e7\u00e3o de pequenas empresas, para diminui\u00e7\u00e3o da nossa extensa Lei org\u00e2nica, legislem para diminuir cargos comissionados e benesses! E cobrem do executivo, a\u00e7\u00f5es efetivas de infraestrutura. A\u00ed sim, quem sabe, se nossa cidade voltar a crescer, se nossa cidade voltar a ser a Cidade Jardim, tornar-se novamente um ber\u00e7o econ\u00f4mico, a\u00ed ent\u00e3o, discutimos sobre est\u00e1dio de futebol!<\/p>\n<p style=\"text-align: justify;\">Aos leitores: fiquem de olho, haver\u00e1 audi\u00eancia a respeito desse assunto dia 22\/10, h\u00e1 tamb\u00e9m demanda para audi\u00eancia a respeito do UBER e da \u201cqualidade do macadame\u201d, fiquem atentos, se fa\u00e7am presentes, usem a palavra e como nosso vereador disse e: \u201cgritem\u201d, quem sabe assim, ele ouve.<\/p>\n<p>Escrito por <a href=\"https:\/\/www.facebook.com\/jose.galdino.756?fref=ts\">Jos\u00e9 Galdino.<\/a><\/p>\n","protected":false},"excerpt":{"rendered":"<p>N\u00e3o \u00e9 prioridade ter est\u00e1dio de futebol, isso todos sabemos, e com os elefantes brancos da copa do mundo, isso ficou ainda mais evidente. Por\u00e9m,&#8230;<\/p>\n","protected":false},"author":4,"featured_media":126,"comment_status":"open","ping_status":"open","sticky":false,"template":"","format":"standard","meta":[],"categories":[2],"tags":[],"_links":{"self":[{"href":"http:\/\/acaopolitica.com\/index.php\/wp-json\/wp\/v2\/posts\/125"}],"collection":[{"href":"http:\/\/acaopolitica.com\/index.php\/wp-json\/wp\/v2\/posts"}],"about":[{"href":"http:\/\/acaopolitica.com\/index.php\/wp-json\/wp\/v2\/types\/post"}],"author":[{"embeddable":true,"href":"http:\/\/acaopolitica.com\/index.php\/wp-json\/wp\/v2\/users\/4"}],"replies":[{"embeddable":true,"href":"http:\/\/acaopolitica.com\/index.php\/wp-json\/wp\/v2\/comments?post=125"}],"version-history":[{"count":4,"href":"http:\/\/acaopolitica.com\/index.php\/wp-json\/wp\/v2\/posts\/125\/revisions"}],"predecessor-version":[{"id":130,"href":"http:\/\/acaopolitica.com\/index.php\/wp-json\/wp\/v2\/posts\/125\/revisions\/130"}],"wp:featuredmedia":[{"embeddable":true,"href":"http:\/\/acaopolitica.com\/index.php\/wp-json\/wp\/v2\/media\/126"}],"wp:attachment":[{"href":"http:\/\/acaopolitica.com\/index.php\/wp-json\/wp\/v2\/media?parent=125"}],"wp:term":[{"taxonomy":"category","embeddable":true,"href":"http:\/\/acaopolitica.com\/index.php\/wp-json\/wp\/v2\/categories?post=125"},{"taxonomy":"post_tag","embeddable":true,"href":"http:\/\/acaopolitica.com\/index.php\/wp-json\/wp\/v2\/tags?post=125"}],"curies":[{"name":"wp","href":"https:\/\/api.w.org\/{rel}","templated":true}]}}