{"id":1255,"date":"2017-03-25T05:48:53","date_gmt":"2017-03-25T05:48:53","guid":{"rendered":"http:\/\/acaopolitica.com\/?p=1255"},"modified":"2017-03-25T05:48:53","modified_gmt":"2017-03-25T05:48:53","slug":"entrevista-com-coordenadores-do-ivl-a-radio-menina-blu-975-fm-em-23-03-2017","status":"publish","type":"post","link":"http:\/\/acaopolitica.com\/index.php\/2017\/03\/25\/entrevista-com-coordenadores-do-ivl-a-radio-menina-blu-975-fm-em-23-03-2017\/","title":{"rendered":"Entrevista com coordenadores do IVL \u00e0  R\u00e1dio Menina Blu 97,5 FM em 23-03-2017"},"content":{"rendered":"<p style=\"text-align: justify;\">Entrevista com Alcione Kleine e Jos\u00e9 Galdino (coordenadores do IVL) \u00e0 R\u00e1dio Menina Blu 97,5 FM.<\/p>\n<p>Principal pauta da entrevista era a divulga\u00e7\u00e3o da manifesta\u00e7\u00e3o do dia 26\/03\/2017, em apoio \u00e0 Lava Jato.<\/p>\n<p>O convite est\u00e1 neste evento:<\/p>\n<p style=\"text-align: justify; padding-left: 30px;\"><a href=\"https:\/\/www.facebook.com\/events\/257191744727511\/\" target=\"_blank\">https:\/\/www.facebook.com\/events\/257191744727511\/<\/a><\/p>\n<p style=\"text-align: justify;\">Fonte:<\/p>\n<p style=\"text-align: justify; padding-left: 30px;\"><a href=\"http:\/\/radiomeninablu.portalmenina.com.br\/radio-menina-blumenau-97-5-fm\" target=\"_blank\">http:\/\/radiomeninablu.portalmenina.com.br\/radio-menina-blumenau-97-5-fm<\/a><\/p>\n<p style=\"text-align: justify;\">\u00cdntegra da entrevista abaixo:<\/p>\n<div class=\"kad-youtube-shortcode videofit\"  ><iframe width=\"600\" height=\"400\" src=\"\/\/www.youtube.com\/embed\/XQ6nMjc6pYc?autoplay=0&amp;controls=1&amp;fs=1&amp;modestbranding=0&amp;theme=dark&amp;rel=0&amp;loop=0\" frameborder=\"0\" allowfullscreen=\"true\"><\/iframe><\/div>\n","protected":false},"excerpt":{"rendered":"<p>Entrevista com Alcione Kleine e Jos\u00e9 Galdino (coordenadores do IVL) \u00e0 R\u00e1dio Menina Blu 97,5 FM. Principal pauta da entrevista era a divulga\u00e7\u00e3o da manifesta\u00e7\u00e3o&#8230;<\/p>\n","protected":false},"author":1,"featured_media":1162,"comment_status":"open","ping_status":"open","sticky":false,"template":"","format":"standard","meta":[],"categories":[11,2],"tags":[],"_links":{"self":[{"href":"http:\/\/acaopolitica.com\/index.php\/wp-json\/wp\/v2\/posts\/1255"}],"collection":[{"href":"http:\/\/acaopolitica.com\/index.php\/wp-json\/wp\/v2\/posts"}],"about":[{"href":"http:\/\/acaopolitica.com\/index.php\/wp-json\/wp\/v2\/types\/post"}],"author":[{"embeddable":true,"href":"http:\/\/acaopolitica.com\/index.php\/wp-json\/wp\/v2\/users\/1"}],"replies":[{"embeddable":true,"href":"http:\/\/acaopolitica.com\/index.php\/wp-json\/wp\/v2\/comments?post=1255"}],"version-history":[{"count":3,"href":"http:\/\/acaopolitica.com\/index.php\/wp-json\/wp\/v2\/posts\/1255\/revisions"}],"predecessor-version":[{"id":1259,"href":"http:\/\/acaopolitica.com\/index.php\/wp-json\/wp\/v2\/posts\/1255\/revisions\/1259"}],"wp:featuredmedia":[{"embeddable":true,"href":"http:\/\/acaopolitica.com\/index.php\/wp-json\/wp\/v2\/media\/1162"}],"wp:attachment":[{"href":"http:\/\/acaopolitica.com\/index.php\/wp-json\/wp\/v2\/media?parent=1255"}],"wp:term":[{"taxonomy":"category","embeddable":true,"href":"http:\/\/acaopolitica.com\/index.php\/wp-json\/wp\/v2\/categories?post=1255"},{"taxonomy":"post_tag","embeddable":true,"href":"http:\/\/acaopolitica.com\/index.php\/wp-json\/wp\/v2\/tags?post=1255"}],"curies":[{"name":"wp","href":"https:\/\/api.w.org\/{rel}","templated":true}]}}