{"id":1260,"date":"2017-03-26T12:53:31","date_gmt":"2017-03-26T12:53:31","guid":{"rendered":"http:\/\/acaopolitica.com\/?p=1260"},"modified":"2017-03-26T12:53:31","modified_gmt":"2017-03-26T12:53:31","slug":"buzinaco-e-panfletagem-convidando-para-26-03-2017-2","status":"publish","type":"post","link":"http:\/\/acaopolitica.com\/index.php\/2017\/03\/26\/buzinaco-e-panfletagem-convidando-para-26-03-2017-2\/","title":{"rendered":"Buzina\u00e7o e panfletagem convidando para 26-03-2017"},"content":{"rendered":"<p style=\"text-align: justify;\">Em 25-03-2017 a equipe do IVL, do VPR Blumenau e outros colaboradores, realizaram um buzina\u00e7o com panfletagem em Blumenau.<\/p>\n<p>O local foram as imedia\u00e7\u00f5es da Prefeitura Municipal de Blumenau. E tamb\u00e9m ao longo da Rua XV de Novembro, com bastante intera\u00e7\u00e3o com o p\u00fablico para convite e esclarecimento sobre as pautas do evento divulgado.<\/p>\n<p>Estiveram presentes pelo IVL, Alcione Kleine e Jo\u00e3o Neves.<\/p>\n<p>O objetivo era convidar a popula\u00e7\u00e3o para a manifesta\u00e7\u00e3o em apoio \u00e0 Lava Jato a realizar-se em 23-06-2017.<\/p>\n<p style=\"text-align: justify;\">A receptividade foi excelente e o engajamento da popula\u00e7\u00e3o \u00e9 percept\u00edvel.<\/p>\n<p style=\"text-align: justify;\">O convite est\u00e1 neste evento:<\/p>\n<p style=\"padding-left: 30px; text-align: justify;\"><a href=\"https:\/\/www.facebook.com\/events\/257191744727511\/\" target=\"_blank\">https:\/\/www.facebook.com\/events\/257191744727511\/<\/a><\/p>\n<p style=\"text-align: justify;\">Abaixo seguem registros da a\u00e7\u00e3o:<\/p>\n<p style=\"text-align: justify;\"><a href=\"http:\/\/acaopolitica.com\/wp-content\/uploads\/2017\/03\/f1.jpeg\"><img loading=\"lazy\" class=\"alignnone size-full wp-image-1261\" src=\"http:\/\/acaopolitica.com\/wp-content\/uploads\/2017\/03\/f1.jpeg\" alt=\"\" width=\"1280\" height=\"719\" srcset=\"http:\/\/acaopolitica.com\/wp-content\/uploads\/2017\/03\/f1.jpeg 1280w, http:\/\/acaopolitica.com\/wp-content\/uploads\/2017\/03\/f1-300x169.jpeg 300w, http:\/\/acaopolitica.com\/wp-content\/uploads\/2017\/03\/f1-768x431.jpeg 768w, http:\/\/acaopolitica.com\/wp-content\/uploads\/2017\/03\/f1-1030x579.jpeg 1030w\" sizes=\"(max-width: 1280px) 100vw, 1280px\" \/><\/a> <a href=\"http:\/\/acaopolitica.com\/wp-content\/uploads\/2017\/03\/f2.jpeg\"><img loading=\"lazy\" class=\"alignnone size-full wp-image-1262\" src=\"http:\/\/acaopolitica.com\/wp-content\/uploads\/2017\/03\/f2.jpeg\" alt=\"\" width=\"1280\" height=\"960\" srcset=\"http:\/\/acaopolitica.com\/wp-content\/uploads\/2017\/03\/f2.jpeg 1280w, http:\/\/acaopolitica.com\/wp-content\/uploads\/2017\/03\/f2-300x225.jpeg 300w, http:\/\/acaopolitica.com\/wp-content\/uploads\/2017\/03\/f2-768x576.jpeg 768w, http:\/\/acaopolitica.com\/wp-content\/uploads\/2017\/03\/f2-1030x773.jpeg 1030w\" sizes=\"(max-width: 1280px) 100vw, 1280px\" \/><\/a> <a href=\"http:\/\/acaopolitica.com\/wp-content\/uploads\/2017\/03\/f3.jpeg\"><img loading=\"lazy\" class=\"alignnone size-full wp-image-1263\" src=\"http:\/\/acaopolitica.com\/wp-content\/uploads\/2017\/03\/f3.jpeg\" alt=\"\" width=\"1280\" height=\"960\" srcset=\"http:\/\/acaopolitica.com\/wp-content\/uploads\/2017\/03\/f3.jpeg 1280w, http:\/\/acaopolitica.com\/wp-content\/uploads\/2017\/03\/f3-300x225.jpeg 300w, http:\/\/acaopolitica.com\/wp-content\/uploads\/2017\/03\/f3-768x576.jpeg 768w, http:\/\/acaopolitica.com\/wp-content\/uploads\/2017\/03\/f3-1030x773.jpeg 1030w\" sizes=\"(max-width: 1280px) 100vw, 1280px\" \/><\/a> <a href=\"http:\/\/acaopolitica.com\/wp-content\/uploads\/2017\/03\/f4.jpeg\"><img loading=\"lazy\" class=\"alignnone size-full wp-image-1264\" src=\"http:\/\/acaopolitica.com\/wp-content\/uploads\/2017\/03\/f4.jpeg\" alt=\"\" width=\"1280\" height=\"960\" srcset=\"http:\/\/acaopolitica.com\/wp-content\/uploads\/2017\/03\/f4.jpeg 1280w, http:\/\/acaopolitica.com\/wp-content\/uploads\/2017\/03\/f4-300x225.jpeg 300w, http:\/\/acaopolitica.com\/wp-content\/uploads\/2017\/03\/f4-768x576.jpeg 768w, http:\/\/acaopolitica.com\/wp-content\/uploads\/2017\/03\/f4-1030x773.jpeg 1030w\" sizes=\"(max-width: 1280px) 100vw, 1280px\" \/><\/a> <a href=\"http:\/\/acaopolitica.com\/wp-content\/uploads\/2017\/03\/f5.jpeg\"><img loading=\"lazy\" class=\"alignnone size-full wp-image-1265\" src=\"http:\/\/acaopolitica.com\/wp-content\/uploads\/2017\/03\/f5.jpeg\" alt=\"\" width=\"1280\" height=\"960\" srcset=\"http:\/\/acaopolitica.com\/wp-content\/uploads\/2017\/03\/f5.jpeg 1280w, http:\/\/acaopolitica.com\/wp-content\/uploads\/2017\/03\/f5-300x225.jpeg 300w, http:\/\/acaopolitica.com\/wp-content\/uploads\/2017\/03\/f5-768x576.jpeg 768w, http:\/\/acaopolitica.com\/wp-content\/uploads\/2017\/03\/f5-1030x773.jpeg 1030w\" sizes=\"(max-width: 1280px) 100vw, 1280px\" \/><\/a><\/p>\n","protected":false},"excerpt":{"rendered":"<p>Em 25-03-2017 a equipe do IVL, do VPR Blumenau e outros colaboradores, realizaram um buzina\u00e7o com panfletagem em Blumenau. O local foram as imedia\u00e7\u00f5es da&#8230;<\/p>\n","protected":false},"author":1,"featured_media":1262,"comment_status":"open","ping_status":"open","sticky":false,"template":"","format":"standard","meta":[],"categories":[11,2],"tags":[],"_links":{"self":[{"href":"http:\/\/acaopolitica.com\/index.php\/wp-json\/wp\/v2\/posts\/1260"}],"collection":[{"href":"http:\/\/acaopolitica.com\/index.php\/wp-json\/wp\/v2\/posts"}],"about":[{"href":"http:\/\/acaopolitica.com\/index.php\/wp-json\/wp\/v2\/types\/post"}],"author":[{"embeddable":true,"href":"http:\/\/acaopolitica.com\/index.php\/wp-json\/wp\/v2\/users\/1"}],"replies":[{"embeddable":true,"href":"http:\/\/acaopolitica.com\/index.php\/wp-json\/wp\/v2\/comments?post=1260"}],"version-history":[{"count":1,"href":"http:\/\/acaopolitica.com\/index.php\/wp-json\/wp\/v2\/posts\/1260\/revisions"}],"predecessor-version":[{"id":1266,"href":"http:\/\/acaopolitica.com\/index.php\/wp-json\/wp\/v2\/posts\/1260\/revisions\/1266"}],"wp:featuredmedia":[{"embeddable":true,"href":"http:\/\/acaopolitica.com\/index.php\/wp-json\/wp\/v2\/media\/1262"}],"wp:attachment":[{"href":"http:\/\/acaopolitica.com\/index.php\/wp-json\/wp\/v2\/media?parent=1260"}],"wp:term":[{"taxonomy":"category","embeddable":true,"href":"http:\/\/acaopolitica.com\/index.php\/wp-json\/wp\/v2\/categories?post=1260"},{"taxonomy":"post_tag","embeddable":true,"href":"http:\/\/acaopolitica.com\/index.php\/wp-json\/wp\/v2\/tags?post=1260"}],"curies":[{"name":"wp","href":"https:\/\/api.w.org\/{rel}","templated":true}]}}