{"id":1326,"date":"2017-03-31T13:52:17","date_gmt":"2017-03-31T13:52:17","guid":{"rendered":"http:\/\/acaopolitica.com\/?p=1326"},"modified":"2017-03-31T13:57:16","modified_gmt":"2017-03-31T13:57:16","slug":"reflexao-historica-general-olympio-mourao-filho-03","status":"publish","type":"post","link":"http:\/\/acaopolitica.com\/index.php\/2017\/03\/31\/reflexao-historica-general-olympio-mourao-filho-03\/","title":{"rendered":"Reflex\u00e3o Hist\u00f3rica &#8211; General Olympio Mour\u00e3o Filho &#8211; 03"},"content":{"rendered":"<p style=\"text-align: center;\"><span style=\"color: #000080;\">Reflex\u00e3o Hist\u00f3rica<\/span><\/p>\n<p style=\"text-align: justify;\"><span style=\"color: #ff0000;\">Trecho extra\u00eddo do livro intitulado: \u201cMEM\u00d3RIAS: A VERDADE DE UM REVOLUCION\u00c1RIO\u201d, apresentado pelo historiador H\u00e9lio Silva, publicado em 1978, pela L&amp;M Editores Ltda, sobre a participa\u00e7\u00e3o do General Olympio Mour\u00e3o Filho na Revolu\u00e7\u00e3o de 1964.<\/span><\/p>\n<p style=\"text-align: center;\"><em><span style=\"color: #000080;\">\u201cQuem n\u00e3o usar os olhos para ver, ter\u00e1 que us\u00e1-los para chorar!\u201d (Foerster).<\/span><\/em><\/p>\n<p style=\"text-align: justify;\"><span style=\"color: #000080;\">Porque a verdade \u00e9 que alguns dem\u00f4nios andaram soltos neste pa\u00eds, enquanto a maioria desta Na\u00e7\u00e3o estava entocada, apavorada, os chefes militares prontos a se deixarem dominar, contanto que continuassem a viver, viver de qualquer maneira, sem coragem de arriscar as carreiras. Os pobres continuando pobres. A classe m\u00e9dia e os ricos podendo morar e comer tr\u00eas vezes ou mais por dia. Os pol\u00edticos em condi\u00e7\u00f5es de aderir, permanecendo em sua profiss\u00e3o, maldita profiss\u00e3o.<\/span><\/p>\n<p style=\"text-align: justify;\"><span style=\"color: #000080;\">Os chefes militares, tolhidos por um falso legalismo, esperando que o Chefe do Executivo lhes dessem maiores motivos para a rea\u00e7\u00e3o, imobilizados, at\u00f4nitos e imperme\u00e1veis \u00e0 compreens\u00e3o dos fatos iniciados com o plebiscito e completados com o com\u00edcio do dia 13 de mar\u00e7o, surdos ao verdadeiro clamor de medo vindo de toda a Na\u00e7\u00e3o. Ainda mesmo depois dos deplor\u00e1veis incidentes na Marinha, que estava amea\u00e7ada de destrui\u00e7\u00e3o, havia chefe militar com a esperan\u00e7a v\u00e3 de que o Chefe do Executivo recuasse, quando ele j\u00e1 n\u00e3o mais podia faz\u00ea-lo.<\/span><\/p>\n<p style=\"text-align: justify;\"><span style=\"color: #000080;\">Todos queriam viver, eis o problema. Eis o segredo do aparente sucesso dos dem\u00f4nios soltos no pa\u00eds. Minoria audaciosa que sabia usar os meios de que dispunham e que eram os m\u00e1ximos, oriundos desta maldita forma de governo que \u00e9 o Presidencialismo.<\/span><\/p>\n<p style=\"text-align: justify;\"><span style=\"color: #000080;\">Ponha-se na Presid\u00eancia qualquer med\u00edocre, louco ou semi-analfabeto e vinte e quatro horas depois a horda de aduladores estar\u00e1 a sua volta, brandindo o elogio como arma, convencendo-o de que \u00e9 um g\u00eanio pol\u00edtico e um grande homem, de que tudo quanto faz est\u00e1 certo.<\/span><\/p>\n<p style=\"text-align: justify;\"><span style=\"color: #000080;\">Em pouco tempo transforma-se um ignorante em s\u00e1bio, um louco em g\u00eanio equilibrado, um prim\u00e1rio em estadista.<\/span><\/p>\n<p style=\"text-align: justify;\"><span style=\"color: #000080;\">E um homem nessa posi\u00e7\u00e3o, empunhando nas m\u00e3os as r\u00e9deas de um poder praticamente sem limites, embriagado pela bajula\u00e7\u00e3o, transforma-se num monstro perigoso.<\/span><\/p>\n<p style=\"text-align: justify;\"><span style=\"color: #000080;\">Enquanto esse monstro \u00e9 dirigido e explorado apenas pela lisonja, bajulado pela corte, a Na\u00e7\u00e3o sofre preju\u00edzos de monta, \u00e9 verdade, mas, apenas danos materiais em sua maioria e morais alguns.<\/span><\/p>\n<p style=\"text-align: justify;\"><span style=\"color: #000080;\">\u00a0Quando, por\u00e9m, sua roda \u00e9 formada ou dominada por um bando refece de dem\u00f4nios, nesse momento a Na\u00e7\u00e3o corre os mais s\u00e9rios perigos.<\/span><\/p>\n<p style=\"text-align: justify;\"><span style=\"color: #000080;\">\u00a0Esta era a conjuntura do perigo e do terror na qual viveu o Brasil de 1962 a 1964.<\/span><\/p>\n<p style=\"text-align: center;\"><span style=\"color: #ff0000;\">General Olympio Mour\u00e3o Filho<\/span><\/p>\n<p style=\"text-align: justify;\"><span style=\"color: #000080;\">Ricardo Bergamini<\/span><br \/>\n<span style=\"color: #000080;\">(48) 99636-7322<\/span><br \/>\n<span style=\"color: #000080;\">(48) 99976-6974<\/span><br \/>\n<span style=\"color: #000080;\">Membro do Grupo Pensar+ <a style=\"color: #000080;\" href=\"http:\/\/www.pontocritico.com\" target=\"_blank\">www.pontocritico.com<\/a><\/span><br \/>\n<span style=\"color: #000080;\"><a style=\"color: #000080;\" href=\"mailto:ricardobergamini@ricardobergamini.com.br\" target=\"_blank\">ricardobergamini@ricardobergamini.com.br<\/a><\/span><br \/>\n<span style=\"color: #000080;\"><a style=\"color: #000080;\" href=\"http:\/\/www.ricardobergamini.com.br\" target=\"_blank\">www.ricardobergamini.com.br<\/a><\/span><\/p>\n","protected":false},"excerpt":{"rendered":"<p>Reflex\u00e3o Hist\u00f3rica Trecho extra\u00eddo do livro intitulado: \u201cMEM\u00d3RIAS: A VERDADE DE UM REVOLUCION\u00c1RIO\u201d, apresentado pelo historiador H\u00e9lio Silva, publicado em 1978, pela L&amp;M Editores Ltda,&#8230;<\/p>\n","protected":false},"author":18,"featured_media":1329,"comment_status":"open","ping_status":"open","sticky":false,"template":"","format":"standard","meta":[],"categories":[3,2],"tags":[],"_links":{"self":[{"href":"http:\/\/acaopolitica.com\/index.php\/wp-json\/wp\/v2\/posts\/1326"}],"collection":[{"href":"http:\/\/acaopolitica.com\/index.php\/wp-json\/wp\/v2\/posts"}],"about":[{"href":"http:\/\/acaopolitica.com\/index.php\/wp-json\/wp\/v2\/types\/post"}],"author":[{"embeddable":true,"href":"http:\/\/acaopolitica.com\/index.php\/wp-json\/wp\/v2\/users\/18"}],"replies":[{"embeddable":true,"href":"http:\/\/acaopolitica.com\/index.php\/wp-json\/wp\/v2\/comments?post=1326"}],"version-history":[{"count":3,"href":"http:\/\/acaopolitica.com\/index.php\/wp-json\/wp\/v2\/posts\/1326\/revisions"}],"predecessor-version":[{"id":1331,"href":"http:\/\/acaopolitica.com\/index.php\/wp-json\/wp\/v2\/posts\/1326\/revisions\/1331"}],"wp:featuredmedia":[{"embeddable":true,"href":"http:\/\/acaopolitica.com\/index.php\/wp-json\/wp\/v2\/media\/1329"}],"wp:attachment":[{"href":"http:\/\/acaopolitica.com\/index.php\/wp-json\/wp\/v2\/media?parent=1326"}],"wp:term":[{"taxonomy":"category","embeddable":true,"href":"http:\/\/acaopolitica.com\/index.php\/wp-json\/wp\/v2\/categories?post=1326"},{"taxonomy":"post_tag","embeddable":true,"href":"http:\/\/acaopolitica.com\/index.php\/wp-json\/wp\/v2\/tags?post=1326"}],"curies":[{"name":"wp","href":"https:\/\/api.w.org\/{rel}","templated":true}]}}