{"id":1332,"date":"2017-03-31T20:09:45","date_gmt":"2017-03-31T20:09:45","guid":{"rendered":"http:\/\/acaopolitica.com\/?p=1332"},"modified":"2017-03-31T20:19:38","modified_gmt":"2017-03-31T20:19:38","slug":"31-de-marco-de-1964-a-verdade-deturpada","status":"publish","type":"post","link":"http:\/\/acaopolitica.com\/index.php\/2017\/03\/31\/31-de-marco-de-1964-a-verdade-deturpada\/","title":{"rendered":"31 de mar\u00e7o de 1964, a verdade deturpada"},"content":{"rendered":"<p style=\"text-align: justify;\">Quem viveu os fatos daquela \u00e9poca, devem ainda ter lembran\u00e7as do que realmente acontecia em nossa na\u00e7\u00e3o. Uma \u00e9poca de plena guerra fria, onde URSS e China articulavam para a expans\u00e3o do comunismo no mundo. Aqui na am\u00e9rica, lograram \u00eaxito em Cuba, aproveitando-se do esp\u00edrito ambicioso de Fidel Castro, que foi atra\u00eddo para a implanta\u00e7\u00e3o de um regime ditatorial e comunista, e que mais tarde passou, a exportar a ideia revolucion\u00e1ria, financiada pela URSS e China, para os pa\u00edses da am\u00e9rica do sul.<\/p>\n<p style=\"text-align: justify;\">Aqui, nesta terra tupiniquim, dois l\u00edderes amplamente influenciado pelo sucesso da revolu\u00e7\u00e3o cubana, iniciavam sistem\u00e1tica prega\u00e7\u00e3o contra o imperialismo norte-americano, no sul despontava o caudilho Leonel Brizola, com seus grupo dos onze e no nordeste, Miguel Arraes com as ligas camponesas. Ambos insuflavam a popula\u00e7\u00e3o a se rebelar contra os grandes propriet\u00e1rios de terras e contra o capitalismo.<\/p>\n<p style=\"text-align: justify;\">Enquanto, na presid\u00eancia, Jo\u00e3o Goulart um governante fraco, manipulado e usado pelo cunhado Brizola, o Brasil aprofundava-se em grave crise econ\u00f4mica e pol\u00edtica, num clima de grande incerteza e prop\u00edcio para a implanta\u00e7\u00e3o de um regime comunista, nos moldes que fora implantado em Cuba.<\/p>\n<p style=\"text-align: justify;\">A convuls\u00e3o social era imensa, greves pipocavam em todo o pa\u00eds, fruto do engajamento pol\u00edtico dos sindicatos, criados por Vargas e totalmente subordinados \u00e0 causa patrocinada pela dupla Brizola\/Jango, a indisciplina nas for\u00e7as armadas, estimulada pelo pr\u00f3prio governo, tornava-se preocupante, como a revolta dos marinheiros no Rio e dos Sargentos em Bras\u00edlia. Jo\u00e3o Goulart, aproveitando desta desordem geral, por est\u00edmulo e apoio de Brizola e Arraes, articulava implantar suas \u201creformas de base\u201d, \u00e0 revelia do Congresso Nacional e da opini\u00e3o p\u00fablica da imensa maioria dos brasileiros.<\/p>\n<p style=\"text-align: justify;\">A evolu\u00e7\u00e3o da crise, indicava que num tempo muito breve, o regime democr\u00e1tico sofreria um duro golpe de esquerda, possivelmente com a implanta\u00e7\u00e3o de um regime comunista. A popula\u00e7\u00e3o, totalmente assustada e indefesa a tudo assistia, sem saber o que fazer.<\/p>\n<p style=\"text-align: justify;\">No dia 13 de mar\u00e7o, Jango participou do com\u00edcio da Central do Brasil, onde anunciou as reformas, na presen\u00e7a de entidades sindicais, trabalhadores, servidores p\u00fablicos, militares, estudantes e outros, esta posi\u00e7\u00e3o nacionalista-reformista desencadeou os acontecimentos, fazendo que dias depois, em 19 de mar\u00e7o, v\u00e1rios grupos sociais, o clero, as fam\u00edlias e os setores pol\u00edticos mais conservadores se organizassem na Marcha da Fam\u00edlia com Deus pela Liberdade, levando \u00e0s ruas mais de um milh\u00e3o de pessoas em S\u00e3o Paulo.<\/p>\n<p style=\"text-align: justify;\">Estes acontecimentos, deixavam claro que o regime democr\u00e1tico estava em perigo, e que prenunciava um golpe de estado a qualquer momento, ainda mais, que se corria o risco de surgir uma fragmenta\u00e7\u00e3o dentro da For\u00e7as Armadas, como os acontecimentos que se sucederam ap\u00f3s o dia 31 deixaram claro, pois alguns generais, em primeiro momento, assumiram a posi\u00e7\u00e3o em favor de Jango\/Brizola. Diante disto, os altos comandos das FAA, desencadearam em 31 de mar\u00e7o, o que chamam de golpe militar, revolu\u00e7\u00e3o, ou mais assertivamente, contragolpe ou contrarrevolu\u00e7\u00e3o.<\/p>\n<p style=\"text-align: justify;\">O 31 de mar\u00e7o existiu, por causa de fatos irrefut\u00e1veis e do caos absoluto que o pa\u00eds havia mergulhado, instigado por caudilhos, que queriam arrebatar o poder e implantar um regime totalit\u00e1rio e comunista, que certamente teria lan\u00e7ado o Brasil no seu mais negro per\u00edodo da hist\u00f3ria. A a\u00e7\u00e3o de alguns generais, naquele momento dif\u00edcil, impediu por algumas dezenas de anos, que a esquerda tomasse o poder, com suas tr\u00e1gicas consequ\u00eancias.<\/p>\n<p style=\"text-align: justify;\">Em que pese os erros cometidos durante o per\u00edodo que os militares detiveram o poder, com convic\u00e7\u00e3o posso afirmar, que foram muitos menos graves, do que os danos que aqueles grupos cometeriam se tivessem arrebatado o poder.<\/p>\n<p style=\"text-align: justify;\">A hist\u00f3ria, ap\u00f3s a sa\u00edda dos militares do poder, foram deturpadas e criaram inverdades e mentiras, denegrindo a imagem desta institui\u00e7\u00e3o que d\u00e1 orgulho \u00e0 na\u00e7\u00e3o, que s\u00e3o as For\u00e7as Armadas.<\/p>\n<p style=\"text-align: justify;\">31 de mar\u00e7o deve ser uma data comemorativa do povo brasileiro, pois neste dia a na\u00e7\u00e3o se libertou da maior amea\u00e7a contra a liberdade e a democracia.<\/p>\n","protected":false},"excerpt":{"rendered":"<p>Quem viveu os fatos daquela \u00e9poca, devem ainda ter lembran\u00e7as do que realmente acontecia em nossa na\u00e7\u00e3o. Uma \u00e9poca de plena guerra fria, onde URSS&#8230;<\/p>\n","protected":false},"author":21,"featured_media":1336,"comment_status":"open","ping_status":"open","sticky":false,"template":"","format":"standard","meta":[],"categories":[2],"tags":[],"_links":{"self":[{"href":"http:\/\/acaopolitica.com\/index.php\/wp-json\/wp\/v2\/posts\/1332"}],"collection":[{"href":"http:\/\/acaopolitica.com\/index.php\/wp-json\/wp\/v2\/posts"}],"about":[{"href":"http:\/\/acaopolitica.com\/index.php\/wp-json\/wp\/v2\/types\/post"}],"author":[{"embeddable":true,"href":"http:\/\/acaopolitica.com\/index.php\/wp-json\/wp\/v2\/users\/21"}],"replies":[{"embeddable":true,"href":"http:\/\/acaopolitica.com\/index.php\/wp-json\/wp\/v2\/comments?post=1332"}],"version-history":[{"count":2,"href":"http:\/\/acaopolitica.com\/index.php\/wp-json\/wp\/v2\/posts\/1332\/revisions"}],"predecessor-version":[{"id":1335,"href":"http:\/\/acaopolitica.com\/index.php\/wp-json\/wp\/v2\/posts\/1332\/revisions\/1335"}],"wp:featuredmedia":[{"embeddable":true,"href":"http:\/\/acaopolitica.com\/index.php\/wp-json\/wp\/v2\/media\/1336"}],"wp:attachment":[{"href":"http:\/\/acaopolitica.com\/index.php\/wp-json\/wp\/v2\/media?parent=1332"}],"wp:term":[{"taxonomy":"category","embeddable":true,"href":"http:\/\/acaopolitica.com\/index.php\/wp-json\/wp\/v2\/categories?post=1332"},{"taxonomy":"post_tag","embeddable":true,"href":"http:\/\/acaopolitica.com\/index.php\/wp-json\/wp\/v2\/tags?post=1332"}],"curies":[{"name":"wp","href":"https:\/\/api.w.org\/{rel}","templated":true}]}}