{"id":1338,"date":"2017-04-01T20:27:31","date_gmt":"2017-04-01T20:27:31","guid":{"rendered":"http:\/\/acaopolitica.com\/?p=1338"},"modified":"2017-04-01T20:32:34","modified_gmt":"2017-04-01T20:32:34","slug":"desacatos-em-serie-03","status":"publish","type":"post","link":"http:\/\/acaopolitica.com\/index.php\/2017\/04\/01\/desacatos-em-serie-03\/","title":{"rendered":"Desacatos em s\u00e9rie &#8211; 03"},"content":{"rendered":"<p style=\"text-align: justify;\"><span style=\"color: #ff0000;\">Prezados Senhores<\/span><\/p>\n<p style=\"text-align: justify;\"><span style=\"color: #ff0000;\">O minist\u00e9rio da sa\u00fade informa: quem tiver problemas de sa\u00fade n\u00e3o leia essa mat\u00e9ria. \u00c9 estarrecedora. \u00a0At\u00e9 quando?<\/span><\/p>\n<p style=\"text-align: center;\"><span style=\"color: #000080;\">Desacatos em s\u00e9rie<\/span><\/p>\n<p style=\"text-align: justify;\"><span style=\"color: #000080;\">De forma inconseq\u00fcente e comportando-se como se estivessem acima da lei, Lula e Ciro Gomes voltam a atacar autoridades da Lava Jato, numa escalada de intimida\u00e7\u00f5es ao Judici\u00e1rio sem precedentes na hist\u00f3ria recente do Pa\u00eds. At\u00e9 quando?<\/span><\/p>\n<p style=\"text-align: justify;\"><a href=\"http:\/\/acaopolitica.com\/wp-content\/uploads\/2017\/04\/lula_banana.jpg\"><img loading=\"lazy\" class=\"size-full wp-image-1339 aligncenter\" src=\"http:\/\/acaopolitica.com\/wp-content\/uploads\/2017\/04\/lula_banana.jpg\" alt=\"\" width=\"508\" height=\"286\" srcset=\"http:\/\/acaopolitica.com\/wp-content\/uploads\/2017\/04\/lula_banana.jpg 508w, http:\/\/acaopolitica.com\/wp-content\/uploads\/2017\/04\/lula_banana-300x169.jpg 300w\" sizes=\"(max-width: 508px) 100vw, 508px\" \/><\/a><span style=\"color: #000080;\">31.03.17 &#8211; 19h00<\/span><\/p>\n<p style=\"text-align: justify;\"><span style=\"color: #000080;\">Declara\u00e7\u00f5es investidas de uma aud\u00e1cia \u00edmpar proferidas pelo ex-presidente Luiz In\u00e1cio Lula da Silva (PT) e pelo ex-ministro<\/span><\/p>\n<p style=\"text-align: justify;\"><span style=\"color: #000080;\"><a href=\"http:\/\/acaopolitica.com\/wp-content\/uploads\/2017\/04\/desacatos.jpg\"><img loading=\"lazy\" class=\" wp-image-1340 aligncenter\" src=\"http:\/\/acaopolitica.com\/wp-content\/uploads\/2017\/04\/desacatos.jpg\" alt=\"\" width=\"434\" height=\"1152\" srcset=\"http:\/\/acaopolitica.com\/wp-content\/uploads\/2017\/04\/desacatos.jpg 418w, http:\/\/acaopolitica.com\/wp-content\/uploads\/2017\/04\/desacatos-113x300.jpg 113w, http:\/\/acaopolitica.com\/wp-content\/uploads\/2017\/04\/desacatos-388x1030.jpg 388w\" sizes=\"(max-width: 434px) 100vw, 434px\" \/><\/a><\/span><span style=\"color: #000080;\">Ciro Gomes, repletas de ofensas e cr\u00edticas pesadas aos coordenadores da Opera\u00e7\u00e3o Lava Jato, colocam os dois pretensos candidatos a presidente da Rep\u00fablica em 2018 na rota de colis\u00e3o com o ordenamento jur\u00eddico. O tom raivoso de Lula, que chamou um procurador de \u201cmoleque\u201d, pode ser enquadrado, no m\u00ednimo, como um crime de inj\u00faria. O despaut\u00e9rio de Ciro, que afirmou receber \u201cna bala (sic)\u201d as pessoas porventura enviadas pelo juiz Sergio Moro para prend\u00ea-lo, configura uma amea\u00e7a grav\u00edssima. Num passado n\u00e3o muito distante, declara\u00e7\u00f5es como essas levariam os dois a serem responsabilizados por desacato \u00e0 autoridade. Se fossem cidad\u00e3os comuns, poderiam ser presos por isso.<\/span><\/p>\n<p style=\"text-align: justify;\"><span style=\"color: #000080;\">A escalada de ataques ao Judici\u00e1rio n\u00e3o encontra paralelo na hist\u00f3ria recente do Pa\u00eds. O palco da sanha verborr\u00e1gica de Lula, como n\u00e3o poderia deixar de ser, foi um semin\u00e1rio do PT, na sexta-feira 24, em que o partido, logo quem, dignou-se a pontificar sobre a Opera\u00e7\u00e3o Lava Jato. Claro, a estrela principal do evento, r\u00e9u em cinco processos, tr\u00eas dos quais por corrup\u00e7\u00e3o, estava ali \u00fanica e exclusivamente para destilar improp\u00e9rios contra as autoridades que o investigam e julgam. O procurador Deltan Dallagnol foi tachado de \u201cmoleque\u201d. J\u00e1 Moro e um delegado da Pol\u00edcia Federal, segundo a r\u00e9gua de Lula, n\u00e3o tinham \u201ca lisura, a \u00e9tica e a honestidade\u201d que, pasme, o petista alega ter. Afirmou ainda que sua condu\u00e7\u00e3o coercitiva pela Pol\u00edcia Federal em mar\u00e7o de 2016, foi \u201ca coisa mais sem vergonha da hist\u00f3ria deste Pa\u00eds\u201d. Dois dias depois, foi a vez de Ciro, famoso por suas declara\u00e7\u00f5es completamente destrambelhadas e intimidat\u00f3rias, t\u00edpicas de um coronel do Nordeste, passar mais uma vez do tom. <\/span><\/p>\n<p style=\"text-align: center;\"><a href=\"http:\/\/acaopolitica.com\/wp-content\/uploads\/2017\/04\/desca2.jpg\"><img loading=\"lazy\" class=\"size-full wp-image-1341 aligncenter\" src=\"http:\/\/acaopolitica.com\/wp-content\/uploads\/2017\/04\/desca2.jpg\" alt=\"\" width=\"418\" height=\"235\" srcset=\"http:\/\/acaopolitica.com\/wp-content\/uploads\/2017\/04\/desca2.jpg 418w, http:\/\/acaopolitica.com\/wp-content\/uploads\/2017\/04\/desca2-300x169.jpg 300w\" sizes=\"(max-width: 418px) 100vw, 418px\" \/><\/a><span style=\"color: #000080;\">\u201cEle que mande me prender que eu recebo a turma do Moro na bala\u201d.<\/span><\/p>\n<p style=\"text-align: justify;\"><span style=\"color: #000080;\">Juristas ouvidos por Isto\u00c9 dizem que Lula e Ciro tamb\u00e9m cometeram crime de inj\u00faria ao amea\u00e7arem autoridades\u00a0<\/span><\/p>\n<p style=\"text-align: justify;\"><span style=\"color: #000080;\">Os ataques a Moro e Dallagnol n\u00e3o s\u00e3o impensados. Em 4 de mar\u00e7o de 2016, no dia da condu\u00e7\u00e3o coercitiva de Lula, o senador Jorge Viana (PT-AC) telefonou para o advogado do petista, Roberto Teixeira, e recomendou que o ex-presidente enfrentasse o processo jur\u00eddico de forma pol\u00edtica, for\u00e7ando uma pris\u00e3o por \u201cdesacato\u201d, chamando o juiz de \u201cbandido\u201d, a fim de transformar Lula em um \u201cpreso pol\u00edtico\u201d. Ou seja, trata-se de uma um estratagema do petista para escapar da Justi\u00e7a, e do radar de Moro, apelando para a vitimiza\u00e7\u00e3o.<\/span><\/p>\n<p style=\"text-align: justify;\"><span style=\"color: #000080;\">Tanto assim que logo depois da condu\u00e7\u00e3o coercitiva, Lula ingressou no Tribunal Regional Federal, da 4\u00aa Regi\u00e3o (TRF-4), em Porto Alegre, com pedido para que o juiz Sergio Moro deixasse de ser o respons\u00e1vel por seu julgamento em Curitiba. Lula, como se sabe, perdeu. Das cinco a\u00e7\u00f5es em que Lula \u00e9 r\u00e9u, duas est\u00e3o com Moro. Uma delas \u00e9 sobre os benef\u00edcios que ele recebeu na aquisi\u00e7\u00e3o de um tr\u00edplex no Guaruj\u00e1. Ate junho, o ex-presidente pode ser sentenciado. Caso seja condenado e o TRF-4 reafirme a senten\u00e7a, Lula torna-se ficha suja e n\u00e3o poder\u00e1 ser candidato em 2018. J\u00e1 contra Dallagnol, Lula entrou na Justi\u00e7a porque o procurador o denunciou como \u201cchefe de quadrilha\u201d numa entrevista coletiva para anunciar a abertura de mais um processo contra o ex-presidente. Lula chamou essa entrevista de den\u00fancia do \u201cPower point\u201d e est\u00e1 acionando Dallagnol na Justi\u00e7a, pedindo uma indeniza\u00e7\u00e3o por danos morais de R$ 1 milh\u00e3o.<\/span><\/p>\n<p style=\"text-align: justify;\"><span style=\"color: #000080;\">\u201cEle que mande me prender. Eu vou receber a turma dele na bala\u201d Ciro Gomes, segunda-feira, 27\/3.<\/span><\/p>\n<p style=\"text-align: justify;\"><span style=\"color: #000080;\">Fontes ligadas \u00e0 Justi\u00e7a do Paran\u00e1 dizem que tanto Lula quanto Ciro poderiam responder por crime de inj\u00faria ou desacato, mas que nem Dallagnol e nem Moro pretendem se ocupar com isso. O professor da USP Jos\u00e9 \u00c1lvaro Mois\u00e9s entende que as declara\u00e7\u00f5es dos dois presidenci\u00e1veis mostram um jeito autorit\u00e1rio de se lidar com quem pensa diferente. \u201cNos dois casos, embora em graus diferentes \u2013 o Ciro \u00e9 muito mais despreparado \u2013, eles partiram para brutalidade\u201d, avalia. Para o especialista, Ciro \u201cmerece a\u00e7\u00e3o policial\u201d. At\u00e9 quando?<\/span><\/p>\n<p style=\"text-align: justify;\"><span style=\"color: #000080;\">Ricardo Bergamini<br \/>\n(48) 99636-7322<br \/>\n(48) 99976-6974<br \/>\nMembro do Grupo Pensar+ <u><a style=\"color: #000080;\" href=\"http:\/\/www.pontocritico.com\" target=\"_blank\" data-saferedirecturl=\"https:\/\/www.google.com\/url?hl=en&amp;q=http:\/\/www.pontocritico.com&amp;source=gmail&amp;ust=1491163133018000&amp;usg=AFQjCNGHxseTYiuYgaLEWDkQYffdq_BnNw\">www.pontocritico.com<br \/>\n<\/a><\/u><\/span><span style=\"color: #000080;\"><u><a style=\"color: #000080;\" href=\"mailto:ricardobergamini@ricardobergamini.com.br\" target=\"_blank\">ricardobergamini@ricardobergamini.com.br<br \/>\n<\/a><\/u><\/span><span style=\"color: #000080;\"><u><a style=\"color: #000080;\" href=\"http:\/\/www.ricardobergamini.com.br\/\" target=\"_blank\" data-saferedirecturl=\"https:\/\/www.google.com\/url?hl=en&amp;q=http:\/\/www.ricardobergamini.com.br\/&amp;source=gmail&amp;ust=1491163133018000&amp;usg=AFQjCNH_IFKe3MseqMiG6JQBM387PSN14w\">www.ricardobergamini.com.br<\/a><\/u><\/span><\/p>\n<p style=\"text-align: justify;\"><span style=\"color: #000080;\">\u00a0<\/span><\/p>\n","protected":false},"excerpt":{"rendered":"<p>Prezados Senhores O minist\u00e9rio da sa\u00fade informa: quem tiver problemas de sa\u00fade n\u00e3o leia essa mat\u00e9ria. \u00c9 estarrecedora. \u00a0At\u00e9 quando? Desacatos em s\u00e9rie De forma&#8230;<\/p>\n","protected":false},"author":18,"featured_media":1058,"comment_status":"open","ping_status":"open","sticky":false,"template":"","format":"standard","meta":[],"categories":[2],"tags":[],"_links":{"self":[{"href":"http:\/\/acaopolitica.com\/index.php\/wp-json\/wp\/v2\/posts\/1338"}],"collection":[{"href":"http:\/\/acaopolitica.com\/index.php\/wp-json\/wp\/v2\/posts"}],"about":[{"href":"http:\/\/acaopolitica.com\/index.php\/wp-json\/wp\/v2\/types\/post"}],"author":[{"embeddable":true,"href":"http:\/\/acaopolitica.com\/index.php\/wp-json\/wp\/v2\/users\/18"}],"replies":[{"embeddable":true,"href":"http:\/\/acaopolitica.com\/index.php\/wp-json\/wp\/v2\/comments?post=1338"}],"version-history":[{"count":2,"href":"http:\/\/acaopolitica.com\/index.php\/wp-json\/wp\/v2\/posts\/1338\/revisions"}],"predecessor-version":[{"id":1343,"href":"http:\/\/acaopolitica.com\/index.php\/wp-json\/wp\/v2\/posts\/1338\/revisions\/1343"}],"wp:featuredmedia":[{"embeddable":true,"href":"http:\/\/acaopolitica.com\/index.php\/wp-json\/wp\/v2\/media\/1058"}],"wp:attachment":[{"href":"http:\/\/acaopolitica.com\/index.php\/wp-json\/wp\/v2\/media?parent=1338"}],"wp:term":[{"taxonomy":"category","embeddable":true,"href":"http:\/\/acaopolitica.com\/index.php\/wp-json\/wp\/v2\/categories?post=1338"},{"taxonomy":"post_tag","embeddable":true,"href":"http:\/\/acaopolitica.com\/index.php\/wp-json\/wp\/v2\/tags?post=1338"}],"curies":[{"name":"wp","href":"https:\/\/api.w.org\/{rel}","templated":true}]}}