{"id":1347,"date":"2017-04-04T03:29:57","date_gmt":"2017-04-04T03:29:57","guid":{"rendered":"http:\/\/acaopolitica.com\/?p=1347"},"modified":"2017-04-04T03:33:37","modified_gmt":"2017-04-04T03:33:37","slug":"entrevista-com-joao-c-neves-a-radio-nereu-ramos-em-24-03-2017","status":"publish","type":"post","link":"http:\/\/acaopolitica.com\/index.php\/2017\/04\/04\/entrevista-com-joao-c-neves-a-radio-nereu-ramos-em-24-03-2017\/","title":{"rendered":"Entrevista com Jo\u00e3o C. Neves \u00e0 R\u00e1dio Nereu Ramos em 24-03-2017"},"content":{"rendered":"<p style=\"text-align: justify;\">Entrevista com Jo\u00e3o C. Neves (coordenador do IVL) ao Programa Espa\u00e7o ACIB na R\u00e1dio Nereu Ramos.<\/p>\n<p>Principal pauta da entrevista era a divulga\u00e7\u00e3o da manifesta\u00e7\u00e3o do dia 26\/03\/2017, em apoio \u00e0 Lava Jato.<\/p>\n<p style=\"text-align: justify;\">\u00cdntegra da entrevista abaixo:<\/p>\n<div class=\"kad-youtube-shortcode videofit\"  ><iframe width=\"600\" height=\"400\" src=\"\/\/www.youtube.com\/embed\/to42LZqZRFs?autoplay=0&amp;controls=1&amp;fs=1&amp;modestbranding=0&amp;theme=dark&amp;rel=0&amp;loop=0\" frameborder=\"0\" allowfullscreen=\"true\"><\/iframe><\/div>\n<p style=\"text-align: justify;\">O ato foi registrado neste post:<\/p>\n<blockquote class=\"wp-embedded-content\" data-secret=\"8ySIDgYFt7\"><p><a href=\"https:\/\/acaopolitica.com\/index.php\/2017\/03\/27\/manifestacao-em-apoio-a-lava-jato-em-26-03-2017\/\">Manifesta\u00e7\u00e3o em apoio \u00e0 Lava Jato em 26-03-2017<\/a><\/p><\/blockquote>\n<p><iframe class=\"wp-embedded-content\" sandbox=\"allow-scripts\" security=\"restricted\" style=\"position: absolute; clip: rect(1px, 1px, 1px, 1px);\" title=\"&#8220;Manifesta\u00e7\u00e3o em apoio \u00e0 Lava Jato em 26-03-2017&#8221; &#8212; A&ccedil;&atilde;o Pol&iacute;tica\" src=\"https:\/\/acaopolitica.com\/index.php\/2017\/03\/27\/manifestacao-em-apoio-a-lava-jato-em-26-03-2017\/embed\/#?secret=2LUIMbrLaH#?secret=8ySIDgYFt7\" data-secret=\"8ySIDgYFt7\" width=\"500\" height=\"282\" frameborder=\"0\" marginwidth=\"0\" marginheight=\"0\" scrolling=\"no\"><\/iframe><\/p>\n<p style=\"text-align: justify;\">Fonte: <a href=\"http:\/\/www.radionereuramos.com.br\/espaco-empresarial-acib\/\" target=\"_blank\">http:\/\/www.radionereuramos.com.br\/espaco-empresarial-acib\/<\/a><\/p>\n","protected":false},"excerpt":{"rendered":"<p>Entrevista com Jo\u00e3o C. Neves (coordenador do IVL) ao Programa Espa\u00e7o ACIB na R\u00e1dio Nereu Ramos. Principal pauta da entrevista era a divulga\u00e7\u00e3o da manifesta\u00e7\u00e3o&#8230;<\/p>\n","protected":false},"author":1,"featured_media":1311,"comment_status":"open","ping_status":"open","sticky":false,"template":"","format":"standard","meta":[],"categories":[11,2],"tags":[],"_links":{"self":[{"href":"http:\/\/acaopolitica.com\/index.php\/wp-json\/wp\/v2\/posts\/1347"}],"collection":[{"href":"http:\/\/acaopolitica.com\/index.php\/wp-json\/wp\/v2\/posts"}],"about":[{"href":"http:\/\/acaopolitica.com\/index.php\/wp-json\/wp\/v2\/types\/post"}],"author":[{"embeddable":true,"href":"http:\/\/acaopolitica.com\/index.php\/wp-json\/wp\/v2\/users\/1"}],"replies":[{"embeddable":true,"href":"http:\/\/acaopolitica.com\/index.php\/wp-json\/wp\/v2\/comments?post=1347"}],"version-history":[{"count":2,"href":"http:\/\/acaopolitica.com\/index.php\/wp-json\/wp\/v2\/posts\/1347\/revisions"}],"predecessor-version":[{"id":1349,"href":"http:\/\/acaopolitica.com\/index.php\/wp-json\/wp\/v2\/posts\/1347\/revisions\/1349"}],"wp:featuredmedia":[{"embeddable":true,"href":"http:\/\/acaopolitica.com\/index.php\/wp-json\/wp\/v2\/media\/1311"}],"wp:attachment":[{"href":"http:\/\/acaopolitica.com\/index.php\/wp-json\/wp\/v2\/media?parent=1347"}],"wp:term":[{"taxonomy":"category","embeddable":true,"href":"http:\/\/acaopolitica.com\/index.php\/wp-json\/wp\/v2\/categories?post=1347"},{"taxonomy":"post_tag","embeddable":true,"href":"http:\/\/acaopolitica.com\/index.php\/wp-json\/wp\/v2\/tags?post=1347"}],"curies":[{"name":"wp","href":"https:\/\/api.w.org\/{rel}","templated":true}]}}