{"id":1352,"date":"2015-04-07T09:00:43","date_gmt":"2015-04-07T09:00:43","guid":{"rendered":"http:\/\/acaopolitica.com\/?p=1352"},"modified":"2017-04-06T04:50:26","modified_gmt":"2017-04-06T04:50:26","slug":"chamada-para-manifestacao-de-12-04-2015-pelo-impeachment-da-nao-presidente-dilma-rousseff","status":"publish","type":"post","link":"http:\/\/acaopolitica.com\/index.php\/2015\/04\/07\/chamada-para-manifestacao-de-12-04-2015-pelo-impeachment-da-nao-presidente-dilma-rousseff\/","title":{"rendered":"Chamada para manifesta\u00e7\u00e3o de 12-04-2015 pelo impeachment da N\u00c3O-presidente Dilma Rousseff"},"content":{"rendered":"<p style=\"text-align: justify;\">Chamada para a manifesta\u00e7\u00e3o de 12-04-2015.<\/p>\n<p style=\"text-align: justify;\">A pauta era o impeachment da N\u00c3O-presidente Dilma Rousseff.<\/p>\n<p style=\"text-align: justify;\">N\u00facleo do IVL \u00e0 \u00e9poca comandava o MBL Blumenau.<\/p>\n<p style=\"text-align: justify;\">Ap\u00f3s alguns meses o IVL optou pela extin\u00e7\u00e3o do que era o MBL Blumenau por incompatibilidade de valores e seguiu sua trajet\u00f3ria independente.<\/p>\n<p style=\"text-align: justify;\">Aparecem no v\u00eddeo:<br \/>\n&#8211; Bruna Maffei<br \/>\nPrimeira a aparecer no v\u00eddeo.<br \/>\nE seguiu como apoiadora do IVL<\/p>\n<p style=\"text-align: justify;\">&#8211; Jos\u00e9 Galdino<br \/>\nSegundo a aparecer no v\u00eddeo.<br \/>\nCo-fundador e coordenador do IVL<\/p>\n<p style=\"text-align: justify;\">&#8211; Alfredo Seubert<br \/>\nTerceiro a aparecer no v\u00eddeo.<br \/>\nCo-fundador e coordenador do IVL<\/p>\n<p style=\"text-align: justify;\">&#8211; Cyntia A. Muller<br \/>\nQuarta a aparecer no v\u00eddeo<br \/>\nCo-fundadora e coordenadora do IVL<\/p>\n<p style=\"text-align: justify;\">&#8211; Vanderlei Dallagnolo<br \/>\nQuinto a aparecer no v\u00eddeo.<br \/>\nCo-fundador e coordenador do IVL.<\/p>\n<p style=\"text-align: justify;\">N\u00e3o aparece no v\u00eddeo:<br \/>\nTiago G. C. dos Santos<br \/>\nCoordenador \u00e0 \u00e9poca e seguiu como apoiador do IVL<\/p>\n<div class=\"kad-youtube-shortcode videofit\"  ><iframe width=\"600\" height=\"400\" src=\"\/\/www.youtube.com\/embed\/1NHcL78MiRU?autoplay=0&amp;controls=1&amp;fs=1&amp;modestbranding=0&amp;theme=dark&amp;rel=0&amp;loop=0\" frameborder=\"0\" allowfullscreen=\"true\"><\/iframe><\/div>\n<p>&nbsp;<\/p>\n","protected":false},"excerpt":{"rendered":"<p>Chamada para a manifesta\u00e7\u00e3o de 12-04-2015. A pauta era o impeachment da N\u00c3O-presidente Dilma Rousseff. N\u00facleo do IVL \u00e0 \u00e9poca comandava o MBL Blumenau. Ap\u00f3s&#8230;<\/p>\n","protected":false},"author":1,"featured_media":1353,"comment_status":"open","ping_status":"open","sticky":false,"template":"","format":"standard","meta":[],"categories":[11,2],"tags":[],"_links":{"self":[{"href":"http:\/\/acaopolitica.com\/index.php\/wp-json\/wp\/v2\/posts\/1352"}],"collection":[{"href":"http:\/\/acaopolitica.com\/index.php\/wp-json\/wp\/v2\/posts"}],"about":[{"href":"http:\/\/acaopolitica.com\/index.php\/wp-json\/wp\/v2\/types\/post"}],"author":[{"embeddable":true,"href":"http:\/\/acaopolitica.com\/index.php\/wp-json\/wp\/v2\/users\/1"}],"replies":[{"embeddable":true,"href":"http:\/\/acaopolitica.com\/index.php\/wp-json\/wp\/v2\/comments?post=1352"}],"version-history":[{"count":1,"href":"http:\/\/acaopolitica.com\/index.php\/wp-json\/wp\/v2\/posts\/1352\/revisions"}],"predecessor-version":[{"id":1354,"href":"http:\/\/acaopolitica.com\/index.php\/wp-json\/wp\/v2\/posts\/1352\/revisions\/1354"}],"wp:featuredmedia":[{"embeddable":true,"href":"http:\/\/acaopolitica.com\/index.php\/wp-json\/wp\/v2\/media\/1353"}],"wp:attachment":[{"href":"http:\/\/acaopolitica.com\/index.php\/wp-json\/wp\/v2\/media?parent=1352"}],"wp:term":[{"taxonomy":"category","embeddable":true,"href":"http:\/\/acaopolitica.com\/index.php\/wp-json\/wp\/v2\/categories?post=1352"},{"taxonomy":"post_tag","embeddable":true,"href":"http:\/\/acaopolitica.com\/index.php\/wp-json\/wp\/v2\/tags?post=1352"}],"curies":[{"name":"wp","href":"https:\/\/api.w.org\/{rel}","templated":true}]}}