{"id":1365,"date":"2017-04-07T02:35:03","date_gmt":"2017-04-07T02:35:03","guid":{"rendered":"http:\/\/acaopolitica.com\/?p=1365"},"modified":"2017-04-07T02:40:31","modified_gmt":"2017-04-07T02:40:31","slug":"coordenadores-do-ivl-participam-de-reuniao-do-grupo-apoiadores-do-partido-novo-blumenau","status":"publish","type":"post","link":"http:\/\/acaopolitica.com\/index.php\/2017\/04\/07\/coordenadores-do-ivl-participam-de-reuniao-do-grupo-apoiadores-do-partido-novo-blumenau\/","title":{"rendered":"Coordenadores do IVL participam de reuni\u00e3o do grupo Apoiadores do Partido Novo Blumenau"},"content":{"rendered":"<p style=\"text-align: justify;\">Nesta quinta-feira, 06 de abril de 2017 coordenadores do IVL participaram de uma reuni\u00e3o das lideran\u00e7as do grupo Apoiadores do Partido Novo Blumenau. A reuni\u00e3o aconteceu no pr\u00f3prio munic\u00edpio de Blumenau\/SC.<\/p>\n<p style=\"text-align: justify;\">Este grupo visa fomentar a divulga\u00e7\u00e3o e planejar a\u00e7\u00f5es para o crescimento do Partido Novo naquela cidade.<\/p>\n<p style=\"text-align: justify;\">Estiverem presentes na reuni\u00e3o os coordenadores do IVL Cyntia A. Muller e Vanderlei Dallagnolo.<\/p>\n<p style=\"text-align: justify;\">O principal motivo desta participa\u00e7\u00e3o foi o convite recebido pela coordenadora Cyntia. Ela foi convidada a participar do processo seletivo que escolher\u00e1 os candidatos do respectivo partido para as elei\u00e7\u00f5es de 2018.\u00a0 No caso particular dela, para o cargo de Deputada Federal.<\/p>\n<p style=\"text-align: justify;\">Tal convite representa o reconhecimento da capacidade, trajet\u00f3ria destacada e coragem de nossa coordenadora Cyntia.<\/p>\n<p style=\"text-align: justify;\">O Partido Novo se destaca como uma op\u00e7\u00e3o bem singular no atual espectro da pol\u00edtica brasileira. Defendendo claramente livre iniciativa, diminui\u00e7\u00e3o do estado em tamanho e intromiss\u00e3o na sociedade e outras medidas liberalizantes.<\/p>\n<p style=\"text-align: justify;\">Recomendamos a todos que acreditam na via pol\u00edtica, de dentro pra fora como caminho de a\u00e7\u00e3o para saneamento e combate ao Estado que conhe\u00e7am mais as propostas do NOVO.<\/p>\n<p style=\"text-align: justify;\">Site do partido: <a href=\"https:\/\/novo.org.br\/\" target=\"_blank\">https:\/\/novo.org.br\/<\/a><\/p>\n<p style=\"text-align: justify;\">Grupo de apoiadores de Blumenau: <a href=\"https:\/\/www.facebook.com\/novoblumenau\/\" target=\"_blank\">https:\/\/www.facebook.com\/novoblumenau\/<\/a><\/p>\n<p style=\"text-align: justify;\">O IVL n\u00e3o possui diretriz que determina posi\u00e7\u00e3o contr\u00e1ria ou a favor da participa\u00e7\u00e3o de seus integrantes dentro da m\u00e1quina estatal ou estrutura partid\u00e1ria. Adotando uma postura de avalia\u00e7\u00e3o caso a caso sobre como o instituto vai se posicionar sobre cada iniciativa.<\/p>\n<p style=\"text-align: justify;\">At\u00e9 o momento do registro deste evento, n\u00e3o havia posi\u00e7\u00e3o formal da coordenadora Cyntia sobre o convite. Em caso de aceita\u00e7\u00e3o, tal decis\u00e3o ter\u00e1 ampla publicidade para a devida avalia\u00e7\u00e3o de todos os integrantes e apoiadores do IVL.<\/p>\n","protected":false},"excerpt":{"rendered":"<p>Nesta quinta-feira, 06 de abril de 2017 coordenadores do IVL participaram de uma reuni\u00e3o das lideran\u00e7as do grupo Apoiadores do Partido Novo Blumenau. A reuni\u00e3o&#8230;<\/p>\n","protected":false},"author":1,"featured_media":1366,"comment_status":"open","ping_status":"open","sticky":false,"template":"","format":"standard","meta":[],"categories":[11,2],"tags":[],"_links":{"self":[{"href":"http:\/\/acaopolitica.com\/index.php\/wp-json\/wp\/v2\/posts\/1365"}],"collection":[{"href":"http:\/\/acaopolitica.com\/index.php\/wp-json\/wp\/v2\/posts"}],"about":[{"href":"http:\/\/acaopolitica.com\/index.php\/wp-json\/wp\/v2\/types\/post"}],"author":[{"embeddable":true,"href":"http:\/\/acaopolitica.com\/index.php\/wp-json\/wp\/v2\/users\/1"}],"replies":[{"embeddable":true,"href":"http:\/\/acaopolitica.com\/index.php\/wp-json\/wp\/v2\/comments?post=1365"}],"version-history":[{"count":2,"href":"http:\/\/acaopolitica.com\/index.php\/wp-json\/wp\/v2\/posts\/1365\/revisions"}],"predecessor-version":[{"id":1368,"href":"http:\/\/acaopolitica.com\/index.php\/wp-json\/wp\/v2\/posts\/1365\/revisions\/1368"}],"wp:featuredmedia":[{"embeddable":true,"href":"http:\/\/acaopolitica.com\/index.php\/wp-json\/wp\/v2\/media\/1366"}],"wp:attachment":[{"href":"http:\/\/acaopolitica.com\/index.php\/wp-json\/wp\/v2\/media?parent=1365"}],"wp:term":[{"taxonomy":"category","embeddable":true,"href":"http:\/\/acaopolitica.com\/index.php\/wp-json\/wp\/v2\/categories?post=1365"},{"taxonomy":"post_tag","embeddable":true,"href":"http:\/\/acaopolitica.com\/index.php\/wp-json\/wp\/v2\/tags?post=1365"}],"curies":[{"name":"wp","href":"https:\/\/api.w.org\/{rel}","templated":true}]}}