{"id":1372,"date":"2017-04-09T03:33:34","date_gmt":"2017-04-09T03:33:34","guid":{"rendered":"http:\/\/acaopolitica.com\/?p=1372"},"modified":"2017-04-09T03:50:34","modified_gmt":"2017-04-09T03:50:34","slug":"fim-dramatico-do-segundo-falso-milagre-brasileiro-03","status":"publish","type":"post","link":"http:\/\/acaopolitica.com\/index.php\/2017\/04\/09\/fim-dramatico-do-segundo-falso-milagre-brasileiro-03\/","title":{"rendered":"Fim dram\u00e1tico do segundo falso milagre brasileiro &#8211; 03"},"content":{"rendered":"<p style=\"text-align: justify;\"><span style=\"color: #ff0000;\">Prezados Senhores<\/span><\/p>\n<p style=\"text-align: justify;\"><span style=\"color: #ff0000;\">No Brasil qualquer que seja o governante de plant\u00e3o somente tem poder sobre 15,16% das despesas, por isso o fracasso constante nas suas previs\u00f5es. Cabe lembrar que todas as reformas aprovadas ou em tramite no Congresso s\u00e3o para o futuro, com isso n\u00e3o v\u00e3o alterar em nada o estoque de problemas existentes hoje no Brasil, que \u00e9 assustador. Somente pessoas mal informadas ou pagas vendem ilus\u00f5es para o Brasil nos pr\u00f3ximos 10 anos. O segundo falso milagre brasileiro seguir\u00e1 o mesmo caminho. N\u00e3o existem milagres em economia.<\/span><\/p>\n<p style=\"text-align: justify;\"><span style=\"color: #ff0000;\">Cabe lembrar que o primeiro falso milagre brasileiro come\u00e7ou a fazer \u00e1gua no final da d\u00e9cada de 1970 e inicio de 1980 e somente em 1994, com o plano real, voltou aos trilhos.<\/span><\/p>\n<p style=\"text-align: justify;\"><span style=\"color: #ff0000;\">An\u00e1lise da baixa efic\u00e1cia da lei que limita os gastos p\u00fablicos, tendo servido apenas para concorrer ao \u201cOscar de Efeitos Especiais\u201d do governo de plant\u00e3o.<\/span><\/p>\n<p style=\"text-align: justify;\"><span style=\"color: #ff0000;\">&#8211; Gastos com Pessoal (inclui RPPS) n\u00e3o obedece aos governantes de plant\u00e3o, mas sim as cl\u00e1usulas p\u00e9treas da Constitui\u00e7\u00e3o com os seus ilimitados e intoc\u00e1veis direitos adquiridos. Correspondeu a 14,31% das despesas em 2016.<\/span><\/p>\n<p style=\"text-align: justify;\"><span style=\"color: #ff0000;\">&#8211; Juros e as demais Despesas de Capital n\u00e3o obedecem aos governantes de plant\u00e3o, mas sim as leis do mercado financeiro. Correspondeu a 29,05% das despesas em 2016.<\/span><\/p>\n<p style=\"text-align: justify;\"><span style=\"color: #ff0000;\">&#8211; Transfer\u00eancias para estados e munic\u00edpios n\u00e3o obedecem aos governantes de plant\u00e3o: as constitucionais obedecem aos percentuais estabelecidos na Constitui\u00e7\u00e3o em fun\u00e7\u00e3o da receita da Uni\u00e3o, e as volunt\u00e1rias dependem das cat\u00e1strofes naturais (S\u00e3o Pedro). Correspondeu a 15,74% das despesas em 2016.<\/span><\/p>\n<p style=\"text-align: justify;\"><span style=\"color: #ff0000;\">&#8211; Benef\u00edcios Previdenci\u00e1rios (RGPS), segundo o pr\u00f3prio governo, as previs\u00f5es s\u00e3o catastr\u00f3ficas e dependendo de uma reforma, seja ela qual for essa reforma somente ter\u00e1 efeito pr\u00e1tico de muito longo prazo. Correspondeu a 25,74% das despesas em 2016.<\/span><\/p>\n<p style=\"text-align: justify;\"><span style=\"color: #ff0000;\">Em vista do acima exposto somente restar\u00e1 ao governo controlar as \u201coutras despesas correntes\u201d. Correspondeu a 15,16% das despesas em 2016.<\/span><\/p>\n<p style=\"text-align: center;\"><span style=\"color: #0000ff;\"><a href=\"http:\/\/josiasdesouza.blogosfera.uol.com.br\/2017\/04\/07\/deficit-fiscal-e-gerido-a-golpes-de-magia-negra\/\" target=\"_blank\">D\u00e9ficit fiscal \u00e9 gerido a golpes de magia negra<\/a><br \/>\nJosias de Souza<br \/>\n<\/span><span style=\"color: #0000ff;\">07\/04\/2017 19:42<\/span><\/p>\n<p style=\"text-align: justify;\"><span style=\"color: #0000ff;\">Alguns economistas chamam a economia de \u201cci\u00eancia negra\u201d. Eles talvez fa\u00e7am isso porque a \u00fanica maneira de chamar a economia de ci\u00eancia \u00e9 aproximando-a da ideia de magia negra. O governo, voc\u00ea sabe, est\u00e1 quebrado. Previa-se que, em 2018, o Tesouro Nacional gastaria R$ 79 bilh\u00f5es acima do que ser\u00e1 arrecadado em impostos. Informa-se agora que o rombo ser\u00e1 maior: R$ 129 bilh\u00f5es. Por qu\u00ea? Na express\u00e3o do ministro Henrique Meirelles, da Fazenda, \u201cs\u00e3o efeitos defasados\u201d da crise econ\u00f4mica de 2015 e 2016. Ora, mas o governo dizia que esses efeitos da crise j\u00e1 estavam contabilizados. Ou seja: o que Meirelles est\u00e1 dizendo, com outras palavras, \u00e9 que sua equipe n\u00e3o sabe fazer contas.<\/span><\/p>\n<p style=\"text-align: justify;\"><span style=\"color: #0000ff;\">No ano passado, o governo foi muito criticado porque concedeu reajustes salariais a servidores p\u00fablicos que tiveram impacto bilion\u00e1rio sobre o Or\u00e7amento. E todas as autoridades, incluindo Michel Temer e Henrique Meirelles, diziam que n\u00e3o havia problema porque esses reajustes, negociados ainda no governo Dilma, j\u00e1 estavam lan\u00e7ados nas proje\u00e7\u00f5es de d\u00e9ficit. Era magia negra. Os economistas do governo atravessaram agulhas nos bonecos de 2016 e os efeitos est\u00e3o sendo sentidos agora, na pessoa errada: voc\u00ea.<\/span><\/p>\n<p style=\"text-align: justify;\"><span style=\"color: #0000ff;\">Na semana passada, o governo j\u00e1 tinha informado que, para manter o buraco deste ano de 2017 em R$ 139 bilh\u00f5es, como havia prometido, ter\u00e1 de arranjar R$ 58 bilh\u00f5es com cortes de despesas ou algum aumento de receita. Mas fique tranquilo, o governo jura que o equil\u00edbrio fiscal ser\u00e1 alcan\u00e7ado em 2020, quando teremos um super\u00e1vit nas contas p\u00fablicas de R$ 10 bilh\u00f5es. Esse n\u00famero provavelmente est\u00e1 errado. Mas at\u00e9 2020 Henrique Meirelles estar\u00e1 fora do governo. E uma das m\u00e1gicas da economia \u00e9 que os economistas sempre encontram solu\u00e7\u00f5es para os problemas do pa\u00eds quando saem do governo e se transformam em consultores e articulistas de jornal. Quer dizer: quando Henrique Meirelles deixar o governo saberemos o que fazer.<\/span><\/p>\n<p><span style=\"color: #0000ff;\">Ricardo Bergamini<br \/>\n<\/span><span style=\"color: #0000ff;\">(48) 99636-7322<br \/>\n<\/span><span style=\"color: #0000ff;\">(48) 99976-6974<br \/>\n<\/span><span style=\"color: #0000ff;\">Membro do Grupo Pensar+ <a href=\"http:\/\/www.pontocritico.com\" target=\"_blank\">www.pontocritico.com<\/a><br \/>\n<\/span><span style=\"color: #0000ff;\"><a href=\"mailto:ricardobergamini@ricardobergamini.com.br\" target=\"_blank\">ricardobergamini@ricardobergamini.com.br<\/a><br \/>\n<\/span><a href=\"http:\/\/www.ricardobergamini.com.br\" target=\"_blank\"><span style=\"color: #0000ff;\">www.ricardobergamini.com.br<\/span><\/a><\/p>\n","protected":false},"excerpt":{"rendered":"<p>Prezados Senhores No Brasil qualquer que seja o governante de plant\u00e3o somente tem poder sobre 15,16% das despesas, por isso o fracasso constante nas suas&#8230;<\/p>\n","protected":false},"author":18,"featured_media":1140,"comment_status":"open","ping_status":"open","sticky":false,"template":"","format":"standard","meta":[],"categories":[10],"tags":[],"_links":{"self":[{"href":"http:\/\/acaopolitica.com\/index.php\/wp-json\/wp\/v2\/posts\/1372"}],"collection":[{"href":"http:\/\/acaopolitica.com\/index.php\/wp-json\/wp\/v2\/posts"}],"about":[{"href":"http:\/\/acaopolitica.com\/index.php\/wp-json\/wp\/v2\/types\/post"}],"author":[{"embeddable":true,"href":"http:\/\/acaopolitica.com\/index.php\/wp-json\/wp\/v2\/users\/18"}],"replies":[{"embeddable":true,"href":"http:\/\/acaopolitica.com\/index.php\/wp-json\/wp\/v2\/comments?post=1372"}],"version-history":[{"count":2,"href":"http:\/\/acaopolitica.com\/index.php\/wp-json\/wp\/v2\/posts\/1372\/revisions"}],"predecessor-version":[{"id":1374,"href":"http:\/\/acaopolitica.com\/index.php\/wp-json\/wp\/v2\/posts\/1372\/revisions\/1374"}],"wp:featuredmedia":[{"embeddable":true,"href":"http:\/\/acaopolitica.com\/index.php\/wp-json\/wp\/v2\/media\/1140"}],"wp:attachment":[{"href":"http:\/\/acaopolitica.com\/index.php\/wp-json\/wp\/v2\/media?parent=1372"}],"wp:term":[{"taxonomy":"category","embeddable":true,"href":"http:\/\/acaopolitica.com\/index.php\/wp-json\/wp\/v2\/categories?post=1372"},{"taxonomy":"post_tag","embeddable":true,"href":"http:\/\/acaopolitica.com\/index.php\/wp-json\/wp\/v2\/tags?post=1372"}],"curies":[{"name":"wp","href":"https:\/\/api.w.org\/{rel}","templated":true}]}}