{"id":1376,"date":"2017-04-09T21:01:39","date_gmt":"2017-04-09T21:01:39","guid":{"rendered":"http:\/\/acaopolitica.com\/?p=1376"},"modified":"2017-04-11T01:17:44","modified_gmt":"2017-04-11T01:17:44","slug":"tatica-ou-totalitarismo-por-que-trump-ordenou-ataque-a-base-na-siria","status":"publish","type":"post","link":"http:\/\/acaopolitica.com\/index.php\/2017\/04\/09\/tatica-ou-totalitarismo-por-que-trump-ordenou-ataque-a-base-na-siria\/","title":{"rendered":"T\u00e1tica ou totalitarismo: Por que Trump ordenou ataque \u00e0 base na S\u00edria"},"content":{"rendered":"<h5><span style=\"color: #0000ff;\">A guerra atual na S\u00edria<\/span><\/h5>\n<p style=\"text-align: justify;\">A S\u00edria \u00e9 um pa\u00eds no Oriente M\u00e9dio. E por essa localiza\u00e7\u00e3o tem import\u00e2ncia geopol\u00edtica para as grandes potenciais mundiais. Import\u00e2ncia derivada do petr\u00f3leo e oleodutos da regi\u00e3o, pela localiza\u00e7\u00e3o estrat\u00e9gica do ponto de vista militar.\u00a0 E por ser uma via de acesso para os isl\u00e2micos acessarem a Europa.<\/p>\n<p style=\"text-align: justify;\">A R\u00fassia e a China ap\u00f3iam o governo atual do (ditador) presidente Bashar al-Assad por conta de seus interesses na regi\u00e3o. A R\u00fassia com envolvimento direto no conflito dando v\u00e1rios suportes a Bashar al-Assad. Os EUA s\u00e3o contra Bashar al-Assad porque \u00e9 um ditador e que cometeu crimes contra a humanidade. Ao mesmo tempo, ele \u00e9 um entrave para o avan\u00e7o do ISIS na regi\u00e3o, que \u00e9 um inimigo pior para os EUA.<\/p>\n<p style=\"text-align: justify;\">Esta oposi\u00e7\u00e3o entre R\u00fassia e China de um lado e os EUA do outro, fazem do conflito na S\u00edria um potencial foco de in\u00edcio para uma 3\u00aa Guerra Mundial.<\/p>\n<p style=\"text-align: justify;\">A atual guerra na S\u00edria come\u00e7ou em meados de 2011 como mais uma etapa do movimento que varreu o Oriente M\u00e9dio que ficou conhecido como Primavera \u00c1rabe. Levantes e revoltas populares em v\u00e1rios pa\u00edses do Oriente M\u00e9dio visando derrubar os governos mais ou menos ditatoriais daquela regi\u00e3o. Em alguns locais foi r\u00e1pido e sem maiores conflitos\u00a0 (como na Tun\u00edsia e Egito). Em outros foi mais sangrento como na L\u00edbia. E o mais extremo at\u00e9 aqui tem sido o conflito na S\u00edria. As demandas das popula\u00e7\u00f5es daqueles pa\u00edses por mais liberdade s\u00e3o leg\u00edtimas. Entretanto, est\u00e3o sendo usados por grupos poderosos para derrubar governos ruins e colocar coisas piores no lugar como o ISIS. Porque for\u00e7as apoiadas pela Irmandade Mu\u00e7ulmana s\u00e3o as \u00fanicas com poder e organiza\u00e7\u00e3o na regi\u00e3o para assumir as ru\u00ednas dos governos derrubados.<\/p>\n<p style=\"text-align: justify;\">Neste momento, na S\u00edria, temos basicamente 4 grupos principais em conflito (divididos em subgrupos com pouca coes\u00e3o interna):<\/p>\n<ul style=\"text-align: justify;\">\n<li>O primeiro grupo \u00e9 o governo atual de Bashar al-Assad que controla cerca de 35% do territ\u00f3rio e 65% da popula\u00e7\u00e3o. Eles est\u00e3o vencendo a guerra.<\/li>\n<\/ul>\n<ul style=\"text-align: justify;\">\n<li>O segundo grupo \u00e9 a Oposi\u00e7\u00e3o S\u00edria ou Ex\u00e9rcito S\u00edrio de Liberta\u00e7\u00e3o (na verdade, v\u00e1rias grupos na coaliz\u00e3o). Este grupo \u00e9 a continuidade daquele que iniciou a oposi\u00e7\u00e3o armada ao governo Assad.<\/li>\n<\/ul>\n<ul style=\"text-align: justify;\">\n<li>O terceiro grupo \u00e9 o Rojava que controla o noroeste da S\u00edria. Com vi\u00e9s comunista.<\/li>\n<\/ul>\n<ul style=\"text-align: justify;\">\n<li>O quarto grupo \u00e9 o ISIS ou Estado Isl\u00e2mico que controla aproximadamente 33% do territ\u00f3rio e 10% da popula\u00e7\u00e3o, principalmente no centro e sudoeste do pa\u00eds. \u00c9 o grupo amplamente conhecido pelos crimes e brutalidade na imposi\u00e7\u00e3o da lei isl\u00e2mica nos territ\u00f3rios sob seu controle<\/li>\n<\/ul>\n<p><a href=\"http:\/\/acaopolitica.com\/wp-content\/uploads\/2017\/04\/mapa_siria.png\"><img loading=\"lazy\" class=\"wp-image-1383 aligncenter\" src=\"http:\/\/acaopolitica.com\/wp-content\/uploads\/2017\/04\/mapa_siria.png\" alt=\"\" width=\"703\" height=\"381\" srcset=\"http:\/\/acaopolitica.com\/wp-content\/uploads\/2017\/04\/mapa_siria.png 1220w, http:\/\/acaopolitica.com\/wp-content\/uploads\/2017\/04\/mapa_siria-300x163.png 300w, http:\/\/acaopolitica.com\/wp-content\/uploads\/2017\/04\/mapa_siria-768x416.png 768w, http:\/\/acaopolitica.com\/wp-content\/uploads\/2017\/04\/mapa_siria-1030x558.png 1030w\" sizes=\"(max-width: 703px) 100vw, 703px\" \/><\/a><\/p>\n<p style=\"text-align: justify;\">Na pr\u00e1tica, nenhum deles \u00e9 uma boa op\u00e7\u00e3o para o povo s\u00edrio. Ou s\u00e3o explicitamente criminosos e terroristas, ap\u00f3iam ditadores ou tem suporte de terroristas. E todos j\u00e1 cometeram graves crimes contra a popula\u00e7\u00e3o. Podemos destacar como o mais nocivo, o ISIS, pela sua natureza explicitamente criminosa.<\/p>\n<p style=\"text-align: justify;\">Algumas for\u00e7as de menor relev\u00e2ncia podem ser consideradas ben\u00e9ficas, desde mil\u00edcias crist\u00e3s at\u00e9 grupos de volunt\u00e1rios estrangeiros (principalmente, europeus). Sem relev\u00e2ncia no contexto geral do conflito.<\/p>\n<p style=\"text-align: justify;\">Cabe lembrar que Bashar al-Assad \u00e9 um ditador que governa o pa\u00eds desde o ano 2.000. E que o pai liderou a ditadura no pa\u00eds durante 30 anos.<\/p>\n<h5 style=\"text-align: justify;\"><span style=\"color: #0000ff;\">O ataque qu\u00edmico e a resposta americana<\/span><\/h5>\n<p style=\"text-align: justify;\">Segundo fontes da intelig\u00eancia americana o governo Assad ordenou um ataque com g\u00e1s sarin contra sua pr\u00f3pria popula\u00e7\u00e3o em 04 de abril de 2017. Um ataque de arma qu\u00edmica contra popula\u00e7\u00e3o civil. Este g\u00e1s mata principalmente por sufocamento. Mais de 100 mortos, incluindo mulheres e crian\u00e7as.<\/p>\n<p style=\"text-align: justify;\">Como rea\u00e7\u00e3o a este ato, em 07 de abril de 2017, Donald Trump ordenou um ataque com m\u00edsseis tomahawk lan\u00e7ados de destr\u00f3ieres americanos no Mar Mediterr\u00e2neo, contra uma base da for\u00e7a a\u00e9rea s\u00edria. Devido \u00e0 base ser indicada pela intelig\u00eancia americana como origem do lan\u00e7amento do ataque de g\u00e1s e dep\u00f3sito de armas qu\u00edmicas. Foram lan\u00e7ados cerca de 60 m\u00edsseis.<\/p>\n<p style=\"text-align: justify;\">Esta a\u00e7\u00e3o de Trump gerou imediatas cr\u00edticas internas, pois vai na contram\u00e3o do seu discurso durante a campanha onde se dizia contr\u00e1rio aos EUA fazerem interven\u00e7\u00f5es em outro pa\u00eds para mudan\u00e7a de regime. Al\u00e9m dos fortes ind\u00edcios de que o ataque qu\u00edmico foi um &#8221; ataque de falsa bandeira &#8220;; um ataque para incriminar Bashar al-Assad que n\u00e3o teria motivos para atacar agora, considerando que est\u00e1 vencendo a guerra.<\/p>\n<p style=\"text-align: justify;\">Do ponto de vista t\u00e9cnico Donald Trump n\u00e3o cometeu um ato de guerra. Ele ordenou um ataque localizado, preciso e justificado a um alvo militar de um pa\u00eds governado por uma ditadura e que feriu acordos internacionais (que os EUA s\u00e3o signat\u00e1rios). Ele agiu fora do que autoriza a Constitui\u00e7\u00e3o Americana e dentro do que permite a lei (que d\u00e1 possibilidade do presidente americano declarar guerra por 90 dias e depois obter autoriza\u00e7\u00e3o do congresso para continuar). \u00c9 uma brecha criada na d\u00e9cada de 70 que vem sendo usada pelos presidentes deste ent\u00e3o e ainda n\u00e3o foi solucionada.<\/p>\n<p style=\"text-align: justify;\">Al\u00e9m da justificativa humanit\u00e1ria. E tamb\u00e9m foram tomadas medidas para evitar perdas de vidas humanas, incluindo a\u00ed soldados russos que estavam na base que foi atacada. Soldados russos que se tivessem sido mortos sem aviso, haveria graves implica\u00e7\u00f5es.<\/p>\n<p style=\"text-align: justify;\">Independente da responsabilidade direta pelo ataque qu\u00edmico n\u00e3o ser de Assad, ele \u00e9 o presidente do pa\u00eds e durante algum tempo teve armas qu\u00edmicas tamb\u00e9m. N\u00e3o \u00e9 poss\u00edvel afirmar que as armas usadas n\u00e3o foram algum dia de seu arsenal.<\/p>\n<h5 style=\"text-align: justify;\"><span style=\"color: #0000ff;\">A t\u00e1tica por tr\u00e1s da a\u00e7\u00e3o de Donald Trump<\/span><\/h5>\n<p style=\"text-align: justify;\">No contexto global, o ataque ordenado por Donald Trump parece ser uma imensa a\u00e7\u00e3o de Rela\u00e7\u00f5es P\u00fablicas:<\/p>\n<ul>\n<li style=\"text-align: justify;\">Donald Trump deixa claro seu distanciamento de ditadores como Bashar al-Assad<\/li>\n<\/ul>\n<ul>\n<li style=\"text-align: justify;\">O ataque foi ordenado quando Donald Trump recebia a visita do (ditador comunista) presidente da China, Xi Jinping. Desde a posse de Donald Trump os chineses v\u00eam elevando o tom do discurso contra os EUA.<\/li>\n<\/ul>\n<p><a href=\"http:\/\/acaopolitica.com\/wp-content\/uploads\/2017\/04\/trump_xijunt.jpg\"><img loading=\"lazy\" class=\"wp-image-1380 aligncenter\" src=\"http:\/\/acaopolitica.com\/wp-content\/uploads\/2017\/04\/trump_xijunt.jpg\" alt=\"\" width=\"484\" height=\"272\" srcset=\"http:\/\/acaopolitica.com\/wp-content\/uploads\/2017\/04\/trump_xijunt.jpg 800w, http:\/\/acaopolitica.com\/wp-content\/uploads\/2017\/04\/trump_xijunt-300x169.jpg 300w, http:\/\/acaopolitica.com\/wp-content\/uploads\/2017\/04\/trump_xijunt-768x432.jpg 768w\" sizes=\"(max-width: 484px) 100vw, 484px\" \/><\/a><\/p>\n<ul>\n<li style=\"text-align: justify;\">\u00c9 uma demonstra\u00e7\u00e3o direta para os norte-coreanos de que o atual governo americano vai sim usar a for\u00e7a.<\/li>\n<\/ul>\n<ul>\n<li style=\"text-align: justify;\">Confunde e desmobiliza parte da oposi\u00e7\u00e3o interna nos EUA que vem atacando Trump com a acusa\u00e7\u00e3o de que este \u00e9 influenciado pelo (ditador) presidente russo, Vladimir Putin. Ao atacar a S\u00edria unilateralmente, contra os interesses diretos dos russos, Trump tira for\u00e7a de parte de seus cr\u00edticos.<\/li>\n<\/ul>\n<ul>\n<li style=\"text-align: justify;\">Enfraquece a posi\u00e7\u00e3o de Vladimir Putin, que vinha recorrentemente refor\u00e7ando sua imagem de lideran\u00e7a, principalmente no cen\u00e1rio do conflito na S\u00edria, em detrimento da imagem de impot\u00eancia ou inefici\u00eancia que os EUA tinham at\u00e9 o momento.<\/li>\n<\/ul>\n<ul>\n<li style=\"text-align: justify;\">Trump tamb\u00e9m desmobiliza parte da estrat\u00e9gia de ocupa\u00e7\u00e3o isl\u00e2mica da Europa e EUA usando terroristas infiltrados em meio aos refugiados s\u00edrios. Pois, ao atacar o regime de Assad, refor\u00e7a a oposi\u00e7\u00e3o local e os que querem ficar para lutar.<\/li>\n<\/ul>\n<p style=\"text-align: justify; padding-left: 60px;\"><div class=\"kad-youtube-shortcode videofit\"  ><iframe width=\"600\" height=\"400\" src=\"\/\/www.youtube.com\/embed\/p3lL3W4nKz4?autoplay=0&amp;controls=1&amp;fs=1&amp;modestbranding=0&amp;theme=dark&amp;rel=0&amp;loop=0\" frameborder=\"0\" allowfullscreen=\"true\"><\/iframe><\/div>\n<p style=\"text-align: justify;\">Donald Trump \u00e9 um g\u00eanio. Com um capacidade de percep\u00e7\u00e3o e a\u00e7\u00e3o que eu tenho dificuldade de compreender. Al\u00e9m de estar numa posi\u00e7\u00e3o com acesso a informa\u00e7\u00f5es que n\u00f3s jamais iremos conhecer.<\/p>\n<p style=\"text-align: justify;\">Sabemos que parte da equipe de administra\u00e7\u00e3o dele n\u00e3o s\u00e3o verdadeiros aliados do projeto que Donald Trump tem em mente. Ele tem muitos conselheiros que s\u00e3o ligados ao Conselho de Rela\u00e7\u00f5es Internacionais (um importante bra\u00e7o dos globalistas). E estes v\u00e3o sim tentar induzir Donald Trump ao erro e, principalmente, a alguma guerra in\u00fatil.<\/p>\n<p style=\"text-align: justify;\">Eu acredito na explica\u00e7\u00e3o sobre o grande ato de Rela\u00e7\u00f5es P\u00fablicas. Mandar um recado em alto e bom tom para os inimigos da Am\u00e9rica em todo o mundo de uma vez s\u00f3. Confundir outros. E preparar o terreno para medidas mais dr\u00e1sticas que vir\u00e3o pela frente.<\/p>\n<p style=\"text-align: justify;\">N\u00e3o me julgo capacitado para opinar se foi um erro ou um acerto at\u00e9 aqui. Tamb\u00e9m me falta conhecimento pra saber se era poss\u00edvel atingir o mesmo resultado por outro caminho. Acredito que o que vai definir isso s\u00e3o os pr\u00f3ximos passos de Donald Trump com rela\u00e7\u00e3o aos principais conflitos atuais seja na S\u00edria, com russos, chineses ou norte-coreanos. E lembrar que uma das caracter\u00edsticas do nosso lado, da verdade e da liberdade, \u00e9 que ningu\u00e9m est\u00e1 acima de cr\u00edticas e de ser chamado \u00e0 responsabilidade ou se corrigir. Nem mesmo Donald Trump.<\/p>\n","protected":false},"excerpt":{"rendered":"<p>A guerra atual na S\u00edria A S\u00edria \u00e9 um pa\u00eds no Oriente M\u00e9dio. E por essa localiza\u00e7\u00e3o tem import\u00e2ncia geopol\u00edtica para as grandes potenciais mundiais&#8230;.<\/p>\n","protected":false},"author":1,"featured_media":1377,"comment_status":"open","ping_status":"open","sticky":false,"template":"","format":"standard","meta":[],"categories":[2],"tags":[],"_links":{"self":[{"href":"http:\/\/acaopolitica.com\/index.php\/wp-json\/wp\/v2\/posts\/1376"}],"collection":[{"href":"http:\/\/acaopolitica.com\/index.php\/wp-json\/wp\/v2\/posts"}],"about":[{"href":"http:\/\/acaopolitica.com\/index.php\/wp-json\/wp\/v2\/types\/post"}],"author":[{"embeddable":true,"href":"http:\/\/acaopolitica.com\/index.php\/wp-json\/wp\/v2\/users\/1"}],"replies":[{"embeddable":true,"href":"http:\/\/acaopolitica.com\/index.php\/wp-json\/wp\/v2\/comments?post=1376"}],"version-history":[{"count":22,"href":"http:\/\/acaopolitica.com\/index.php\/wp-json\/wp\/v2\/posts\/1376\/revisions"}],"predecessor-version":[{"id":1405,"href":"http:\/\/acaopolitica.com\/index.php\/wp-json\/wp\/v2\/posts\/1376\/revisions\/1405"}],"wp:featuredmedia":[{"embeddable":true,"href":"http:\/\/acaopolitica.com\/index.php\/wp-json\/wp\/v2\/media\/1377"}],"wp:attachment":[{"href":"http:\/\/acaopolitica.com\/index.php\/wp-json\/wp\/v2\/media?parent=1376"}],"wp:term":[{"taxonomy":"category","embeddable":true,"href":"http:\/\/acaopolitica.com\/index.php\/wp-json\/wp\/v2\/categories?post=1376"},{"taxonomy":"post_tag","embeddable":true,"href":"http:\/\/acaopolitica.com\/index.php\/wp-json\/wp\/v2\/tags?post=1376"}],"curies":[{"name":"wp","href":"https:\/\/api.w.org\/{rel}","templated":true}]}}