{"id":1410,"date":"2017-04-12T16:03:04","date_gmt":"2017-04-12T16:03:04","guid":{"rendered":"http:\/\/acaopolitica.com\/?p=1410"},"modified":"2017-04-12T16:04:10","modified_gmt":"2017-04-12T16:04:10","slug":"comercio-teve-recuo-de-75-nos-ultimos-doze-meses-03","status":"publish","type":"post","link":"http:\/\/acaopolitica.com\/index.php\/2017\/04\/12\/comercio-teve-recuo-de-75-nos-ultimos-doze-meses-03\/","title":{"rendered":"Com\u00e9rcio teve recuo de -7,5% nos \u00faltimos doze meses &#8211; 03"},"content":{"rendered":"<p style=\"text-align: justify;\"><span style=\"color: #ff0000;\">Prezados Senhores<\/span><\/p>\n<p style=\"text-align: justify;\"><span style=\"color: #ff0000;\">Com base no resumo abaixo fica a crit\u00e9rio do leitor escolher entre acreditar nos papagaios de piratas bem pagos, e nas maci\u00e7as propagandas do governo, car\u00edssimas, aumentando o d\u00e9ficit fiscal, pregando que o \u201canjo que caiu do c\u00e9u\u201d, num passe de m\u00e1gica, resolveu a crise brasileira, ou ser racional e acreditar nos estudos divulgados pelo mesmo governo. Mais uma vez Cazuza afirmava na sua m\u00fasica: \u201cque o discurso n\u00e3o correspondia aos fatos\u201d.<\/span><\/p>\n<p style=\"text-align: justify;\"><span style=\"color: #ff0000;\">No com\u00e9rcio varejista ampliado no que tange \u00e0s taxas acumuladas, as varia\u00e7\u00f5es foram de recuo de -2,1% no ano e de recuo de -7,5% nos \u00faltimos doze meses.<\/span><\/p>\n<p style=\"text-align: center;\"><span style=\"color: #0000ff;\">Pesquisa Mensal de Com\u00e9rcio \u2013 Fonte IBGE<\/span><\/p>\n<p style=\"text-align: center;\"><span style=\"color: #ff0000;\">Base: Fevereiro de 2017<\/span><\/p>\n<p style=\"text-align: justify;\"><span style=\"color: #0000ff;\">Vendas no varejo variam -0,2% em fevereiro em rela\u00e7\u00e3o a janeiro<\/span><\/p>\n<table width=\"660\">\n<thead>\n<tr>\n<td rowspan=\"2\"><span style=\"color: #000080;\">Per\u00edodo<\/span><\/td>\n<td colspan=\"2\"><span style=\"color: #000080;\">Varejo<\/span><\/td>\n<td colspan=\"2\"><span style=\"color: #0000ff;\"><span style=\"color: #000080;\">Varejo<\/span> <span style=\"color: #000080;\">Ampliado<\/span><\/span><\/td>\n<\/tr>\n<tr>\n<td><span style=\"color: #0000ff;\"><span style=\"color: #000080;\">Volume<\/span> <span style=\"color: #000080;\">de<\/span> <span style=\"color: #000080;\">vendas<\/span><\/span><\/td>\n<td><span style=\"color: #0000ff;\"><span style=\"color: #000080;\">Receita<\/span> <span style=\"color: #000080;\">nominal<\/span><\/span><\/td>\n<td><span style=\"color: #000080;\">Volume de vendas<\/span><\/td>\n<td><span style=\"color: #000080;\">Receita nominal<\/span><\/td>\n<\/tr>\n<\/thead>\n<tbody>\n<tr>\n<td><span style=\"color: #0000ff;\"><em>Fevereiro\/Janeiro<\/em><\/span><\/td>\n<td width=\"73\"><span style=\"color: #0000ff;\"><em>-0,2<\/em><\/span><\/td>\n<td width=\"73\"><span style=\"color: #0000ff;\"><em>0,1<\/em><\/span><\/td>\n<td width=\"73\"><span style=\"color: #0000ff;\"><em>1,4<\/em><\/span><\/td>\n<td width=\"73\"><span style=\"color: #0000ff;\"><em>1,0<\/em><\/span><\/td>\n<\/tr>\n<tr>\n<td><span style=\"color: #0000ff;\"><em>M\u00e9dia m\u00f3vel trimestral<\/em><em>*<\/em><\/span><\/td>\n<td><span style=\"color: #0000ff;\"><em>1,0<\/em><\/span><\/td>\n<td><span style=\"color: #0000ff;\"><em>0,5<\/em><\/span><\/td>\n<td><span style=\"color: #0000ff;\"><em>1,5<\/em><\/span><\/td>\n<td><span style=\"color: #0000ff;\"><em>1,0<\/em><\/span><\/td>\n<\/tr>\n<tr>\n<td><span style=\"color: #0000ff;\"><em>Fevereiro 2017 \/ Fevereiro 2016<\/em><\/span><\/td>\n<td><span style=\"color: #0000ff;\"><em>-3,2<\/em><\/span><\/td>\n<td><span style=\"color: #0000ff;\"><em>0,4<\/em><\/span><\/td>\n<td><span style=\"color: #0000ff;\"><em>-4,2<\/em><\/span><\/td>\n<td><span style=\"color: #0000ff;\"><em>-1,7<\/em><\/span><\/td>\n<\/tr>\n<tr>\n<td><span style=\"color: #0000ff;\"><em>Acumulado 2017<\/em><\/span><\/td>\n<td><span style=\"color: #0000ff;\"><em>-2,2<\/em><\/span><\/td>\n<td><span style=\"color: #0000ff;\"><em>2,1<\/em><\/span><\/td>\n<td><span style=\"color: #0000ff;\"><em>-2,1<\/em><\/span><\/td>\n<td><span style=\"color: #0000ff;\"><em>0,8<\/em><\/span><\/td>\n<\/tr>\n<tr>\n<td><span style=\"color: #0000ff;\"><em>Acumulado 12 meses<\/em><\/span><\/td>\n<td><span style=\"color: #0000ff;\"><em>-5,4<\/em><\/span><\/td>\n<td><span style=\"color: #0000ff;\"><em>4,2<\/em><\/span><\/td>\n<td><span style=\"color: #0000ff;\"><em>-7,5<\/em><\/span><\/td>\n<td><span style=\"color: #0000ff;\"><em>-0,3<\/em><\/span><\/td>\n<\/tr>\n<\/tbody>\n<\/table>\n<p style=\"text-align: center;\"><span style=\"color: #0000ff;\">* ajuste sazonal<\/span><\/p>\n<p style=\"text-align: justify;\"><span style=\"color: #0000ff;\">O com\u00e9rcio varejista nacional registrou no segundo m\u00eas do ano de 2017 taxas de -0,2% para o volume de vendas e 0,1% para receita nominal, ambas as taxas em rela\u00e7\u00e3o a janeiro de 2017, na s\u00e9rie ajustada sazonalmente. Quanto ao volume de vendas, o resultado volta a ser negativo, por\u00e9m n\u00e3o exerceu efeito sobre a m\u00e9dia m\u00f3vel que se mant\u00e9m positiva pelo segundo m\u00eas seguido: 1,0% em fevereiro e 1,4% janeiro. Em rela\u00e7\u00e3o a fevereiro de 2016, o varejo nacional recuou 3,2%, em termos de volume de vendas, vig\u00e9sima terceira taxa negativa consecutiva nessa compara\u00e7\u00e3o. Assim, o com\u00e9rcio varejista acumulou redu\u00e7\u00e3o de 2,2% nos dois primeiros meses de 2017 e taxa acumulada nos \u00faltimos 12 meses de -5,4%. Para esses mesmos indicadores, em fevereiro de 2017, a receita nominal de vendas apresentou taxas de varia\u00e7\u00e3o de 0,4% em compara\u00e7\u00e3o ao mesmo per\u00edodo de 2016, de 2,1% acumulada no ano e de 4,2% nos \u00faltimos doze meses.<\/span><\/p>\n<p style=\"text-align: justify;\"><span style=\"color: #0000ff;\">O com\u00e9rcio varejista ampliado, que inclui al\u00e9m do varejo as atividades de Ve\u00edculos, motos, partes e pe\u00e7as e de Material de constru\u00e7\u00e3o, registrou resultado positivo em rela\u00e7\u00e3o ao m\u00eas anterior, na s\u00e9rie ajustada sazonalmente, com varia\u00e7\u00e3o de 1,4% para o volume de vendas e 1,0% para receita nominal de vendas. Em rela\u00e7\u00e3o ao volume de vendas, o \u00edndice positivo pela quarta vez seguida, manteve a m\u00e9dia m\u00f3vel positiva tamb\u00e9m pelo quarto m\u00eas consecutivo (1,5% em fevereiro de 2017). Em rela\u00e7\u00e3o ao m\u00eas de fevereiro do ano anterior, o com\u00e9rcio varejista ampliado apresentou queda de 4,2% para o volume de vendas e de 1,7% na receita nominal de vendas. No que tange \u00e0s taxas acumuladas, as varia\u00e7\u00f5es foram de -2,1% no ano e de -7,5% nos \u00faltimos 12 meses, para o volume de vendas, e de 0,8% e -0,3% para a receita nominal, respectivamente.<\/span><\/p>\n<p style=\"text-align: justify;\"><span style=\"color: #0000ff;\">Cinco das oito atividades pesquisadas apresentam varia\u00e7\u00e3o positiva<\/span><\/p>\n<p style=\"text-align: justify;\"><span style=\"color: #0000ff;\">A taxa de -0,2% no volume de vendas do\u00a0com\u00e9rcio varejista\u00a0na passagem de janeiro para fevereiro de 2017, s\u00e9rie ajustada sazonalmente, apresentou predom\u00ednio de resultados positivos entre as atividades que comp\u00f5em o varejo. Setorialmente, os cinco segmentos que mostraram avan\u00e7o, por ordem de magnitude de taxa, foram:\u00a0M\u00f3veis e eletrodom\u00e9sticos\u00a0(3,8%);\u00a0Tecid os, vestu\u00e1rio e cal\u00e7ados\u00a0(1,5%);\u00a0Livros, jornais, revistas e papelarias\u00a0(1,4%);\u00a0Artigos farmac\u00eauticos, m\u00e9dicos, ortop\u00e9dicos, de perfumaria e cosm\u00e9ticos\u00a0(1,0%); e\u00a0Combust\u00edveis e lubrificantes\u00a0(0,6%). Por outro lado, no mesmo confronto, as atividades com taxas negativas foram:\u00a0Hipermercados, supermercados, produtos aliment\u00edcios, bebidas e fumo\u00a0(-0,5%); Equipamentos e materiais para escrit\u00f3rio, inform\u00e1tica e comunica\u00e7\u00e3o\u00a0(-1,5%); e\u00a0Outros artigos de uso pessoal e dom\u00e9stico\u00a0(-1,8%).<\/span><\/p>\n<p style=\"text-align: center;\"><span style=\"color: #0000ff;\">TABELA 1<\/span><br \/>\n<span style=\"color: #0000ff;\">BRASIL &#8211; INDICADORES DO VOLUME DE VENDAS DO COM\u00c9RCIO VAREJISTA E COM\u00c9RCIO VAREJISTA AMPLIADO<\/span><br \/>\n<span style=\"color: #0000ff;\">SEGUNDO GRUPOS DE ATIVIDADES: PMC &#8211; Fevreiro 2017<\/span><\/p>\n<table width=\"650\">\n<thead>\n<tr>\n<td rowspan=\"3\" width=\"209\"><span style=\"color: #0000ff;\"><em>ATIVIDADES<\/em><\/span><\/td>\n<td colspan=\"3\"><span style=\"color: #000080;\">M\u00caS\/M\u00caS ANTERIOR (1)<\/span><\/td>\n<td colspan=\"3\"><span style=\"color: #000080;\">M\u00caS\/IGUAL M\u00caS DO ANO ANTERIOR<\/span><\/td>\n<td colspan=\"2\"><span style=\"color: #000080;\">ACUMULADO<\/span><\/td>\n<\/tr>\n<tr>\n<td colspan=\"3\"><span style=\"color: #0000ff;\"><em>Taxa de Varia\u00e7\u00e3o (%)<\/em><\/span><\/td>\n<td colspan=\"3\"><span style=\"color: #0000ff;\"><em>Taxa de Varia\u00e7\u00e3o (%)<\/em><\/span><\/td>\n<td colspan=\"2\"><span style=\"color: #0000ff;\"><em>Taxa de Varia\u00e7\u00e3o (%)<\/em><\/span><\/td>\n<\/tr>\n<tr>\n<td><span style=\"color: #0000ff;\"><em>DEZ<\/em><\/span><\/td>\n<td><span style=\"color: #0000ff;\"><em>JAN<\/em><\/span><\/td>\n<td width=\"40\"><span style=\"color: #0000ff;\"><em>FEV<\/em><\/span><\/td>\n<td><span style=\"color: #0000ff;\"><em>DEZ<\/em><\/span><\/td>\n<td><span style=\"color: #0000ff;\"><em>JAN<\/em><\/span><\/td>\n<td><span style=\"color: #0000ff;\"><em>FEV<\/em><\/span><\/td>\n<td width=\"63\"><span style=\"color: #0000ff;\"><em>NO ANO<\/em><\/span><\/td>\n<td width=\"54\"><span style=\"color: #0000ff;\"><em>12 MESES<\/em><\/span><\/td>\n<\/tr>\n<\/thead>\n<tbody>\n<tr>\n<td><span style=\"color: #0000ff;\"><em>COM\u00c9RCIO VAREJISTA(2)<\/em><\/span><\/td>\n<td width=\"61\"><span style=\"color: #0000ff;\"><em>-2,0<\/em><\/span><\/td>\n<td width=\"59\"><span style=\"color: #0000ff;\"><em>5,5<\/em><\/span><\/td>\n<td width=\"58\"><span style=\"color: #0000ff;\"><em>-0,2<\/em><\/span><\/td>\n<td width=\"57\"><span style=\"color: #0000ff;\"><em>-4,9<\/em><\/span><\/td>\n<td width=\"57\"><span style=\"color: #0000ff;\"><em>-1,2<\/em><\/span><\/td>\n<td width=\"60\"><span style=\"color: #0000ff;\"><em>-3,2<\/em><\/span><\/td>\n<td width=\"69\"><span style=\"color: #0000ff;\"><em>-2,2<\/em><\/span><\/td>\n<td width=\"83\"><span style=\"color: #0000ff;\"><em>-5,4<\/em><\/span><\/td>\n<\/tr>\n<tr>\n<td><span style=\"color: #0000ff;\"><em>1-Combust\u00edveis e lubrificantes<\/em><\/span><\/td>\n<td><span style=\"color: #0000ff;\"><em>1,9<\/em><\/span><\/td>\n<td><span style=\"color: #0000ff;\"><em>-1,3<\/em><\/span><\/td>\n<td><span style=\"color: #0000ff;\"><em>0,6<\/em><\/span><\/td>\n<td><span style=\"color: #0000ff;\"><em>-5,5<\/em><\/span><\/td>\n<td><span style=\"color: #0000ff;\"><em>-6,0<\/em><\/span><\/td>\n<td><span style=\"color: #0000ff;\"><em>-8,5<\/em><\/span><\/td>\n<td><span style=\"color: #0000ff;\"><em>-7,2<\/em><\/span><\/td>\n<td><span style=\"color: #0000ff;\"><em>-8,9<\/em><\/span><\/td>\n<\/tr>\n<tr>\n<td><span style=\"color: #0000ff;\"><em>2-Hiper, supermercados, prods. aliment\u00edcios, bebidas e fumo<\/em><\/span><\/td>\n<td><span style=\"color: #0000ff;\"><em>-3,0<\/em><\/span><\/td>\n<td><span style=\"color: #0000ff;\"><em>8,1<\/em><\/span><\/td>\n<td><span style=\"color: #0000ff;\"><em>-0,5<\/em><\/span><\/td>\n<td><span style=\"color: #0000ff;\"><em>-2,9<\/em><\/span><\/td>\n<td><span style=\"color: #0000ff;\"><em>0,3<\/em><\/span><\/td>\n<td><span style=\"color: #0000ff;\"><em>-0,3<\/em><\/span><\/td>\n<td><span style=\"color: #0000ff;\"><em>0,0<\/em><\/span><\/td>\n<td><span style=\"color: #0000ff;\"><em>-2,5<\/em><\/span><\/td>\n<\/tr>\n<tr>\n<td><span style=\"color: #0000ff;\"><em>3-Tecidos, vest. e cal\u00e7ados<\/em><\/span><\/td>\n<td><span style=\"color: #0000ff;\"><em>0,1<\/em><\/span><\/td>\n<td><span style=\"color: #0000ff;\"><em>12,8<\/em><\/span><\/td>\n<td><span style=\"color: #0000ff;\"><em>1,5<\/em><\/span><\/td>\n<td><span style=\"color: #0000ff;\"><em>-8,8<\/em><\/span><\/td>\n<td><span style=\"color: #0000ff;\"><em>-0,8<\/em><\/span><\/td>\n<td><span style=\"color: #0000ff;\"><em>3,6<\/em><\/span><\/td>\n<td><span style=\"color: #0000ff;\"><em>1,2<\/em><\/span><\/td>\n<td><span style=\"color: #0000ff;\"><em>-9,2<\/em><\/span><\/td>\n<\/tr>\n<tr>\n<td><span style=\"color: #0000ff;\"><em>4-M\u00f3veis e eletrodom\u00e9sticos<\/em><\/span><\/td>\n<td><span style=\"color: #0000ff;\"><em>-2,3<\/em><\/span><\/td>\n<td><span style=\"color: #0000ff;\"><em>2,3<\/em><\/span><\/td>\n<td><span style=\"color: #0000ff;\"><em>3,8<\/em><\/span><\/td>\n<td><span style=\"color: #0000ff;\"><em>-8,9<\/em><\/span><\/td>\n<td><span style=\"color: #0000ff;\"><em>4,0<\/em><\/span><\/td>\n<td><span style=\"color: #0000ff;\"><em>-3,4<\/em><\/span><\/td>\n<td><span style=\"color: #0000ff;\"><em>0,5<\/em><\/span><\/td>\n<td><span style=\"color: #0000ff;\"><em>-9,5<\/em><\/span><\/td>\n<\/tr>\n<tr>\n<td><span style=\"color: #0000ff;\"><em>5-Artigos farmaceuticos, med., ortop. e de perfumaria<\/em><\/span><\/td>\n<td><span style=\"color: #0000ff;\"><em>0,2<\/em><\/span><\/td>\n<td><span style=\"color: #0000ff;\"><em>1,7<\/em><\/span><\/td>\n<td><span style=\"color: #0000ff;\"><em>1,0<\/em><\/span><\/td>\n<td><span style=\"color: #0000ff;\"><em>-5,6<\/em><\/span><\/td>\n<td><span style=\"color: #0000ff;\"><em>-2,1<\/em><\/span><\/td>\n<td><span style=\"color: #0000ff;\"><em>-5,1<\/em><\/span><\/td>\n<td><span style=\"color: #0000ff;\"><em>-3,6<\/em><\/span><\/td>\n<td><span style=\"color: #0000ff;\"><em>-3,1<\/em><\/span><\/td>\n<\/tr>\n<tr>\n<td><span style=\"color: #0000ff;\"><em>6-Livros, jornais, rev. e papelaria<\/em><\/span><\/td>\n<td><span style=\"color: #0000ff;\"><em>-0,7<\/em><\/span><\/td>\n<td><span style=\"color: #0000ff;\"><em>1,7<\/em><\/span><\/td>\n<td><span style=\"color: #0000ff;\"><em>1,4<\/em><\/span><\/td>\n<td><span style=\"color: #0000ff;\"><em>-12,5<\/em><\/span><\/td>\n<td><span style=\"color: #0000ff;\"><em>-9,6<\/em><\/span><\/td>\n<td><span style=\"color: #0000ff;\"><em>-7,0<\/em><\/span><\/td>\n<td><span style=\"color: #0000ff;\"><em>-8,5<\/em><\/span><\/td>\n<td><span style=\"color: #0000ff;\"><em>-14,8<\/em><\/span><\/td>\n<\/tr>\n<tr>\n<td><span style=\"color: #0000ff;\"><em>7-Equip. e mat. para escrit\u00f3rio informatica e comunica\u00e7\u00e3o<\/em><\/span><\/td>\n<td><span style=\"color: #0000ff;\"><em>1,2<\/em><\/span><\/td>\n<td><span style=\"color: #0000ff;\"><em>-5,4<\/em><\/span><\/td>\n<td><span style=\"color: #0000ff;\"><em>-1,5<\/em><\/span><\/td>\n<td><span style=\"color: #0000ff;\"><em>-1,2<\/em><\/span><\/td>\n<td><span style=\"color: #0000ff;\"><em>-6,6<\/em><\/span><\/td>\n<td><span style=\"color: #0000ff;\"><em>-11,9<\/em><\/span><\/td>\n<td><span style=\"color: #0000ff;\"><em>-9,3<\/em><\/span><\/td>\n<td><span style=\"color: #0000ff;\"><em>-10,3<\/em><\/span><\/td>\n<\/tr>\n<tr>\n<td><span style=\"color: #0000ff;\"><em>8-Outros arts. de uso pessoal e dom\u00e9stico<\/em><\/span><\/td>\n<td><span style=\"color: #0000ff;\"><em>-4,3<\/em><\/span><\/td>\n<td><span style=\"color: #0000ff;\"><em>-0,6<\/em><\/span><\/td>\n<td><span style=\"color: #0000ff;\"><em>-1,8<\/em><\/span><\/td>\n<td><span style=\"color: #0000ff;\"><em>-4,8<\/em><\/span><\/td>\n<td><span style=\"color: #0000ff;\"><em>-3,1<\/em><\/span><\/td>\n<td><span style=\"color: #0000ff;\"><em>-7,7<\/em><\/span><\/td>\n<td><span style=\"color: #0000ff;\"><em>-5,2<\/em><\/span><\/td>\n<td><span style=\"color: #0000ff;\"><em>-8,3<\/em><\/span><\/td>\n<\/tr>\n<tr>\n<td><span style=\"color: #0000ff;\"><em>COM\u00c9RCIO VAREJISTA AMPLIADO<\/em><em>(3)<\/em><\/span><\/td>\n<td><span style=\"color: #0000ff;\"><em>0,2<\/em><\/span><\/td>\n<td><span style=\"color: #0000ff;\"><em>2,8<\/em><\/span><\/td>\n<td><span style=\"color: #0000ff;\"><em>1,4<\/em><\/span><\/td>\n<td><span style=\"color: #0000ff;\"><em>-6,7<\/em><\/span><\/td>\n<td><span style=\"color: #0000ff;\"><em>-0,1<\/em><\/span><\/td>\n<td><span style=\"color: #0000ff;\"><em>-4,2<\/em><\/span><\/td>\n<td><span style=\"color: #0000ff;\"><em>-2,1<\/em><\/span><\/td>\n<td><span style=\"color: #0000ff;\"><em>-7,5<\/em><\/span><\/td>\n<\/tr>\n<tr>\n<td><span style=\"color: #0000ff;\"><em>9-Ve\u00edculos e motos, partes e pe\u00e7as<\/em><\/span><\/td>\n<td><span style=\"color: #0000ff;\"><em>1,5<\/em><\/span><\/td>\n<td><span style=\"color: #0000ff;\"><em>1,2<\/em><\/span><\/td>\n<td><span style=\"color: #0000ff;\"><em>0,1<\/em><\/span><\/td>\n<td><span style=\"color: #0000ff;\"><em>-13,5<\/em><\/span><\/td>\n<td><span style=\"color: #0000ff;\"><em>-3,6<\/em><\/span><\/td>\n<td><span style=\"color: #0000ff;\"><em>-13,6<\/em><\/span><\/td>\n<td><span style=\"color: #0000ff;\"><em>-8,5<\/em><\/span><\/td>\n<td><span style=\"color: #0000ff;\"><em>-13,1<\/em><\/span><\/td>\n<\/tr>\n<tr>\n<td><span style=\"color: #0000ff;\"><em>10-Material de Constru\u00e7\u00e3o<\/em><\/span><\/td>\n<td><span style=\"color: #0000ff;\"><em>1,8<\/em><\/span><\/td>\n<td><span style=\"color: #0000ff;\"><em>1,0<\/em><\/span><\/td>\n<td><span style=\"color: #0000ff;\"><em>-1,3<\/em><\/span><\/td>\n<td><span style=\"color: #0000ff;\"><em>-1,6<\/em><\/span><\/td>\n<td><span style=\"color: #0000ff;\"><em>4,7<\/em><\/span><\/td>\n<td><span style=\"color: #0000ff;\"><em>-2,0<\/em><\/span><\/td>\n<td><span style=\"color: #0000ff;\"><em>1,4<\/em><\/span><\/td>\n<td><span style=\"color: #0000ff;\"><em>-8,2<\/em><\/span><\/td>\n<\/tr>\n<\/tbody>\n<\/table>\n<p style=\"text-align: center;\"><span style=\"color: #0000ff;\">Fonte: IBGE, Diretoria de Pesquisas, Coordena\u00e7\u00e3o de Servi\u00e7os e Com\u00e9rcio.<\/span><br \/>\n<span style=\"color: #0000ff;\">(1) S\u00e9ries com ajuste sazonal. (2) O indicador do com\u00e9rcio varejista \u00e9 composto pelos resultados das atividades numeradas de 1 a 8.<\/span><br \/>\n<span style=\"color: #0000ff;\">(2) O indicador do com\u00e9rcio varejista ampliado \u00e9 composto pelos resultados das atividades numeradas de 1 a 10<\/span><\/p>\n<p style=\"text-align: justify;\"><span style=\"color: #0000ff;\">Na compara\u00e7\u00e3o com igual m\u00eas do ano anterior, o volume do\u00a0com\u00e9rcio varejista\u00a0apresentou recuo de 3,2%, vig\u00e9sima terceira taxa negativa seguida. Dentre as atividades do varejo, sete registraram varia\u00e7\u00f5es negativas, por ordem de contribui\u00e7\u00e3o \u00e0 taxa global, sendo elas:\u00a0Combust\u00edveis e lubrificantes\u00a0(-8,5%);\u00a0Outros artigos de uso pessoal e dom\u00e9stico\u00a0(-7,7%);\u00a0Artigos farmac\u00eauticos, m\u00e9dicos, ortop\u00e9dicos, de perfumaria e cosm\u00e9ticos\u00a0(-5,1%);\u00a0Hipermerca dos, supermercados, produtos aliment\u00edcios, bebidas e fumo\u00a0(-0,3%);\u00a0M\u00f3veis e eletrodom\u00e9sticos\u00a0(-3,4%);\u00a0Equi pamentos e material para escrit\u00f3rio, inform\u00e1tica e comunica\u00e7\u00e3o\u00a0(-11,9%); e\u00a0Livros, jornais, revistas e papelaria\u00a0(-7,0%). A atividade com desempenho positivo, em rela\u00e7\u00e3o o mesmo m\u00eas do ano anterior, foi\u00a0Tecidos, vestu\u00e1rio e cal\u00e7ados,\u00a0com taxa de 3,6%.<\/span><\/p>\n<p style=\"text-align: justify;\"><span style=\"color: #0000ff;\">A atividade de\u00a0Combust\u00edveis e lubrificantes, com &#8211; 8,5% de varia\u00e7\u00e3o do volume de vendas em rela\u00e7\u00e3o ao mesmo m\u00eas do ano anterior, foi respons\u00e1vel pelo maior impacto negativo na forma\u00e7\u00e3o do resultado global. Esta atividade vem apresentando queda desde janeiro de 2015, mesmo com os pre\u00e7os deste setor em trajet\u00f3ria declinante. No acumulado 12 meses, os pre\u00e7os encontram-se abaixo da m\u00e9dia geral do setor (0,9% frente a 4,8% do \u00edndice geral, segundo IPCA). No acumulado do ano a taxa deste segmento foi de -7,2% e nos \u00faltimos 12 meses o recuo foi de -8,9%.<\/span><\/p>\n<p style=\"text-align: justify;\"><span style=\"color: #0000ff;\">Outros artigos de uso pessoal e dom\u00e9stico, que engloba lojas de departamentos, joalheria, artigos esportivos e brinquedos, recuou 7,7% na compara\u00e7\u00e3o com fevereiro de 2016, d\u00e9cimo nono negativo consecutivo, situando-se abaixo da m\u00e9dia global para o varejo (-3,2%). Com o desempenho de fevereiro, esse setor exerceu a segunda maior influ\u00eancia negativa sobre a taxa global. A taxa acumulada nos dois primeiros meses do ano foi de -5,2% e, para os \u00faltimos 12 meses foi de -8,3%.<\/span><\/p>\n<p style=\"text-align: justify;\"><span style=\"color: #0000ff;\">O volume de vendas do segmento de\u00a0Artigos farmac\u00eauticos, m\u00e9dicos, ortop\u00e9dicos, de perfumaria e cosm\u00e9ticos\u00a0apresentou queda de 5,1% em rela\u00e7\u00e3o a fevereiro de 2016. Vale destacar que, embora com car\u00e1ter de uso essencial, este setor registrou, em fevereiro de 2017, a d\u00e9cima primeira taxa negativa consecutiva, mantendo-se em trajet\u00f3ria descendente desde abril de 2016, per\u00edodo que inicia os reajustes dos pre\u00e7os do setor. Os pre\u00e7os dos produtos farmac\u00eauticos, segundo o IPCA, em 12 meses subiram 12,7% contra 4,8% do \u00edndice geral. A taxa acumulada no bimestre foi de -3,6% e a em doze meses foi de -3,1%.<\/span><\/p>\n<p style=\"text-align: justify;\"><span style=\"color: #0000ff;\">O setor de\u00a0Hipermercados, supermercados, produtos aliment\u00edcios, bebidas e fumo,\u00a0com redu\u00e7\u00e3o de -0,3% no volume de vendas sobre fevereiro de 2016, foi a atividade que exerceu o quarto impacto negativo no desempenho global do varejo. Nos dois primeiros meses do ano, este setor n\u00e3o registrou ac\u00famulo na taxa (0,0%) e nos \u00faltimos doze meses a queda foi de 2,5%. O desempenho da atividade ficou acima do registrado pelo varejo (-3,2) em todas as compara\u00e7\u00f5es. O resultado deste segmento sofre influ\u00eancia direto da massa de rendimento m\u00e9dio real habitual dos trabalhadores e da taxa de desocupa\u00e7\u00e3o. Esta primeira, segundo a PNAD cont\u00ednua, apresentou estabilidade no trimestre m\u00f3vel de dez-jan-fev\/17, frente ao mesmo trimestre do ano anterior. A mesma fonte registrou que a taxa de desocupa\u00e7\u00e3o sofreu eleva\u00e7\u00e3o de 2,9 pontos percentuais no mesmo per\u00edodo.<\/span><\/p>\n<p style=\"text-align: justify;\"><span style=\"color: #0000ff;\">O segmento de\u00a0M\u00f3veis e eletrodom\u00e9sticos\u00a0registrou varia\u00e7\u00e3o de -3,4% no volume de vendas em rela\u00e7\u00e3o a fevereiro do ano passado. Os resultados da atividade em termos de acumulados nos dois primeiros meses do ano e nos \u00faltimos 12 meses foram de 0,5% e -9,5%, respectivamente.<\/span><\/p>\n<p style=\"text-align: justify;\"><span style=\"color: #0000ff;\">A atividade de\u00a0Equipamentos e materiais para escrit\u00f3rio, inform\u00e1tica e comunica\u00e7\u00e3o, com queda de -11,9% no volume de vendas em compara\u00e7\u00e3o com igual m\u00eas do ano anterior, registrou o vig\u00e9simo recuo consecutivo nessa compara\u00e7\u00e3o. Em rela\u00e7\u00e3o aos resultados acumulados, observou-se queda de -9,3% nos dois primeiros meses do ano e recuo de -10,3% nos \u00faltimos doze meses. Esta atividade sofre influ\u00eancia do comportamento da massa de rendimento habitual real da popula\u00e7\u00e3o e da taxa de desocupa\u00e7\u00e3o dos trabalhadores. Logo, quando a primeira passou a registrar queda e a taxa de ocupa\u00e7\u00e3o come\u00e7ou a gerar incrementos, a revenda destes produtos foi afetada, pois trata-se da venda de bens dur\u00e1veis que n\u00e3o necessitam de constante reposi\u00e7\u00e3o, al\u00e9m de serem n\u00e3o essenciais.<\/span><\/p>\n<p style=\"text-align: justify;\"><span style=\"color: #0000ff;\">A atividade de\u00a0Livros, jornais, revistas e papelaria\u00a0apresentou varia\u00e7\u00e3o no volume de vendas de -7,0% sobre fevereiro de 2016, sendo a trig\u00e9sima s\u00e9tima queda consecutiva deste setor. A revenda deste tipo de produto al\u00e9m de sofrer influ\u00eancia da diminui\u00e7\u00e3o dos rendimentos reais da popula\u00e7\u00e3o, tamb\u00e9m est\u00e1 sendo afetado, em especial no que tange a livros, jornais e revistas, por certa substitui\u00e7\u00e3o dos produtos impressos pelos de meio eletr\u00f4nico. As taxa acumulada no ano e em 12 meses foram: -8,5% e -14,8%, respectivamente.<\/span><\/p>\n<p style=\"text-align: justify;\"><span style=\"color: #0000ff;\">O grupamento de\u00a0Tecidos, vestu\u00e1rio e cal\u00e7ados,\u00a0avan\u00e7ou 3,6%na compara\u00e7\u00e3o com fevereiro de 2016, interrompendo os resultados negativos de vinte e seis meses consecutivos e situando-se acima da m\u00e9dia global para o varejo (-3,2%). A taxa acumulada no bimestre foi de 1,2% e para os \u00faltimos 12 meses foi de -9,2%. O resultado positivo desta atividade sofreu influ\u00eancia dos pre\u00e7os dos artigos de vestu\u00e1rio, que em 12 meses subiu 3,0% contra 4,8% do \u00edndice geral (segundo o IPCA) e das promo\u00e7\u00f5es de queima de estoque do ver\u00e3o, por partes das lojas revendedoras deste tipo de produto.<\/span><\/p>\n<p style=\"text-align: justify;\"><span style=\"color: #0000ff;\">O\u00a0Com\u00e9rcio varejista ampliado, que agrega o\u00a0varejo\u00a0e mais as atividades de\u00a0Ve\u00edculos, motos, partes e pe\u00e7as\u00a0e de\u00a0Material de constru\u00e7\u00e3o,\u00a0registrou em rela\u00e7\u00e3o ao m\u00eas anterior (com ajuste sazonal) aumento para o volume de vendas e para a receita nominal, com taxas de 1,4% e 1,0%, respectivamente. Em compara\u00e7\u00e3o ao mesmo m\u00eas do ano anterior (sem ajuste sazonal), as varia\u00e7\u00f5es foram de -4,2% para o volume de vendas e de -1,7% para a receita nominal. No volume de vendas, as taxas acumuladas foram de -2,1% no ano e de -7,5% nos \u00faltimos 12 meses, e para a receita nominal os mesmos indicadores apresentaram varia\u00e7\u00f5es de 0,8% e -0,3%, respectivamente.<\/span><\/p>\n<p style=\"text-align: justify;\"><span style=\"color: #0000ff;\">O desempenho do setor reflete, sobretudo, o comportamento das vendas de\u00a0Ve\u00edculos, motos, partes e pe\u00e7as,\u00a0que apresentou, para o volume de vendas, taxa de 0,1% sobre janeiro de 2017 com ajuste sazonal, sendo a terceira taxa positiva consecutiva. J\u00e1 na compara\u00e7\u00e3o com fevereiro de 2016, a taxa foi de -13,6%, permanecendo negativa pelo trig\u00e9simo sexto m\u00eas consecutivo. Em termos acumulados, as varia\u00e7\u00f5es foram: -8,5% nos dois primeiros meses e -13,1% nos \u00faltimos 12 meses. A queda das vendas para este segmento est\u00e1 associada ao menor ritmo da atividade econ\u00f4mica, al\u00e9m de outros fatores tais como, menor ritmo na oferta de cr\u00e9dito(1)\u00a0e restri\u00e7\u00e3o or\u00e7ament\u00e1ria das fam\u00edlias.<\/span><\/p>\n<p style=\"text-align: justify;\"><span style=\"color: #0000ff;\">Quanto ao segmento de\u00a0Material de constru\u00e7\u00e3o, que exerce menor peso na estrutura do varejo ampliado, as varia\u00e7\u00f5es para o volume de vendas (ajustadas sazonalmente,) na passagem de janeiro para fevereiro de 2017, foram de -1,3% sobre o m\u00eas anterior, voltando a ser negativa, depois de tr\u00eas meses consecutivos positivos. Em rela\u00e7\u00e3o a fevereiro de 2016, a varia\u00e7\u00e3o no volume de vendas foi de -2,0%. As varia\u00e7\u00f5es acumuladas foram de 1,4% no bimestre e de -8,2 nos \u00faltimos doze meses. O desempenho desta atividade tamb\u00e9m sofre influ\u00eancia do menor ritmo da oferta de cr\u00e9dito e da restri\u00e7\u00e3o do or\u00e7amento das fam\u00edlias.<\/span><\/p>\n<p style=\"text-align: center;\"><span style=\"color: #0000ff;\">TABELA 3<\/span><br \/>\n<span style=\"color: #0000ff;\">BRASIL &#8211; COMPOSI\u00c7\u00c3O DA TAXA MENSAL DO COM\u00c9RCIO VAREJISTA,<\/span><br \/>\n<span style=\"color: #0000ff;\">POR ATIVIDADES: PMC &#8211; Fevereiro 2017<\/span><br \/>\n<span style=\"color: #0000ff;\">(Indicadores de volume de vendas)<\/span><\/p>\n<table width=\"650\">\n<thead>\n<tr>\n<td rowspan=\"2\" width=\"224\"><span style=\"color: #0000ff;\"><em>Atividades<\/em><\/span><\/td>\n<td colspan=\"2\"><span style=\"color: #000080;\">COM\u00c9RCIO VAREJISTA<\/span><\/td>\n<td colspan=\"2\"><span style=\"color: #000080;\">COM\u00c9RCIO VAREJISTA AMPLIADO<\/span><\/td>\n<\/tr>\n<tr>\n<td width=\"56\"><span style=\"color: #0000ff;\"><em>Taxa de varia\u00e7\u00e3o (%)<\/em><\/span><\/td>\n<td width=\"79\"><span style=\"color: #0000ff;\"><em>Composi\u00e7\u00e3o absoluta da taxa (p.p.)<\/em><\/span><\/td>\n<td width=\"71\"><span style=\"color: #0000ff;\"><em>Taxa de varia\u00e7\u00e3o (%)<\/em><\/span><\/td>\n<td width=\"102\"><span style=\"color: #0000ff;\"><em>Composi\u00e7\u00e3o absoluta da taxa (p.p.)<\/em><\/span><\/td>\n<\/tr>\n<\/thead>\n<tbody>\n<tr>\n<td><span style=\"color: #0000ff;\"><em>\u00a0\u00a0\u00a0\u00a0\u00a0\u00a0Taxa Global<\/em><\/span><\/td>\n<td width=\"70\"><span style=\"color: #0000ff;\"><em>-3,2<\/em><\/span><\/td>\n<td width=\"92\"><span style=\"color: #0000ff;\"><em>-3,2<\/em><\/span><\/td>\n<td width=\"70\"><span style=\"color: #0000ff;\"><em>-4,2<\/em><\/span><\/td>\n<td width=\"93\"><span style=\"color: #0000ff;\"><em>-4,2<\/em><\/span><\/td>\n<\/tr>\n<tr>\n<td><span style=\"color: #0000ff;\"><em>1 &#8211; Combust\u00edveis e lubrificantes<\/em><\/span><\/td>\n<td><span style=\"color: #0000ff;\"><em>-8,5<\/em><\/span><\/td>\n<td><span style=\"color: #0000ff;\"><em>-1,1<\/em><\/span><\/td>\n<td><span style=\"color: #0000ff;\"><em>-8,5<\/em><\/span><\/td>\n<td><span style=\"color: #0000ff;\"><em>-0,7<\/em><\/span><\/td>\n<\/tr>\n<tr>\n<td><span style=\"color: #0000ff;\"><em>2 &#8211; Hiper, supermercados, prods. aliment\u00edcios, bebidas e fumo<\/em><\/span><\/td>\n<td><span style=\"color: #0000ff;\"><em>-0,3<\/em><\/span><\/td>\n<td><span style=\"color: #0000ff;\"><em>-0,4<\/em><\/span><\/td>\n<td><span style=\"color: #0000ff;\"><em>-0,3<\/em><\/span><\/td>\n<td><span style=\"color: #0000ff;\"><em>0,2<\/em><\/span><\/td>\n<\/tr>\n<tr>\n<td><span style=\"color: #0000ff;\"><em>3 &#8211; Tecidos, vest. e cal\u00e7ados<\/em><\/span><\/td>\n<td><span style=\"color: #0000ff;\"><em>3,6<\/em><\/span><\/td>\n<td><span style=\"color: #0000ff;\"><em>0,2<\/em><\/span><\/td>\n<td><span style=\"color: #0000ff;\"><em>3,6<\/em><\/span><\/td>\n<td><span style=\"color: #0000ff;\"><em>0,2<\/em><\/span><\/td>\n<\/tr>\n<tr>\n<td><span style=\"color: #0000ff;\"><em>4 &#8211; M\u00f3veis e eletrodom\u00e9sticos<\/em><\/span><\/td>\n<td><span style=\"color: #0000ff;\"><em>-3,4<\/em><\/span><\/td>\n<td><span style=\"color: #0000ff;\"><em>-0,4<\/em><\/span><\/td>\n<td><span style=\"color: #0000ff;\"><em>-3,4<\/em><\/span><\/td>\n<td><span style=\"color: #0000ff;\"><em>-0,2<\/em><\/span><\/td>\n<\/tr>\n<tr>\n<td><span style=\"color: #0000ff;\"><em>5 &#8211; Artigos farmaceuticos, med., ortop. e de perfumaria<\/em><\/span><\/td>\n<td><span style=\"color: #0000ff;\"><em>-5,1<\/em><\/span><\/td>\n<td><span style=\"color: #0000ff;\"><em>-0,5<\/em><\/span><\/td>\n<td><span style=\"color: #0000ff;\"><em>-5,1<\/em><\/span><\/td>\n<td><span style=\"color: #0000ff;\"><em>-0,3<\/em><\/span><\/td>\n<\/tr>\n<tr>\n<td><span style=\"color: #0000ff;\"><em>6 &#8211; Livros, jornais, rev. e papelaria<\/em><\/span><\/td>\n<td><span style=\"color: #0000ff;\"><em>-7,0<\/em><\/span><\/td>\n<td><span style=\"color: #0000ff;\"><em>-0,1<\/em><\/span><\/td>\n<td><span style=\"color: #0000ff;\"><em>-7,0<\/em><\/span><\/td>\n<td><span style=\"color: #0000ff;\"><em>-0,1<\/em><\/span><\/td>\n<\/tr>\n<tr>\n<td><span style=\"color: #0000ff;\"><em>7 &#8211; Equip. e mat. para escrit\u00f3rio informatica e comunica\u00e7\u00e3o<\/em><\/span><\/td>\n<td><span style=\"color: #0000ff;\"><em>-11,9<\/em><\/span><\/td>\n<td><span style=\"color: #0000ff;\"><em>-0,2<\/em><\/span><\/td>\n<td><span style=\"color: #0000ff;\"><em>-11,9<\/em><\/span><\/td>\n<td><span style=\"color: #0000ff;\"><em>-0,1<\/em><\/span><\/td>\n<\/tr>\n<tr>\n<td><span style=\"color: #0000ff;\"><em>8 &#8211; Outros arts. de uso pessoal e dom\u00e9stico<\/em><\/span><\/td>\n<td><span style=\"color: #0000ff;\"><em>-7,7<\/em><\/span><\/td>\n<td><span style=\"color: #0000ff;\"><em>-0,9<\/em><\/span><\/td>\n<td><span style=\"color: #0000ff;\"><em>-7,7<\/em><\/span><\/td>\n<td><span style=\"color: #0000ff;\"><em>-0,5<\/em><\/span><\/td>\n<\/tr>\n<tr>\n<td><span style=\"color: #0000ff;\"><em>9 &#8211; Ve\u00edculos e motos, partes e pe\u00e7as<\/em><\/span><\/td>\n<td><span style=\"color: #0000ff;\"><em>&#8211;<\/em><\/span><\/td>\n<td><span style=\"color: #0000ff;\"><em>&#8211;<\/em><\/span><\/td>\n<td><span style=\"color: #0000ff;\"><em>-13,6<\/em><\/span><\/td>\n<td><span style=\"color: #0000ff;\"><em>-2,7<\/em><\/span><\/td>\n<\/tr>\n<tr>\n<td><span style=\"color: #0000ff;\"><em>10- Material de Constru\u00e7\u00e3o<\/em><\/span><\/td>\n<td><span style=\"color: #0000ff;\"><em>&#8211;<\/em><\/span><\/td>\n<td><span style=\"color: #0000ff;\"><em>&#8211;<\/em><\/span><\/td>\n<td><span style=\"color: #0000ff;\"><em>-2,0<\/em><\/span><\/td>\n<td><span style=\"color: #0000ff;\"><em>-0,1<\/em><\/span><\/td>\n<\/tr>\n<\/tbody>\n<\/table>\n<p style=\"text-align: center;\"><span style=\"color: #0000ff;\">Fonte: IBGE, Diretoria de Pesquisas, Coordena\u00e7\u00e3o de Servi\u00e7os e Com\u00e9rcio.<\/span><br \/>\n<span style=\"color: #0000ff;\">Nota: A composi\u00e7\u00e3o da taxa mensal corresponde \u00e0 participa\u00e7\u00e3o dos resultados setoriais na forma\u00e7\u00e3o da taxa global.<\/span><\/p>\n<p style=\"text-align: justify;\"><span style=\"color: #0000ff;\">Vendas recuam em 11 das 27 Unidades da Federa\u00e7\u00e3o<\/span><\/p>\n<p style=\"text-align: justify;\"><span style=\"color: #0000ff;\">No\u00a0Com\u00e9rcio varejista, na passagem de janeiro para fevereiro de 2017, na s\u00e9rie com ajuste sazonal, as vendas recuaram em 11 das 27 Unidades da Federa\u00e7\u00e3o, com as maiores varia\u00e7\u00f5es negativas observadas em Mato Grosso (-4,7%); Rio Grande do Sul (-4,4%) e Goi\u00e1s (-4,2%).<\/span><\/p>\n<p style=\"text-align: justify;\"><span style=\"color: #0000ff;\">Na compara\u00e7\u00e3o de fevereiro de 2017 com igual m\u00eas do ano anterior (s\u00e9rie sem ajuste), no volume de vendas, 21 das 27 Unidades da Federa\u00e7\u00e3o apresentaram resultado negativo, com destaque para Goi\u00e1s (-15,0%), Tocantins (-14,9%) e Par\u00e1, com -14,0% (Gr\u00e1fico 6). Por outro lado, Mato Grosso do Sul (19,1%) e Santa Catarina (10,6%) registraram avan\u00e7os no volume de vendas. Quanto \u00e0 participa\u00e7\u00e3o na composi\u00e7\u00e3o da taxa negativa do varejo, destacaram-se, pela ordem: S\u00e3o Paulo (-3,0%) e Rio de Janeiro (-6,6%).<\/span><\/p>\n<p style=\"text-align: justify;\"><span style=\"color: #0000ff;\">No com\u00e9rcio varejista ampliado, 20 estados apresentaram varia\u00e7\u00f5es negativas no volume de vendas, na compara\u00e7\u00e3o de fevereiro de 2017 com o mesmo per\u00edodo do ano anterior, sendo as maiores quedas registradas em Rond\u00f4nia (-18,8%), Par\u00e1 (-13,0%), Piau\u00ed (-12,7%) e Tocantins (-11,9%). Quanto \u00e0 participa\u00e7\u00e3o na composi\u00e7\u00e3o do resultado negativo do varejo ampliado, destacaram-se, pela ordem: S\u00e3o Paulo (-6,5%) e Rio de Janeiro (-1,2%).<\/span><\/p>\n<p style=\"text-align: center;\"><span style=\"color: #ff0000;\">Arquivos oficiais do governo est\u00e3o dispon\u00edveis aos leitores.<\/span><\/p>\n<p style=\"text-align: justify;\"><span style=\"color: #0000ff;\">Ricardo Bergamini<br \/>\n(48) 99636-7322<br \/>\n(48) 99976-6974<br \/>\nMembro do Grupo Pensar+ <a href=\"http:\/\/www.pontocritico.com\" target=\"_blank\">www.pontocritico.com<\/a><br \/>\n<a href=\"http:\/\/ricardobergamini@ ricardobergamini.com.br\" target=\"_blank\">ricardobergamini@ ricardobergamini.com.br<\/a><br \/>\n<a href=\"http:\/\/www.ricardobergamini.com.br\" target=\"_blank\">www.ricardobergamini.com.br<\/a><\/span><\/p>\n","protected":false},"excerpt":{"rendered":"<p>Prezados Senhores Com base no resumo abaixo fica a crit\u00e9rio do leitor escolher entre acreditar nos papagaios de piratas bem pagos, e nas maci\u00e7as propagandas&#8230;<\/p>\n","protected":false},"author":18,"featured_media":1140,"comment_status":"open","ping_status":"open","sticky":false,"template":"","format":"standard","meta":[],"categories":[10],"tags":[],"_links":{"self":[{"href":"http:\/\/acaopolitica.com\/index.php\/wp-json\/wp\/v2\/posts\/1410"}],"collection":[{"href":"http:\/\/acaopolitica.com\/index.php\/wp-json\/wp\/v2\/posts"}],"about":[{"href":"http:\/\/acaopolitica.com\/index.php\/wp-json\/wp\/v2\/types\/post"}],"author":[{"embeddable":true,"href":"http:\/\/acaopolitica.com\/index.php\/wp-json\/wp\/v2\/users\/18"}],"replies":[{"embeddable":true,"href":"http:\/\/acaopolitica.com\/index.php\/wp-json\/wp\/v2\/comments?post=1410"}],"version-history":[{"count":1,"href":"http:\/\/acaopolitica.com\/index.php\/wp-json\/wp\/v2\/posts\/1410\/revisions"}],"predecessor-version":[{"id":1411,"href":"http:\/\/acaopolitica.com\/index.php\/wp-json\/wp\/v2\/posts\/1410\/revisions\/1411"}],"wp:featuredmedia":[{"embeddable":true,"href":"http:\/\/acaopolitica.com\/index.php\/wp-json\/wp\/v2\/media\/1140"}],"wp:attachment":[{"href":"http:\/\/acaopolitica.com\/index.php\/wp-json\/wp\/v2\/media?parent=1410"}],"wp:term":[{"taxonomy":"category","embeddable":true,"href":"http:\/\/acaopolitica.com\/index.php\/wp-json\/wp\/v2\/categories?post=1410"},{"taxonomy":"post_tag","embeddable":true,"href":"http:\/\/acaopolitica.com\/index.php\/wp-json\/wp\/v2\/tags?post=1410"}],"curies":[{"name":"wp","href":"https:\/\/api.w.org\/{rel}","templated":true}]}}