{"id":1418,"date":"2017-04-17T02:55:55","date_gmt":"2017-04-17T02:55:55","guid":{"rendered":"http:\/\/acaopolitica.com\/?p=1418"},"modified":"2017-04-17T02:57:10","modified_gmt":"2017-04-17T02:57:10","slug":"aberracoes-economicas-do-brasil-03","status":"publish","type":"post","link":"http:\/\/acaopolitica.com\/index.php\/2017\/04\/17\/aberracoes-economicas-do-brasil-03\/","title":{"rendered":"Aberra\u00e7\u00f5es Econ\u00f4micas do Brasil &#8211; 03"},"content":{"rendered":"<p style=\"text-align: justify;\"><span style=\"color: #0000ff;\">Enquanto a sociedade brasileira n\u00e3o identificar que o maior inimigo do Brasil \u00e9 o estado brasileiro, n\u00e3o haver\u00e1 salva\u00e7\u00e3o para o Brasil. Vide aberra\u00e7\u00f5es econ\u00f4micas abaixo geradas pelo estado brasileiro que somente o estado poder\u00e1 resolver. Confesso que caminhando para o fim da minha puni\u00e7\u00e3o nessa planeta estou de saco cheio de ver ao longo desses 69 anos as pessoas identificando culpados pela nossa trag\u00e9dia como na\u00e7\u00e3o, quais sejam: os banqueiros, a CIA, os Estados Unidos, o comunismo, a KGB, o capitalismo, dentro muitos outros culpados, sem jamais culpar o estado brasileiro e a estupidez coletiva que reina nesse pa\u00eds.<\/span><\/p>\n<p style=\"text-align: justify;\"><span style=\"color: #0000ff;\">N\u00e3o tenham d\u00favidas que o estudo abaixo colocado deveria estar sendo debatido em todo o Brasil, entretanto quando divulguei recebi duas manifesta\u00e7\u00f5es e agora com essa necessidade de novamente divulgar receberei as mesmas duas manifesta\u00e7\u00f5es. Assim sendo os brasileiros ficam apostando seus destinos na \u201ctroca de mosca sem mexer na merda\u201d, ou em um salvador da p\u00e1tria para resolver os nossos problemas. \u00a0<\/span><\/p>\n<p style=\"text-align: center;\"><strong><span style=\"color: #ff0000;\">Aberra\u00e7\u00f5es Econ\u00f4micas do Brasil<\/span><\/strong><\/p>\n<p style=\"text-align: center;\"><strong><span style=\"color: #ff0000;\">A Aberra\u00e7\u00e3o da Carga Tribut\u00e1ria Brasileira (Fonte MF)<\/span><\/strong><\/p>\n<p style=\"text-align: justify;\"><span style=\"color: #0000ff;\">A composi\u00e7\u00e3o da Carga Tribut\u00e1ria dos Estados Unidos tem como base 82,70% de sua arrecada\u00e7\u00e3o incidindo sobre a Renda, Lucro, Ganho de Capital, Folha Salarial e Propriedade (classes privilegiadas da na\u00e7\u00e3o americana) e apenas 17,30% incidindo sobre Bens e Servi\u00e7os (arroz, feij\u00e3o, rem\u00e9dios, transportes e educa\u00e7\u00e3o). Com uma Carga Tribut\u00e1ria total de apenas 26,0% do PIB.<\/span><\/p>\n<p style=\"text-align: justify;\"><span style=\"color: #0000ff;\">A composi\u00e7\u00e3o da Carga Tribut\u00e1ria m\u00e9dia dos pa\u00edses da OCDE tem como base 66,68% de sua arrecada\u00e7\u00e3o incidindo sobre a Renda, Lucro, Ganho de Capital, Folha Salarial e Propriedade (classes privilegiadas das na\u00e7\u00f5es analisadas) e apenas 33,14% incidindo sobre Bens e Servi\u00e7os (arroz, feij\u00e3o, rem\u00e9dios, transportes e educa\u00e7\u00e3o). Com uma Carga Tribut\u00e1ria m\u00e9dia de 35,3% do PIB.<\/span><\/p>\n<p style=\"text-align: justify;\"><span style=\"color: #0000ff;\">A composi\u00e7\u00e3o da Carga Tribut\u00e1ria do Brasil tem como base 48,46% de sua arrecada\u00e7\u00e3o incidindo sobre a Renda, Lucro, Ganho de Capital, Folha Salarial e Propriedade (classes privilegiadas da na\u00e7\u00e3o brasileira) e 51,54% incidindo sobre Bens e Servi\u00e7os (arroz, feij\u00e3o, rem\u00e9dios transportes e educa\u00e7\u00e3o). Com uma Carga Tribut\u00e1ria total de 32,4% do PIB.<\/span><\/p>\n<p style=\"text-align: justify;\"><span style=\"color: #0000ff;\">Conclus\u00e3o:<\/span><\/p>\n<p style=\"text-align: justify;\"><span style=\"color: #0000ff;\">Dentre os pa\u00edses analisados o Brasil \u00e9 o que possui a mais injusta, imoral, criminosa, desumana e regressiva Carga Tribut\u00e1ria. Uma vergonha internacional que certamente continuar\u00e1 tendo o sil\u00eancio de todos: por omiss\u00e3o, covardia ou coniv\u00eancia.<\/span><\/p>\n<p style=\"text-align: center;\"><strong><span style=\"color: #ff0000;\">A aberra\u00e7\u00e3o da concentra\u00e7\u00e3o de renda entre os estados brasileiros (Fonte IBGE)<\/span><\/strong><\/p>\n<p style=\"text-align: justify;\"><span style=\"color: #0000ff;\">Em 2014, cinco estados (S\u00e3o Paulo, Rio de Janeiro, Minas Gerais, Rio Grande do Sul e Paran\u00e1) foram respons\u00e1veis por 64,9% do PIB do pa\u00eds. Uma aberra\u00e7\u00e3o hist\u00f3rica do Brasil, jamais abordado nos meios acad\u00eamicos, ou nos planos de governos. Uma imoralidade.<\/span><\/p>\n<p style=\"text-align: justify;\"><span style=\"color: #000080;\">O PIB\u00a0per capita\u00a0do pa\u00eds em 2014 foi de R$ 28.500,24. Entre as 27 unidades da federa\u00e7\u00e3o, o l\u00edder continua sendo o Distrito Federal (R$ 69.216,80), seguido por S\u00e3o Paulo (R$ 42.197,87) e Rio de Janeiro (R$ 40.767,26). O estado mais rico do Brasil \u00e9 o DF com um PIB PER CAPITA 64% maior do que o do estado de S\u00e3o Paulo. Outra aberra\u00e7\u00e3o econ\u00f4mica que n\u00e3o se debate no Brasil.<\/span><\/p>\n<p style=\"text-align: justify;\"><span style=\"color: #000080;\">Em 2014, o maior PIB\u00a0per capita foi o do Distrito Federal (R$ 69.216,80) e os \u00faltimos desse ranking eram Maranh\u00e3o (R$ 11.216,37) e Piau\u00ed (R$ 11.808,08), ou seja: uma diferen\u00e7a de 83,80% menor entre o PIB PER CAPITA do DF e o pior que foi o Maranh\u00e3o. Como o Brasil somente discute problemas de tesouraria essas aberra\u00e7\u00f5es jamais fazem parte de qualquer plano de governo, ou debates acad\u00eamicos.<\/span><\/p>\n<p style=\"text-align: justify;\"><span style=\"color: #000080;\">Sem d\u00favida que o Brasil \u00e9 um \u201cconjunto vazio\u201d.<\/span><\/p>\n<p style=\"text-align: center;\"><strong><span style=\"color: #ff0000;\">A aberra\u00e7\u00e3o dos cr\u00e9ditos subsidiados da Uni\u00e3o para os estados mais ricos do pa\u00eds<\/span><\/strong><\/p>\n<p style=\"text-align: justify;\"><span style=\"color: #0000ff;\">Os cinco estados mais ricos da federa\u00e7\u00e3o (S\u00e3o Paulo, Rio de Janeiro, Minas Gerais, Rio Grande do Sul e Paran\u00e1) s\u00e3o respons\u00e1veis por 76,45% da divida dos estados e munic\u00edpios com Uni\u00e3o, pagando juros subsidiados em torno de 10,00% ao ano e respondem por 64,9% do PIB do pa\u00eds. Uma aberra\u00e7\u00e3o hist\u00f3rica do Brasil, jamais abordado nos meios acad\u00eamicos, nos planos de governos, nem na imprensa e internet. Uma imoralidade.<\/span><\/p>\n<p style=\"text-align: center;\"><strong><span style=\"color: #ff0000;\">A aberra\u00e7\u00e3o da D\u00edvida dos Contribuintes com o INSS (Fonte MP)<\/span><\/strong><\/p>\n<p style=\"text-align: justify;\"><span style=\"color: #0000ff;\">Em 31 de dezembro de 2015 existia um estoque de d\u00edvidas dos contribuintes com a previd\u00eancia de R$ 455,0 bilh\u00f5es (7,71% do PIB).<\/span><\/p>\n<p style=\"text-align: center;\"><strong><span style=\"color: #ff0000;\">A aberra\u00e7\u00e3o da d\u00edvida em poder do Banco Central (Fonte MF)<\/span><\/strong><\/p>\n<p style=\"text-align: justify;\"><span style=\"color: #0000ff;\">A imprensa brasileira omite a informa\u00e7\u00e3o do estoque da d\u00edvida p\u00fablica em poder do Banco Central no montante de R$ 1.522,8 bilh\u00f5es (24,16% do PIB) em dezembro de 2016, sendo essa a parte mais importante da d\u00edvida, visto que nada mais \u00e9 do que uma \u201cpedalada oficial\u201d (aumento disfar\u00e7ado de base monet\u00e1ria) que n\u00e3o existiria se o Banco Central fosse independente. Vejam que essa orgia saiu de 17,86% do PIB em 2010 para 24,16% do PIB em dezembro de 2016. Crescimento real em rela\u00e7\u00e3o ao PIB de 35,27%. Uma imoralidade sem precedentes.<\/span><\/p>\n<p style=\"text-align: center;\"><strong><span style=\"color: #ff0000;\">A aberra\u00e7\u00e3o do emprego p\u00fablico federal (Fonte MP)<\/span><\/strong><\/p>\n<p style=\"text-align: justify;\"><span style=\"color: #0000ff;\">No per\u00edodo do governo do PT (2003\/2015) houve um crescimento de pessoal na Uni\u00e3o (Executivo, Legislativo e Judici\u00e1rio) de 305.316 servidores.<\/span><\/p>\n<p style=\"text-align: center;\"><strong><span style=\"color: #ff0000;\">A aberra\u00e7\u00e3o do cr\u00e9dito no Brasil (Fonte BCB)<\/span><\/strong><\/p>\n<p style=\"text-align: justify; padding-left: 30px;\"><span style=\"color: #0000ff;\">&#8211; Em dezembro de 2016, R$ 1.557,0 bilh\u00f5es com recursos livres com juro m\u00e9dio de 52,0% ao ano.<\/span><\/p>\n<p style=\"text-align: justify; padding-left: 30px;\"><span style=\"color: #0000ff;\">&#8211; Em dezembro de 2016, R$ 1.550,0 bilh\u00f5es com recursos direcionados concedidos por bancos p\u00fablicos (Caixa, BB, BNDES) com juro m\u00e9dio de 10,7% ao ano subsidiado pelo contribuinte.<\/span><\/p>\n<p style=\"text-align: justify;\"><span style=\"color: #0000ff;\">N\u00e3o h\u00e1 a menor d\u00favida que esse mecanismo de juro especial para os amigos e aliados dos governantes de plant\u00e3o \u00e9 uma fonte prim\u00e1ria de corrup\u00e7\u00e3o e de propina. Algu\u00e9m tem d\u00favida?<\/span><\/p>\n<p style=\"text-align: center;\"><strong><span style=\"color: #ff0000;\">A aberra\u00e7\u00e3o do emprego p\u00fablico no Brasil (Fonte IBGE)<\/span><\/strong><\/p>\n<p style=\"text-align: justify;\"><span style=\"color: #000080;\">Em rela\u00e7\u00e3o aos recursos humanos,\u00a0de 2005 para 2015, o percentual de servidores municipais passou de 2,6% para 3,2% da popula\u00e7\u00e3o do Brasil. O n\u00famero de pessoas ocupadas na administra\u00e7\u00e3o direta e indireta municipal era de 6.549.551 em 2015, o que corresponde a um crescimento de 37,4% em rela\u00e7\u00e3o a 2005 (4.767.602). A parcela de servidores municipais na administra\u00e7\u00e3o direta passou de 94,3% (4.494.154) em 2005 para 95,0% (6.224.235) em 2015. Na administra\u00e7\u00e3o indireta, esse percentual passou de 5,7% (273.448) em 2005 para 5,0% (325.316) em 2015.<\/span><\/p>\n<p style=\"text-align: center;\"><strong><span style=\"color: #ff0000;\">A aberra\u00e7\u00e3o da concentra\u00e7\u00e3o de renda entre os munic\u00edpios brasileiros (Fonte IBGE)<\/span><\/strong><\/p>\n<p style=\"text-align: justify;\"><span style=\"color: #0000ff;\">Em 2014 dos 5.570 munic\u00edpios existentes, apenas 62 respondiam por metade do PIB nacional, enquanto apenas 7 (S\u00e3o Paulo, Rio de Janeiro, Bras\u00edlia, Belo Horizonte, Curitiba, Manaus e Porto Alegre) respondiam por 25% do PIB nacional.<\/span><\/p>\n<p style=\"text-align: center;\"><strong><span style=\"color: #ff0000;\">A aberra\u00e7\u00e3o da orgia de gastos com pessoal no Brasil (Fonte MF)<\/span><\/strong><\/p>\n<p style=\"text-align: justify;\"><span style=\"color: #0000ff;\">Em 2002 os gastos com pessoal consolidado (uni\u00e3o, estados e munic\u00edpios) foi de 13,35% do PIB. Em 2015 foi de 15,31% do PIB. Crescimento real em rela\u00e7\u00e3o ao PIB de 14,68% representando 46,88% da carga tribut\u00e1ria que foi de 32,66%. Para que se avalie a varia\u00e7\u00e3o criminosa dos gastos reais com pessoal, cabe lembrar que nesse mesmo per\u00edodo houve um crescimento real do PIB Corrente de 37,80%, gerando um ganho real acima da infla\u00e7\u00e3o de 58,03% nesse per\u00edodo. Nenhuma na\u00e7\u00e3o do planeta conseguiria bancar tamanha orgia p\u00fablica.<\/span><\/p>\n<p style=\"text-align: center;\"><strong><span style=\"color: #ff0000;\">A aberra\u00e7\u00e3o de um pa\u00eds sem passado, presente e futuro (Fonte IBGE)<\/span><\/strong><\/p>\n<p style=\"text-align: justify;\"><span style=\"color: #000080;\">Cerca de um em cada quatro (22,5%) jovens de 15 a 29 anos n\u00e3o frequentava escola nem trabalhava na semana de refer\u00eancia em 2015, os chamados \u201cnem-nem\u201d, sendo que essa propor\u00e7\u00e3o cresceu 2,8 pontos percentuais frente a 2005 (19,7%). O grupo de 18 a 24 anos apresentou o maior percentual de \u201cnem-nem\u201d em 2015, com 27,4%.<\/span><\/p>\n<p style=\"text-align: center;\"><strong><span style=\"color: #ff0000;\">A aberra\u00e7\u00e3o da imoral e desumana Previd\u00eancia Social no Brasil (Fonte MF)<\/span><\/strong><\/p>\n<p style=\"text-align: justify; padding-left: 30px;\"><span style=\"color: #0000ff;\">&#8211; Em 2016 o Regime Geral de Previd\u00eancia Social (INSS) destinado aos trabalhadores de segunda classe (empresas privadas) com 100,6 milh\u00f5es de participantes (70,1 milh\u00f5es de contribuintes e 30,5 milh\u00f5es de benefici\u00e1rios) gerou um d\u00e9ficit previdenci\u00e1rio da ordem de R$ 149,7 bilh\u00f5es (d\u00e9ficit per capita por participante de R$ 1.488,07).<\/span><\/p>\n<p style=\"text-align: justify; padding-left: 30px;\"><span style=\"color: #0000ff;\">&#8211; Em 2016 o Regime Pr\u00f3prio da Previd\u00eancia Social destinado aos trabalhadores de primeira classe (servidores p\u00fablicos) \u2013 Uni\u00e3o, 26 estados, DF e 2087 munic\u00edpios mais ricos, com apenas 9,9 milh\u00f5es de participantes (6,3 milh\u00f5es de contribuintes e 3,6 milh\u00f5es de benefici\u00e1rios) gerou um d\u00e9ficit previdenci\u00e1rio da ordem de R$ 155,6 bilh\u00f5es (d\u00e9ficit per capita por participante de R$ 15.717,17).<\/span><\/p>\n<p style=\"text-align: justify; padding-left: 30px;\"><span style=\"color: #0000ff;\">&#8211; Resumo do resultado previdenci\u00e1rio de 2016 do RPPS (servidores p\u00fablicos): Uni\u00e3o (civis e militares) d\u00e9ficit previdenci\u00e1rio de R$ 77,1 bilh\u00f5es; governos estaduais d\u00e9ficit previdenci\u00e1rio de R$ 89,6 bilh\u00f5es e governos municipais super\u00e1vit previdenci\u00e1rio de R$ 11,1 bilh\u00f5es. Totalizando d\u00e9ficit previdenci\u00e1rio do RPPS da ordem de R$ 155,6 bilh\u00f5es.<\/span><\/p>\n<p style=\"text-align: justify; padding-left: 30px;\"><span style=\"color: #0000ff;\">&#8211; Em 2016 a previd\u00eancia social brasileira total (RGPS E RPPS) gerou um d\u00e9ficit previdenci\u00e1rio total de R$ 305,3 bilh\u00f5es, cobertos com as fontes de financiamentos (COFI NS e CSSL, dentre outras pequenas fontes) que s\u00e3o uma das maiores aberra\u00e7\u00f5es e excresc\u00eancias econ\u00f4micas e desumanas j\u00e1 conhecidas, visto que essas contribui\u00e7\u00f5es atingem todos os brasileiros de forma generalizada, mesmos os que n\u00e3o fazem parte do grupo coberto pela previd\u00eancia, tais como: os desempregados e os empregados informais sem carteira de trabalho assinada, contingente composto de quase a metade da popula\u00e7\u00e3o economicamente ativa. Esses grupos de exclu\u00eddos est\u00e3o pagando para uma festa da qual jamais ser\u00e3o convidados a participar.<\/span><\/p>\n<p style=\"text-align: justify; padding-left: 30px;\"><span style=\"color: #0000ff;\">&#8211; Cabe lembrar que no ano de 2016 houve uma ren\u00fancia previdenci\u00e1ria da ordem de R$ 43,4 bilh\u00f5es com exporta\u00e7\u00f5es, simples nacional e com entidades filantr\u00f3picas, dentre outras de menor signific\u00e2ncia.<\/span><\/p>\n<p style=\"text-align: center;\"><strong><span style=\"color: #ff0000;\">A aberra\u00e7\u00e3o do imoral d\u00e9ficit fiscal nominal do Brasil (Fonte BCB)<\/span><\/strong><\/p>\n<p style=\"text-align: justify;\"><span style=\"color: #0000ff;\">Segundo o Banco Central do Brasil o d\u00e9ficit fiscal nominal de 2015 foi de R$ 613,0 bilh\u00f5es (10,38% do PIB). Esse d\u00e9ficit retrata uma apura\u00e7\u00e3o cont\u00e1bil em regime de compet\u00eancia, ou seja: todos os compromissos do governo, mesmo os n\u00e3o vencidos, bem como os refinanciados est\u00e3o apurados da forma (pro-rata\/ano) dentro desse resultado.<\/span><\/p>\n<p style=\"text-align: justify;\"><span style=\"color: #0000ff;\">Segundo o Banco Central do Brasil o d\u00e9ficit fiscal nominal de 2016 foi de R$ 562,8 bilh\u00f5es (8,93% do PIB). Esse d\u00e9ficit retrata uma apura\u00e7\u00e3o cont\u00e1bil em regime de compet\u00eancia, ou seja: todos os compromissos do governo, mesmo os n\u00e3o vencidos, bem como os refinanciados est\u00e3o apurados da forma (pro-rata\/ano) dentro desse resultado.<\/span><\/p>\n<p style=\"text-align: center;\"><strong><span style=\"color: #ff0000;\">A aberra\u00e7\u00e3o dos dep\u00f3sitos compuls\u00f3rios e cr\u00e9ditos direcionados no Brasil que geram um \u00edndice de multiplicador de base de apenas (1,28)<\/span><\/strong><\/p>\n<p style=\"text-align: justify;\"><span style=\"color: #0000ff;\">Sendo o multiplicador de base m\u00e9dio em 2016 de 1,2800, ou seja: 78,12% dos recursos dispon\u00edveis foram esterilizados pelo Banco Central, atrav\u00e9s dos dep\u00f3sitos compuls\u00f3rios e dos cr\u00e9ditos direcionados, o juro de mercado m\u00e9dio em 2016 foi de taxa Selic de 13,00% ao ano\u00a0 x 4,6992 = 61,09% ao ano (4,0533% ao m\u00eas). Cabe lembrar que, como na nossa an\u00e1lise n\u00e3o consideramos que alguns dep\u00f3sitos compuls\u00f3rios s\u00e3o remunerados, \u00e9 \u00f3bvio que h\u00e1 uma pequena diverg\u00eancia entre a taxa apurada no estudo (61,09% ao ano) e a taxa oficial apurada pelo Banco Central para os cr\u00e9ditos livres que foi de 52,00% ao ano em 2016.<\/span><\/p>\n<p style=\"text-align: justify;\"><span style=\"color: #0000ff;\">Cabe alertar que o dep\u00f3sito compuls\u00f3rio no Brasil \u00e9 alto para lastrear a imoral e criminosa d\u00edvida da Uni\u00e3o carregada pelo Banco Central (pedalada oficial). Uma vergonha.<\/span><\/p>\n<p style=\"text-align: center;\"><strong><span style=\"color: #ff0000;\">A aberra\u00e7\u00e3o do subemprego no Brasil (Fonte IBGE)<\/span><\/strong><\/p>\n<p style=\"text-align: justify;\"><span style=\"color: #0000ff;\">A\u00a0taxa composta de subutiliza\u00e7\u00e3o da for\u00e7a de trabalho\u00a0(que agrega a taxa de desocupa\u00e7\u00e3o, taxa de subocupa\u00e7\u00e3o por insufici\u00eancia de horas e da for\u00e7a de trabalho potencial) ficou em 22,2% no 4\u00ba trimestre de 2016,<\/span><\/p>\n<p style=\"text-align: center;\"><strong><span style=\"color: #ff0000;\">A aberra\u00e7\u00e3o da carga tribut\u00e1ria no Brasil<\/span><\/strong><\/p>\n<p style=\"text-align: justify;\"><span style=\"color: #0000ff;\">De 1990 at\u00e9 2015 a carga tribut\u00e1ria brasileira teve um aumento real em rela\u00e7\u00e3o ao PIB de 37,75%.<\/span><\/p>\n<p style=\"text-align: justify;\"><span style=\"color: #0000ff;\">Aumento da carga tribut\u00e1ria federal no per\u00edodo \u2013 38,88%.<\/span><\/p>\n<p style=\"text-align: justify;\"><span style=\"color: #0000ff;\">Aumento da carga tribut\u00e1ria estadual no per\u00edodo \u2013 23,40%.<\/span><\/p>\n<p style=\"text-align: justify;\"><span style=\"color: #0000ff;\">Aumento da carga tribut\u00e1ria municipal no per\u00edodo \u2013 120,00%.<\/span><\/p>\n<p style=\"text-align: center;\"><span style=\"color: #ff0000;\">Arquivos oficiais do governo est\u00e3o dispon\u00edveis aos leitores.<\/span><\/p>\n<p style=\"text-align: justify;\"><span style=\"color: #0000ff;\">Ricardo Bergamini<br \/>\n(48) 99636-7322<br \/>\n(48) 99976-6974<br \/>\nMembro do Grupo Pensar+ <a href=\"http:\/\/www.pontocritico.com\" target=\"_blank\">www.pontocritico.com<\/a><br \/>\n<a href=\"mailto:ricardobergamini@ricardobergamini.com.br\" target=\"_blank\">ricardobergamini@ricardobergamini.com.br<\/a><br \/>\n<a href=\"http:\/\/www.ricardobergamini.com.br\" target=\"_blank\">www.ricardobergamini.com.br<\/a><\/span><\/p>\n","protected":false},"excerpt":{"rendered":"<p>Enquanto a sociedade brasileira n\u00e3o identificar que o maior inimigo do Brasil \u00e9 o estado brasileiro, n\u00e3o haver\u00e1 salva\u00e7\u00e3o para o Brasil. Vide aberra\u00e7\u00f5es econ\u00f4micas&#8230;<\/p>\n","protected":false},"author":18,"featured_media":1126,"comment_status":"open","ping_status":"open","sticky":false,"template":"","format":"standard","meta":[],"categories":[10],"tags":[],"_links":{"self":[{"href":"http:\/\/acaopolitica.com\/index.php\/wp-json\/wp\/v2\/posts\/1418"}],"collection":[{"href":"http:\/\/acaopolitica.com\/index.php\/wp-json\/wp\/v2\/posts"}],"about":[{"href":"http:\/\/acaopolitica.com\/index.php\/wp-json\/wp\/v2\/types\/post"}],"author":[{"embeddable":true,"href":"http:\/\/acaopolitica.com\/index.php\/wp-json\/wp\/v2\/users\/18"}],"replies":[{"embeddable":true,"href":"http:\/\/acaopolitica.com\/index.php\/wp-json\/wp\/v2\/comments?post=1418"}],"version-history":[{"count":1,"href":"http:\/\/acaopolitica.com\/index.php\/wp-json\/wp\/v2\/posts\/1418\/revisions"}],"predecessor-version":[{"id":1419,"href":"http:\/\/acaopolitica.com\/index.php\/wp-json\/wp\/v2\/posts\/1418\/revisions\/1419"}],"wp:featuredmedia":[{"embeddable":true,"href":"http:\/\/acaopolitica.com\/index.php\/wp-json\/wp\/v2\/media\/1126"}],"wp:attachment":[{"href":"http:\/\/acaopolitica.com\/index.php\/wp-json\/wp\/v2\/media?parent=1418"}],"wp:term":[{"taxonomy":"category","embeddable":true,"href":"http:\/\/acaopolitica.com\/index.php\/wp-json\/wp\/v2\/categories?post=1418"},{"taxonomy":"post_tag","embeddable":true,"href":"http:\/\/acaopolitica.com\/index.php\/wp-json\/wp\/v2\/tags?post=1418"}],"curies":[{"name":"wp","href":"https:\/\/api.w.org\/{rel}","templated":true}]}}