{"id":143,"date":"2015-10-11T14:16:58","date_gmt":"2015-10-11T14:16:58","guid":{"rendered":"http:\/\/acaopolitica.com\/?p=143"},"modified":"2015-10-11T14:16:58","modified_gmt":"2015-10-11T14:16:58","slug":"ensaio-sobre-a-comum-pratica-da-propina","status":"publish","type":"post","link":"http:\/\/acaopolitica.com\/index.php\/2015\/10\/11\/ensaio-sobre-a-comum-pratica-da-propina\/","title":{"rendered":"Ensaio sobre a \u201ccomum\u201d pr\u00e1tica da propina"},"content":{"rendered":"<p style=\"text-align: justify;\">Aparentemente eu tenho me limitado a escrever sobre a nossa c\u00e2mara de vereadores, e fato \u00e9 que esse \u00e9 meu terceiro post e s\u00e3o todos sobre a c\u00e2mara legislativa. Entretanto, como sabemos, nosso portal tende a apontar as mazelas e as imper\u00edcias evidentes do estado, claramente nossa c\u00e2mara de Blumenau, \u00e9 uma dessas. Agora, est\u00e3o discutindo sobre uma nova sede, eu, entretanto, acho por demais arriscado deixar a constru\u00e7\u00e3o de uma sede nas m\u00e3os desses vereadores que a\u00ed est\u00e3o, \u00e9 claro que n\u00e3o sa\u00edra nada barato e ser\u00e1 mais um ato de erro deles. Com certeza j\u00e1 pensam em um terreno no centro, uma bela estrutura, penso eu: por que n\u00e3o, em um bairro? J\u00e1 que o centro \u00e9 car\u00edssimo para constru\u00e7\u00e3o. Uma estrutura modesta, enxuta, tijolos a vista de repente. Tudo para baratear, por\u00e9m, avaliando as a\u00e7\u00f5es dessa casa, n\u00e3o ser\u00e1 esse seu pensamento.<\/p>\n<p style=\"text-align: justify;\">O vereador Forest, que n\u00e3o cansa de falar groselhas, recentemente disse que a pratica de propina \u00e9 um h\u00e1bito comum em todos os poderes e em todas as unidades da federa\u00e7\u00e3o. O vereador C\u00e9lio havia ficado ofendido sobre essa fala, pois havia entendido que era apenas a c\u00e2mara quem pagava propina, por\u00e9m, ap\u00f3s o vereador do PT esclarecer que s\u00e3o todos os entes p\u00fablicos, a indigna\u00e7\u00e3o do C\u00e9lio acabou \u2013 ufa, n\u00e3o \u00e9 apenas a nossa c\u00e2mara que rouba, mas toda a administra\u00e7\u00e3o p\u00fablica, muito melhor (ironia) \u2013. Esses dois senhores v\u00eam protagonizando v\u00e1rias saladas de frutas, por\u00e9m, a maior nesse caso \u00e9 o vereador do PT dizer que 10% s\u00e3o pagos de propina, ora essa, o partido que a n\u00edvel federal maquiou 2,3 trilh\u00f5es de reais, sabe que \u00e9 bem mais do qu\u00ea 10% n\u00e3o \u00e9?! Realmente, o partido dos trabalhadores, admite esse modo de governar atrav\u00e9s da ilegalidade de uma forma caricata. \u00c9 por isso que o PT \u00e9 nosso maior inimigo hoje, afinal, sabemos que os partidos, s\u00e3o recheados de corruptos, por\u00e9m, o PT quer institucionalizar a corrup\u00e7\u00e3o tornando-a meio vital\u00edcio de governar.<\/p>\n<p style=\"text-align: justify;\">O TCU apontou irregularidade em 2,3 trilh\u00f5es de reais nas contas do PT, isso s\u00f3 de 2014, imagine dos doze anos anteriores, tudo isso, apenas est\u00e1 vindo \u00e0 tona, pois as institui\u00e7\u00f5es sabem que tem o respaldo da popula\u00e7\u00e3o pra ir atr\u00e1s desses corruptos. Por isso \u00e9 importante estarmos tomando os espa\u00e7os, da m\u00eddia, das ruas, as tribunas, o que pudermos usar para externar, para deixar em evid\u00eancia a inaptid\u00e3o desses que est\u00e3o no poder, \u00e9 nosso dever! Sabemos que o problema, claro, n\u00e3o \u00e9 s\u00f3 a corrup\u00e7\u00e3o, mas o uso equivocado do dinheiro muitas vezes, um sistema licitat\u00f3rio ultrapassado e disfuncional, afinal, todos sabemos e \u00e9 ditado popular que: \u201co barato sa\u00ed caro\u201d, esse sistema de licita\u00e7\u00e3o, sempre custa caro, mais caro ainda pra popula\u00e7\u00e3o. Fora as decis\u00f5es erradas tomadas, vide o viaduto da Mafisa.<\/p>\n<p style=\"text-align: justify;\">Finalizo hoje, esse artigo, em pleno domingo relembrando as palavras de Alexander Hamilton, que disse: \u201cuma na\u00e7\u00e3o que prefere a desonra ao perigo, est\u00e1 preparada para um mestre e merece um.\u201d \u00c9 por isso que eu reitero, temos que falar, temos que deixar claro, n\u00e3o estamos para brincadeira, queremos e exigimos respeito, exigimos um pa\u00eds, um estado, um munic\u00edpio, livre e justo!<\/p>\n<p style=\"text-align: justify;\">Escrito por <a href=\"https:\/\/www.facebook.com\/jose.galdino.756?fref=ts\">Jos\u00e9 Galdino.<\/a><\/p>\n","protected":false},"excerpt":{"rendered":"<p>Aparentemente eu tenho me limitado a escrever sobre a nossa c\u00e2mara de vereadores, e fato \u00e9 que esse \u00e9 meu terceiro post e s\u00e3o todos&#8230;<\/p>\n","protected":false},"author":4,"featured_media":144,"comment_status":"open","ping_status":"open","sticky":false,"template":"","format":"standard","meta":[],"categories":[2],"tags":[],"_links":{"self":[{"href":"http:\/\/acaopolitica.com\/index.php\/wp-json\/wp\/v2\/posts\/143"}],"collection":[{"href":"http:\/\/acaopolitica.com\/index.php\/wp-json\/wp\/v2\/posts"}],"about":[{"href":"http:\/\/acaopolitica.com\/index.php\/wp-json\/wp\/v2\/types\/post"}],"author":[{"embeddable":true,"href":"http:\/\/acaopolitica.com\/index.php\/wp-json\/wp\/v2\/users\/4"}],"replies":[{"embeddable":true,"href":"http:\/\/acaopolitica.com\/index.php\/wp-json\/wp\/v2\/comments?post=143"}],"version-history":[{"count":1,"href":"http:\/\/acaopolitica.com\/index.php\/wp-json\/wp\/v2\/posts\/143\/revisions"}],"predecessor-version":[{"id":145,"href":"http:\/\/acaopolitica.com\/index.php\/wp-json\/wp\/v2\/posts\/143\/revisions\/145"}],"wp:featuredmedia":[{"embeddable":true,"href":"http:\/\/acaopolitica.com\/index.php\/wp-json\/wp\/v2\/media\/144"}],"wp:attachment":[{"href":"http:\/\/acaopolitica.com\/index.php\/wp-json\/wp\/v2\/media?parent=143"}],"wp:term":[{"taxonomy":"category","embeddable":true,"href":"http:\/\/acaopolitica.com\/index.php\/wp-json\/wp\/v2\/categories?post=143"},{"taxonomy":"post_tag","embeddable":true,"href":"http:\/\/acaopolitica.com\/index.php\/wp-json\/wp\/v2\/tags?post=143"}],"curies":[{"name":"wp","href":"https:\/\/api.w.org\/{rel}","templated":true}]}}