{"id":1448,"date":"2017-04-30T18:16:32","date_gmt":"2017-04-30T18:16:32","guid":{"rendered":"http:\/\/acaopolitica.com\/?p=1448"},"modified":"2017-04-30T19:20:56","modified_gmt":"2017-04-30T19:20:56","slug":"1o-seminario-do-projeto-de-aperfeicoamento-do-sistema-politico-brasileiro","status":"publish","type":"post","link":"http:\/\/acaopolitica.com\/index.php\/2017\/04\/30\/1o-seminario-do-projeto-de-aperfeicoamento-do-sistema-politico-brasileiro\/","title":{"rendered":"1\u00ba Semin\u00e1rio do Projeto de Aperfei\u00e7oamento do Sistema Pol\u00edtico Brasileiro"},"content":{"rendered":"<p style=\"text-align: justify;\">No s\u00e1bado, 29\/04\/2017, o <a href=\"https:\/\/www.facebook.com\/institutoverdadeeliberdade\/\" target=\"_blank\" rel=\"noopener noreferrer\">IVL &#8211; Instituto Verdade e Liberdade<\/a> realizou o 1\u00ba Semin\u00e1rio do <strong>Projeto de Aperfei\u00e7oamento do Sistema Pol\u00edtico Brasileiro<\/strong>.<\/p>\n<p style=\"text-align: justify;\">Este evento faz parte do projeto referido no nome do evento.<\/p>\n<p style=\"text-align: justify;\">O evento foi realizado no audit\u00f3rio do <a href=\"http:\/\/sesconblumenau.org.br\" target=\"_blank\" rel=\"noopener noreferrer\">SESCON Blumenau<\/a>, durante a tarde do dia 29\/04.<\/p>\n<p style=\"text-align: justify;\">O objetivo principal do projeto \u00e9 a cria\u00e7\u00e3o de um <strong>Projeto de Lei de Iniciativa Popular<\/strong>, conforme definido no artigo 61, \u00a72 da Constitui\u00e7\u00e3o brasileira de 1988 e regulamentada pela lei 9.709 de 1.998. E o projeto de lei desta iniciativa pretende <strong>aperfei\u00e7oar o sistema pol\u00edtico brasileiro<\/strong>, torn\u00e1-lo menos lesivo e mais a servi\u00e7o da sociedade (n\u00e3o o contr\u00e1rio como ocorre hoje).<\/p>\n<p style=\"text-align: justify;\">Como objetivos secund\u00e1rios, o projeto prop\u00f5e a conscientiza\u00e7\u00e3o e eleva\u00e7\u00e3o do debate sobre o sistema pol\u00edtico. Um exemplo foi o evento deste registro, o qual envolveu interessados e representantes da sociedade organizada, e suscitou diversas sugest\u00f5es e acirrado debate, cujas contribui\u00e7\u00f5es ser\u00e3o avaliadas e aproveitadas no projeto.<\/p>\n<p style=\"text-align: justify;\">No futuro ser\u00e3o realizados mais eventos desta e de outras naturezas.<\/p>\n<p style=\"text-align: justify;\">Havendo interesse em participar ou contribuir, entre em contato com o IVL &#8211; Instituto Verdade e Liberdade pela fanpage:<\/p>\n<p style=\"padding-left: 30px;\"><a href=\"https:\/\/www.facebook.com\/institutoverdadeeliberdade\/\" target=\"_blank\" rel=\"noopener noreferrer\">https:\/\/www.facebook.com\/institutoverdadeeliberdade\/<\/a><\/p>\n<p>Ou com o Coordenador Geral do Projeto, Jo\u00e3o Neves, pelo e-mail: <a href=\"mailto:jc50neves@gmail.com\" target=\"_blank\" rel=\"noopener noreferrer\">jc50neves@gmail.com\u00a0<\/a><\/p>\n<p>Registramos agradecimentos:<\/p>\n<ul>\n<li style=\"text-align: justify;\"><a href=\"http:\/\/sesconblumenau.org.br\" target=\"_blank\" rel=\"noopener noreferrer\">SESCON Blumenau<\/a>: que cedeu o espa\u00e7o e sempre \u00e9 um apoio muito valioso, atrav\u00e9s de Jefferson Pitz (presidente da entidade) e Janes Naz\u00e1rio (da equipe da entidade).<\/li>\n<li style=\"text-align: justify;\"><a href=\"http:\/\/www.acib.net\/\" target=\"_blank\" rel=\"noopener noreferrer\">ACIB<\/a>: atrav\u00e9s de Charles Schwanke, diretor executivo.<\/li>\n<li style=\"text-align: justify;\"><a href=\"https:\/\/www.ellevo.com\/\" target=\"_blank\" rel=\"noopener noreferrer\">ELLEVO<\/a>: atrav\u00e9s de Carlos Davila<\/li>\n<li style=\"text-align: justify;\"><a href=\"http:\/\/www.biervila.com.br\/br\/\" target=\"_blank\" rel=\"noopener noreferrer\">BIERVILA<\/a>: atrav\u00e9s de Ulysses Kreutzfeld<\/li>\n<li><a href=\"http:\/\/sorria.dentalprev.com.br\/\" target=\"_blank\" rel=\"noopener noreferrer\">DENTALPREV<\/a>: atrav\u00e9s de Cl\u00e1udio J. Bucco<\/li>\n<\/ul>\n<p style=\"text-align: justify;\">E um agradecimento diferenciado ao <a href=\"https:\/\/www.facebook.com\/carvalho.olavo\/\" target=\"_blank\" rel=\"noopener noreferrer\">Prof. Olavo de Carvalho<\/a> que comemorava 70 anos na data do evento. Que merece nosso reconhecimento. Muitos de n\u00f3s estamos mais capazes de realizar alguma mudan\u00e7a positiva ou empreender algum combate efetivo aos inimigos da sociedade, pelo que aprendemos com ele.<\/p>\n<p style=\"text-align: justify;\">O v\u00eddeo do evento estar\u00e1 dispon\u00edvel em alguns dias.<\/p>\n<p style=\"text-align: justify;\">Abaixo, alguns registros do evento:<\/p>\n<p><a href=\"http:\/\/acaopolitica.com\/wp-content\/uploads\/2017\/04\/foto_oficial_seminario.jpg\"><img loading=\"lazy\" class=\"alignnone size-full wp-image-1450\" src=\"http:\/\/acaopolitica.com\/wp-content\/uploads\/2017\/04\/foto_oficial_seminario.jpg\" alt=\"\" width=\"1280\" height=\"960\" srcset=\"http:\/\/acaopolitica.com\/wp-content\/uploads\/2017\/04\/foto_oficial_seminario.jpg 1280w, http:\/\/acaopolitica.com\/wp-content\/uploads\/2017\/04\/foto_oficial_seminario-300x225.jpg 300w, http:\/\/acaopolitica.com\/wp-content\/uploads\/2017\/04\/foto_oficial_seminario-768x576.jpg 768w, http:\/\/acaopolitica.com\/wp-content\/uploads\/2017\/04\/foto_oficial_seminario-1030x773.jpg 1030w\" sizes=\"(max-width: 1280px) 100vw, 1280px\" \/><\/a><\/p>\n<p><a href=\"http:\/\/acaopolitica.com\/wp-content\/uploads\/2017\/04\/IMG-20170430-WA0011.jpg\"><img loading=\"lazy\" class=\"alignnone size-full wp-image-1451\" src=\"http:\/\/acaopolitica.com\/wp-content\/uploads\/2017\/04\/IMG-20170430-WA0011.jpg\" alt=\"\" width=\"1280\" height=\"960\" srcset=\"http:\/\/acaopolitica.com\/wp-content\/uploads\/2017\/04\/IMG-20170430-WA0011.jpg 1280w, http:\/\/acaopolitica.com\/wp-content\/uploads\/2017\/04\/IMG-20170430-WA0011-300x225.jpg 300w, http:\/\/acaopolitica.com\/wp-content\/uploads\/2017\/04\/IMG-20170430-WA0011-768x576.jpg 768w, http:\/\/acaopolitica.com\/wp-content\/uploads\/2017\/04\/IMG-20170430-WA0011-1030x773.jpg 1030w\" sizes=\"(max-width: 1280px) 100vw, 1280px\" \/><\/a> <a href=\"http:\/\/acaopolitica.com\/wp-content\/uploads\/2017\/04\/IMG-20170430-WA0012.jpg\"><img loading=\"lazy\" class=\"alignnone size-full wp-image-1452\" src=\"http:\/\/acaopolitica.com\/wp-content\/uploads\/2017\/04\/IMG-20170430-WA0012.jpg\" alt=\"\" width=\"1280\" height=\"960\" srcset=\"http:\/\/acaopolitica.com\/wp-content\/uploads\/2017\/04\/IMG-20170430-WA0012.jpg 1280w, http:\/\/acaopolitica.com\/wp-content\/uploads\/2017\/04\/IMG-20170430-WA0012-300x225.jpg 300w, http:\/\/acaopolitica.com\/wp-content\/uploads\/2017\/04\/IMG-20170430-WA0012-768x576.jpg 768w, http:\/\/acaopolitica.com\/wp-content\/uploads\/2017\/04\/IMG-20170430-WA0012-1030x773.jpg 1030w\" sizes=\"(max-width: 1280px) 100vw, 1280px\" \/><\/a> <a href=\"http:\/\/acaopolitica.com\/wp-content\/uploads\/2017\/04\/IMG-20170430-WA0013.jpg\"><img loading=\"lazy\" class=\"alignnone size-full wp-image-1453\" src=\"http:\/\/acaopolitica.com\/wp-content\/uploads\/2017\/04\/IMG-20170430-WA0013.jpg\" alt=\"\" width=\"1280\" height=\"960\" srcset=\"http:\/\/acaopolitica.com\/wp-content\/uploads\/2017\/04\/IMG-20170430-WA0013.jpg 1280w, http:\/\/acaopolitica.com\/wp-content\/uploads\/2017\/04\/IMG-20170430-WA0013-300x225.jpg 300w, http:\/\/acaopolitica.com\/wp-content\/uploads\/2017\/04\/IMG-20170430-WA0013-768x576.jpg 768w, http:\/\/acaopolitica.com\/wp-content\/uploads\/2017\/04\/IMG-20170430-WA0013-1030x773.jpg 1030w\" sizes=\"(max-width: 1280px) 100vw, 1280px\" \/><\/a> <a href=\"http:\/\/acaopolitica.com\/wp-content\/uploads\/2017\/04\/IMG-20170430-WA0015.jpg\"><img loading=\"lazy\" class=\"alignnone size-full wp-image-1455\" src=\"http:\/\/acaopolitica.com\/wp-content\/uploads\/2017\/04\/IMG-20170430-WA0015.jpg\" alt=\"\" width=\"1280\" height=\"960\" srcset=\"http:\/\/acaopolitica.com\/wp-content\/uploads\/2017\/04\/IMG-20170430-WA0015.jpg 1280w, http:\/\/acaopolitica.com\/wp-content\/uploads\/2017\/04\/IMG-20170430-WA0015-300x225.jpg 300w, http:\/\/acaopolitica.com\/wp-content\/uploads\/2017\/04\/IMG-20170430-WA0015-768x576.jpg 768w, http:\/\/acaopolitica.com\/wp-content\/uploads\/2017\/04\/IMG-20170430-WA0015-1030x773.jpg 1030w\" sizes=\"(max-width: 1280px) 100vw, 1280px\" \/><\/a> <a href=\"http:\/\/acaopolitica.com\/wp-content\/uploads\/2017\/04\/IMG-20170430-WA0016.jpg\"><img loading=\"lazy\" class=\"alignnone size-full wp-image-1456\" src=\"http:\/\/acaopolitica.com\/wp-content\/uploads\/2017\/04\/IMG-20170430-WA0016.jpg\" alt=\"\" width=\"1280\" height=\"960\" srcset=\"http:\/\/acaopolitica.com\/wp-content\/uploads\/2017\/04\/IMG-20170430-WA0016.jpg 1280w, http:\/\/acaopolitica.com\/wp-content\/uploads\/2017\/04\/IMG-20170430-WA0016-300x225.jpg 300w, http:\/\/acaopolitica.com\/wp-content\/uploads\/2017\/04\/IMG-20170430-WA0016-768x576.jpg 768w, http:\/\/acaopolitica.com\/wp-content\/uploads\/2017\/04\/IMG-20170430-WA0016-1030x773.jpg 1030w\" sizes=\"(max-width: 1280px) 100vw, 1280px\" \/><\/a> <a href=\"http:\/\/acaopolitica.com\/wp-content\/uploads\/2017\/04\/IMG-20170430-WA0017.jpg\"><img loading=\"lazy\" class=\"alignnone size-full wp-image-1457\" src=\"http:\/\/acaopolitica.com\/wp-content\/uploads\/2017\/04\/IMG-20170430-WA0017.jpg\" alt=\"\" width=\"1280\" height=\"960\" srcset=\"http:\/\/acaopolitica.com\/wp-content\/uploads\/2017\/04\/IMG-20170430-WA0017.jpg 1280w, http:\/\/acaopolitica.com\/wp-content\/uploads\/2017\/04\/IMG-20170430-WA0017-300x225.jpg 300w, http:\/\/acaopolitica.com\/wp-content\/uploads\/2017\/04\/IMG-20170430-WA0017-768x576.jpg 768w, http:\/\/acaopolitica.com\/wp-content\/uploads\/2017\/04\/IMG-20170430-WA0017-1030x773.jpg 1030w\" sizes=\"(max-width: 1280px) 100vw, 1280px\" \/><\/a> <a href=\"http:\/\/acaopolitica.com\/wp-content\/uploads\/2017\/04\/IMG-20170430-WA0018.jpg\"><img loading=\"lazy\" class=\"alignnone size-full wp-image-1458\" src=\"http:\/\/acaopolitica.com\/wp-content\/uploads\/2017\/04\/IMG-20170430-WA0018.jpg\" alt=\"\" width=\"1280\" height=\"960\" srcset=\"http:\/\/acaopolitica.com\/wp-content\/uploads\/2017\/04\/IMG-20170430-WA0018.jpg 1280w, http:\/\/acaopolitica.com\/wp-content\/uploads\/2017\/04\/IMG-20170430-WA0018-300x225.jpg 300w, http:\/\/acaopolitica.com\/wp-content\/uploads\/2017\/04\/IMG-20170430-WA0018-768x576.jpg 768w, http:\/\/acaopolitica.com\/wp-content\/uploads\/2017\/04\/IMG-20170430-WA0018-1030x773.jpg 1030w\" sizes=\"(max-width: 1280px) 100vw, 1280px\" \/><\/a> <a href=\"http:\/\/acaopolitica.com\/wp-content\/uploads\/2017\/04\/IMG-20170430-WA0019.jpg\"><img loading=\"lazy\" class=\"alignnone size-full wp-image-1459\" src=\"http:\/\/acaopolitica.com\/wp-content\/uploads\/2017\/04\/IMG-20170430-WA0019.jpg\" alt=\"\" width=\"1280\" height=\"960\" srcset=\"http:\/\/acaopolitica.com\/wp-content\/uploads\/2017\/04\/IMG-20170430-WA0019.jpg 1280w, http:\/\/acaopolitica.com\/wp-content\/uploads\/2017\/04\/IMG-20170430-WA0019-300x225.jpg 300w, http:\/\/acaopolitica.com\/wp-content\/uploads\/2017\/04\/IMG-20170430-WA0019-768x576.jpg 768w, http:\/\/acaopolitica.com\/wp-content\/uploads\/2017\/04\/IMG-20170430-WA0019-1030x773.jpg 1030w\" sizes=\"(max-width: 1280px) 100vw, 1280px\" \/><\/a> <a href=\"http:\/\/acaopolitica.com\/wp-content\/uploads\/2017\/04\/IMG-20170430-WA0020.jpg\"><img loading=\"lazy\" class=\"alignnone size-full wp-image-1460\" src=\"http:\/\/acaopolitica.com\/wp-content\/uploads\/2017\/04\/IMG-20170430-WA0020.jpg\" alt=\"\" width=\"1280\" height=\"960\" srcset=\"http:\/\/acaopolitica.com\/wp-content\/uploads\/2017\/04\/IMG-20170430-WA0020.jpg 1280w, http:\/\/acaopolitica.com\/wp-content\/uploads\/2017\/04\/IMG-20170430-WA0020-300x225.jpg 300w, http:\/\/acaopolitica.com\/wp-content\/uploads\/2017\/04\/IMG-20170430-WA0020-768x576.jpg 768w, http:\/\/acaopolitica.com\/wp-content\/uploads\/2017\/04\/IMG-20170430-WA0020-1030x773.jpg 1030w\" sizes=\"(max-width: 1280px) 100vw, 1280px\" \/><\/a> <a href=\"http:\/\/acaopolitica.com\/wp-content\/uploads\/2017\/04\/IMG-20170430-WA0021.jpg\"><img loading=\"lazy\" class=\"alignnone size-full wp-image-1461\" src=\"http:\/\/acaopolitica.com\/wp-content\/uploads\/2017\/04\/IMG-20170430-WA0021.jpg\" alt=\"\" width=\"1280\" height=\"960\" srcset=\"http:\/\/acaopolitica.com\/wp-content\/uploads\/2017\/04\/IMG-20170430-WA0021.jpg 1280w, http:\/\/acaopolitica.com\/wp-content\/uploads\/2017\/04\/IMG-20170430-WA0021-300x225.jpg 300w, http:\/\/acaopolitica.com\/wp-content\/uploads\/2017\/04\/IMG-20170430-WA0021-768x576.jpg 768w, http:\/\/acaopolitica.com\/wp-content\/uploads\/2017\/04\/IMG-20170430-WA0021-1030x773.jpg 1030w\" sizes=\"(max-width: 1280px) 100vw, 1280px\" \/><\/a><\/p>\n","protected":false},"excerpt":{"rendered":"<p>No s\u00e1bado, 29\/04\/2017, o IVL &#8211; Instituto Verdade e Liberdade realizou o 1\u00ba Semin\u00e1rio do Projeto de Aperfei\u00e7oamento do Sistema Pol\u00edtico Brasileiro. Este evento faz&#8230;<\/p>\n","protected":false},"author":1,"featured_media":1465,"comment_status":"open","ping_status":"open","sticky":false,"template":"","format":"standard","meta":[],"categories":[11,2],"tags":[],"_links":{"self":[{"href":"http:\/\/acaopolitica.com\/index.php\/wp-json\/wp\/v2\/posts\/1448"}],"collection":[{"href":"http:\/\/acaopolitica.com\/index.php\/wp-json\/wp\/v2\/posts"}],"about":[{"href":"http:\/\/acaopolitica.com\/index.php\/wp-json\/wp\/v2\/types\/post"}],"author":[{"embeddable":true,"href":"http:\/\/acaopolitica.com\/index.php\/wp-json\/wp\/v2\/users\/1"}],"replies":[{"embeddable":true,"href":"http:\/\/acaopolitica.com\/index.php\/wp-json\/wp\/v2\/comments?post=1448"}],"version-history":[{"count":4,"href":"http:\/\/acaopolitica.com\/index.php\/wp-json\/wp\/v2\/posts\/1448\/revisions"}],"predecessor-version":[{"id":1466,"href":"http:\/\/acaopolitica.com\/index.php\/wp-json\/wp\/v2\/posts\/1448\/revisions\/1466"}],"wp:featuredmedia":[{"embeddable":true,"href":"http:\/\/acaopolitica.com\/index.php\/wp-json\/wp\/v2\/media\/1465"}],"wp:attachment":[{"href":"http:\/\/acaopolitica.com\/index.php\/wp-json\/wp\/v2\/media?parent=1448"}],"wp:term":[{"taxonomy":"category","embeddable":true,"href":"http:\/\/acaopolitica.com\/index.php\/wp-json\/wp\/v2\/categories?post=1448"},{"taxonomy":"post_tag","embeddable":true,"href":"http:\/\/acaopolitica.com\/index.php\/wp-json\/wp\/v2\/tags?post=1448"}],"curies":[{"name":"wp","href":"https:\/\/api.w.org\/{rel}","templated":true}]}}