{"id":146,"date":"2015-10-14T12:42:42","date_gmt":"2015-10-14T12:42:42","guid":{"rendered":"http:\/\/acaopolitica.com\/?p=146"},"modified":"2015-10-14T12:42:42","modified_gmt":"2015-10-14T12:42:42","slug":"a-importancia-de-se-explicar-corretamente","status":"publish","type":"post","link":"http:\/\/acaopolitica.com\/index.php\/2015\/10\/14\/a-importancia-de-se-explicar-corretamente\/","title":{"rendered":"A import\u00e2ncia de se explicar corretamente"},"content":{"rendered":"<p style=\"text-align: justify\">Estamos em tempos onde os ideais de liberdade est\u00e3o em alta. Pessoas t\u00eam criado sites, blogs, p\u00e1ginas em redes sociais, promovido f\u00f3runs e eventos diversos para divulgar suas pautas. O movimento tem conseguido fortes e r\u00e1pidos adeptos, devido ao simples fato de que todos conseguem perceber que quanto mais liberdade tiverem &#8211; em especial a econ\u00f4mica -, mais beneficiados ser\u00e3o.<\/p>\n<p style=\"text-align: justify\">Todavia, muitos t\u00eam defendido no\u00e7\u00f5es que n\u00e3o s\u00e3o corretas. Um exemplo cl\u00e1ssico \u00e9 afirmar que nos ideais libert\u00e1rios, a meritocracia \u00e9 enfatizada e \u00e9 o caminho para o sucesso, ou seja, quem se esfor\u00e7a \u00e9 recompensado. Noutras palavras, afirmam que a progress\u00e3o na vida, tanto social como econ\u00f4mica, depende do empenho e dedica\u00e7\u00e3o que o indiv\u00edduo tem \u00e0 causa, devendo ele e t\u00e3o somente ele, gerenciar sua ascens\u00e3o.<\/p>\n<p style=\"text-align: justify\">O problema de tal fala \u00e9 que a riqueza e ascens\u00e3o n\u00e3o s\u00e3o gerados pelo esfor\u00e7o, e sim pelo valor que o indiv\u00edduo gera a outrem &#8211; seja de pouco ou muito alcance. A riqueza n\u00e3o nasce com o esfor\u00e7o, como, por exemplo, afirmar que ficar cinco anos em uma faculdade, seja o pre\u00e7o para se ficar rico. Sim, cinco anos de estudos, geralmente \u00e0 noite e durante todos os dias (fora os trabalhos feitos em casa), \u00e9 um esfor\u00e7o bastante razo\u00e1vel, mas n\u00e3o significa coisa alguma em termos de riqueza e n\u00e3o lhe garante coisa alguma.<\/p>\n<p style=\"text-align: justify\">Assim, buscando consertar tal descompasso sobre a meritocracia, Joel Pinheiro da Fonseca, escrevendo ao Instituto Ludwig Von Mises Brasil, fez <a href=\"http:\/\/www.mises.org.br\/Article.aspx?id=2054\" target=\"_blank\">um artigo<\/a> justamente sobre esta quest\u00e3o, demonstrando que &#8220;O ideal da meritocracia tem o seu apelo, mas ele depende de meias-verdades: a ideia do m\u00e9rito que \u00e9 s\u00f3 meu e de mais ningu\u00e9m, a de que meu suor justifica o que eu ganhei. Sem suor ou intelig\u00eancia, o ganho \u00e9 sujo, indevido&#8221;. E termina dizendo: &#8220;A l\u00f3gica do mercado \u00e9 outra: voc\u00ea criou valor, ser\u00e1 recompensado. Sua riqueza n\u00e3o diz nada sobre o seu m\u00e9rito; ela n\u00e3o justifica e nem precisa ser justificada. O resultado desse foco no valor \u00e9 que mais valor \u00e9 criado. Voc\u00ea recebe aquilo que entrega e todos ganham&#8221;.<\/p>\n<p style=\"text-align: justify\">Desta forma, \u00e9 sempre necess\u00e1rio entender os verdadeiros ideais libert\u00e1rios, pois quanto maior for sua compreens\u00e3o, maior ser\u00e1 a chance de ser bem sucedido ao expor seus valores. N\u00e3o repita, simplesmente, que o &#8220;m\u00e9rito&#8221; \u00e9 o que faz o homem &#8211; e se for usar tal express\u00e3o, explique-a com cuidado, para que n\u00e3o levante entendimentos err\u00f4neos para com a mat\u00e9ria. N\u00e3o repita o que voc\u00ea leu em um artigo, sem antes verificar se sua compreens\u00e3o passa pelo escrut\u00ednio e pode ser defendida.<\/p>\n<p style=\"text-align: justify\">Apoie, divulgue e explique os ideais libert\u00e1rios, mas o fa\u00e7a da forma correta, porque assim, tal qual na l\u00f3gica de mercado, todos sair\u00e3o ganhando.<\/p>\n<p style=\"text-align: justify\">_________<br \/>\n*Siga-nos: www.facebook.com\/liberaisblumenau<br \/>\n**Imagem: https:\/\/doentesporfutebol.com.br\/wp-content\/uploads\/2013\/04\/Microfone-futebol.jpg<\/p>\n","protected":false},"excerpt":{"rendered":"<p>Estamos em tempos onde os ideais de liberdade est\u00e3o em alta. Pessoas t\u00eam criado sites, blogs, p\u00e1ginas em redes sociais, promovido f\u00f3runs e eventos diversos&#8230;<\/p>\n","protected":false},"author":7,"featured_media":147,"comment_status":"open","ping_status":"open","sticky":false,"template":"","format":"standard","meta":[],"categories":[10,2],"tags":[],"_links":{"self":[{"href":"http:\/\/acaopolitica.com\/index.php\/wp-json\/wp\/v2\/posts\/146"}],"collection":[{"href":"http:\/\/acaopolitica.com\/index.php\/wp-json\/wp\/v2\/posts"}],"about":[{"href":"http:\/\/acaopolitica.com\/index.php\/wp-json\/wp\/v2\/types\/post"}],"author":[{"embeddable":true,"href":"http:\/\/acaopolitica.com\/index.php\/wp-json\/wp\/v2\/users\/7"}],"replies":[{"embeddable":true,"href":"http:\/\/acaopolitica.com\/index.php\/wp-json\/wp\/v2\/comments?post=146"}],"version-history":[{"count":1,"href":"http:\/\/acaopolitica.com\/index.php\/wp-json\/wp\/v2\/posts\/146\/revisions"}],"predecessor-version":[{"id":148,"href":"http:\/\/acaopolitica.com\/index.php\/wp-json\/wp\/v2\/posts\/146\/revisions\/148"}],"wp:featuredmedia":[{"embeddable":true,"href":"http:\/\/acaopolitica.com\/index.php\/wp-json\/wp\/v2\/media\/147"}],"wp:attachment":[{"href":"http:\/\/acaopolitica.com\/index.php\/wp-json\/wp\/v2\/media?parent=146"}],"wp:term":[{"taxonomy":"category","embeddable":true,"href":"http:\/\/acaopolitica.com\/index.php\/wp-json\/wp\/v2\/categories?post=146"},{"taxonomy":"post_tag","embeddable":true,"href":"http:\/\/acaopolitica.com\/index.php\/wp-json\/wp\/v2\/tags?post=146"}],"curies":[{"name":"wp","href":"https:\/\/api.w.org\/{rel}","templated":true}]}}