{"id":1467,"date":"2017-05-04T01:51:29","date_gmt":"2017-05-04T01:51:29","guid":{"rendered":"http:\/\/acaopolitica.com\/?p=1467"},"modified":"2017-05-04T02:07:31","modified_gmt":"2017-05-04T02:07:31","slug":"ato-em-repudio-ao-stf-em-03-05-2017","status":"publish","type":"post","link":"http:\/\/acaopolitica.com\/index.php\/2017\/05\/04\/ato-em-repudio-ao-stf-em-03-05-2017\/","title":{"rendered":"Ato em rep\u00fadio ao STF em  03-05-2017"},"content":{"rendered":"<p style=\"text-align: justify;\">Coordenadora do <a href=\"https:\/\/www.facebook.com\/institutoverdadeeliberdade\/\" target=\"_blank\" rel=\"noopener noreferrer\">IVL<\/a>, <a href=\"https:\/\/www.facebook.com\/alcione.kleine\" target=\"_blank\" rel=\"noopener noreferrer\">Alcione Kleine<\/a>, lidera ato em rep\u00fadio ao STF, nesta ter\u00e7a-feira, 03-05-2017, iniciado \u00e0s 19h, nas imedia\u00e7\u00f5es da Prefeitura Municipal de Blumenau.<\/p>\n<p style=\"text-align: justify;\">Este ato rel\u00e2mpago foi mobilizado em 1 dia e contou com faixas em apoio \u00e0 Lava Jato e ao juiz S\u00e9rgio Moro.<\/p>\n<p style=\"text-align: justify;\">Participaram tamb\u00e9m o coordenador do <a href=\"https:\/\/www.facebook.com\/institutoverdadeeliberdade\/\" target=\"_blank\" rel=\"noopener noreferrer\">IVL<\/a>, <a href=\"https:\/\/www.facebook.com\/alfredo.seubert\" target=\"_blank\" rel=\"noopener noreferrer\">Alfredo Seubert<\/a>, outros apoiadores e pessoas convocadas pelo Facebook.<\/p>\n<p style=\"text-align: justify;\">O ato foi convocado como rep\u00fadio \u00e0s recentes a\u00e7\u00f5es do STF ap\u00f3s a soltura de Jos\u00e9 Dirceu, que estava preso como resultado das investiga\u00e7\u00f5es da opera\u00e7\u00e3o Lava Jato. Esta soltura n\u00e3o foi um ato isolado, recentemente houveram outras solturas de pessoas chave nos esquemas investigados pela opera\u00e7\u00e3o e outras relacionadas, como Eike Batista, Jo\u00e3o Cl\u00e1udio Genu e Jos\u00e9 Carlos Bumlai.<\/p>\n<p style=\"text-align: justify;\">Fazendo com que se reforcem os ind\u00edcios de coniv\u00eancia da mais alta esfera da justi\u00e7a brasileira com as articula\u00e7\u00f5es da mais profunda e vasta corrup\u00e7\u00e3o que sequestrou por completo o Estado brasileiro. Na maioria das vezes como parte da articula\u00e7\u00e3o de esquerda, liderada por PT e PSDB dentro dos planos do Foro de S\u00e3o Paulo para fazer avan\u00e7ar a agenda comunista no Brasil.<\/p>\n<p style=\"text-align: justify;\">Atos assim s\u00e3o muito importantes e o IVL conclama toda popula\u00e7\u00e3o a intensificar a mobiliza\u00e7\u00e3o constante. Deixando claro para a classe pol\u00edtica o aviso de basta de impunidade e de subservi\u00eancia a interesses estranhos.<\/p>\n<p style=\"text-align: justify;\">O basta definitivo da popula\u00e7\u00e3o brasileira, a toda classe pol\u00edtica e todos os seus bra\u00e7os governamentais e na sociedade avan\u00e7a a passos largos. <strong>Depois n\u00e3o adiantar\u00e1 reclamarem das consequ\u00eancias que v\u00e3o se abater com o m\u00e1ximo vigor sob todos os respons\u00e1veis por a\u00e7\u00e3o\u00a0 ou omiss\u00e3o.<\/strong><\/p>\n<p style=\"text-align: justify;\">Alguns registros abaixo:<\/p>\n<div style=\"width: 640px;\" class=\"wp-video\"><!--[if lt IE 9]><script>document.createElement('video');<\/script><![endif]-->\n<video class=\"wp-video-shortcode\" id=\"video-1467-1\" width=\"640\" height=\"384\" preload=\"metadata\" controls=\"controls\"><source type=\"video\/mp4\" src=\"http:\/\/acaopolitica.com\/wp-content\/uploads\/2017\/05\/repudio_video.mp4?_=1\" \/><a href=\"http:\/\/acaopolitica.com\/wp-content\/uploads\/2017\/05\/repudio_video.mp4\">http:\/\/acaopolitica.com\/wp-content\/uploads\/2017\/05\/repudio_video.mp4<\/a><\/video><\/div>\n<p><a href=\"http:\/\/acaopolitica.com\/wp-content\/uploads\/2017\/05\/repudio1.jpeg\"><img loading=\"lazy\" class=\"alignnone size-full wp-image-1469\" src=\"http:\/\/acaopolitica.com\/wp-content\/uploads\/2017\/05\/repudio1.jpeg\" alt=\"\" width=\"1280\" height=\"960\" srcset=\"http:\/\/acaopolitica.com\/wp-content\/uploads\/2017\/05\/repudio1.jpeg 1280w, http:\/\/acaopolitica.com\/wp-content\/uploads\/2017\/05\/repudio1-300x225.jpeg 300w, http:\/\/acaopolitica.com\/wp-content\/uploads\/2017\/05\/repudio1-768x576.jpeg 768w, http:\/\/acaopolitica.com\/wp-content\/uploads\/2017\/05\/repudio1-1030x773.jpeg 1030w\" sizes=\"(max-width: 1280px) 100vw, 1280px\" \/><\/a> <a href=\"http:\/\/acaopolitica.com\/wp-content\/uploads\/2017\/05\/repudio2.jpg\"><img loading=\"lazy\" class=\"alignnone size-full wp-image-1470\" src=\"http:\/\/acaopolitica.com\/wp-content\/uploads\/2017\/05\/repudio2.jpg\" alt=\"\" width=\"1280\" height=\"960\" srcset=\"http:\/\/acaopolitica.com\/wp-content\/uploads\/2017\/05\/repudio2.jpg 1280w, http:\/\/acaopolitica.com\/wp-content\/uploads\/2017\/05\/repudio2-300x225.jpg 300w, http:\/\/acaopolitica.com\/wp-content\/uploads\/2017\/05\/repudio2-768x576.jpg 768w, http:\/\/acaopolitica.com\/wp-content\/uploads\/2017\/05\/repudio2-1030x773.jpg 1030w\" sizes=\"(max-width: 1280px) 100vw, 1280px\" \/><\/a> <a href=\"http:\/\/acaopolitica.com\/wp-content\/uploads\/2017\/05\/repudio3.jpg\"><img loading=\"lazy\" class=\"alignnone size-full wp-image-1471\" src=\"http:\/\/acaopolitica.com\/wp-content\/uploads\/2017\/05\/repudio3.jpg\" alt=\"\" width=\"1280\" height=\"960\" srcset=\"http:\/\/acaopolitica.com\/wp-content\/uploads\/2017\/05\/repudio3.jpg 1280w, http:\/\/acaopolitica.com\/wp-content\/uploads\/2017\/05\/repudio3-300x225.jpg 300w, http:\/\/acaopolitica.com\/wp-content\/uploads\/2017\/05\/repudio3-768x576.jpg 768w, http:\/\/acaopolitica.com\/wp-content\/uploads\/2017\/05\/repudio3-1030x773.jpg 1030w\" sizes=\"(max-width: 1280px) 100vw, 1280px\" \/><\/a><\/p>\n<p style=\"text-align: justify;\">\n","protected":false},"excerpt":{"rendered":"<p>Coordenadora do IVL, Alcione Kleine, lidera ato em rep\u00fadio ao STF, nesta ter\u00e7a-feira, 03-05-2017, iniciado \u00e0s 19h, nas imedia\u00e7\u00f5es da Prefeitura Municipal de Blumenau. Este&#8230;<\/p>\n","protected":false},"author":1,"featured_media":1471,"comment_status":"open","ping_status":"open","sticky":false,"template":"","format":"standard","meta":[],"categories":[11],"tags":[],"_links":{"self":[{"href":"http:\/\/acaopolitica.com\/index.php\/wp-json\/wp\/v2\/posts\/1467"}],"collection":[{"href":"http:\/\/acaopolitica.com\/index.php\/wp-json\/wp\/v2\/posts"}],"about":[{"href":"http:\/\/acaopolitica.com\/index.php\/wp-json\/wp\/v2\/types\/post"}],"author":[{"embeddable":true,"href":"http:\/\/acaopolitica.com\/index.php\/wp-json\/wp\/v2\/users\/1"}],"replies":[{"embeddable":true,"href":"http:\/\/acaopolitica.com\/index.php\/wp-json\/wp\/v2\/comments?post=1467"}],"version-history":[{"count":4,"href":"http:\/\/acaopolitica.com\/index.php\/wp-json\/wp\/v2\/posts\/1467\/revisions"}],"predecessor-version":[{"id":1475,"href":"http:\/\/acaopolitica.com\/index.php\/wp-json\/wp\/v2\/posts\/1467\/revisions\/1475"}],"wp:featuredmedia":[{"embeddable":true,"href":"http:\/\/acaopolitica.com\/index.php\/wp-json\/wp\/v2\/media\/1471"}],"wp:attachment":[{"href":"http:\/\/acaopolitica.com\/index.php\/wp-json\/wp\/v2\/media?parent=1467"}],"wp:term":[{"taxonomy":"category","embeddable":true,"href":"http:\/\/acaopolitica.com\/index.php\/wp-json\/wp\/v2\/categories?post=1467"},{"taxonomy":"post_tag","embeddable":true,"href":"http:\/\/acaopolitica.com\/index.php\/wp-json\/wp\/v2\/tags?post=1467"}],"curies":[{"name":"wp","href":"https:\/\/api.w.org\/{rel}","templated":true}]}}