{"id":1487,"date":"2017-05-07T18:06:11","date_gmt":"2017-05-07T18:06:11","guid":{"rendered":"http:\/\/acaopolitica.com\/?p=1487"},"modified":"2017-05-07T18:07:47","modified_gmt":"2017-05-07T18:07:47","slug":"miopia-economica-03","status":"publish","type":"post","link":"http:\/\/acaopolitica.com\/index.php\/2017\/05\/07\/miopia-economica-03\/","title":{"rendered":"Miopia Econ\u00f4mica &#8211; 03"},"content":{"rendered":"<p style=\"text-align: justify;\"><span style=\"color: #ff0000;\">Prezados Senhores<\/span><\/p>\n<p style=\"text-align: justify;\"><span style=\"color: #ff0000;\">Rogo a Deus que um dia os doutos do estudo da economia saiam da mesmice das an\u00e1lises sobre os term\u00f4metros (taxa de crescimento, de c\u00e2mbio, de juros, de infla\u00e7\u00e3o, de desemprego, carga tribut\u00e1ria, pol\u00edtica fiscal e pol\u00edtica tribut\u00e1ria) e se aprofundem nos estudos da macroeconomia, fonte prim\u00e1ria da febre, caso contr\u00e1rio a nossa mesmice ser\u00e1 eterna. \u00d3bvio e ululante que n\u00e3o ser\u00e3o pequenos movimentos nos indicadores dos term\u00f4metros que v\u00e3o justificar mudan\u00e7as no c\u00e2ncer existente na fonte prim\u00e1ria dos fundamentos da macroeconomia brasileira (febre). H\u00e1 economistas primatas que utilizam movimentos da bolsa de valores, mercado esquizofr\u00eanico e irracional e sendo negociado no Brasil em grau de especula\u00e7\u00e3o para justificar in\u00edcio de novo voo de galinha para o Brasil. Senhor tenha piedade. Eles n\u00e3o sabem o dizem. Estudem.<\/span><\/p>\n<p style=\"text-align: justify;\"><span style=\"color: #ff0000;\">Como sempre fico no aguardo do sil\u00eancio amplo, geral e irrestrito. Grato.<\/span><\/p>\n<p style=\"text-align: center;\"><span style=\"color: #ff0000;\">Taxa de crescimento, de c\u00e2mbio, de juros, de infla\u00e7\u00e3o, de desemprego, Carga Tribut\u00e1ria, Pol\u00edtica Fiscal e Pol\u00edtica Tribut\u00e1ria s\u00e3o term\u00f4metros, n\u00e3o febre.<\/span><\/p>\n<p style=\"text-align: justify;\"><span style=\"color: #000080;\">Nos governos e nas empresas os respons\u00e1veis pelos indicadores relativos aos term\u00f4metros s\u00e3o os tesoureiros com os seus fluxos de caixa, cabendo \u00e0 Diretoria e ao Conselho de Administra\u00e7\u00e3o a responsabilidade por cuidar da febre.<\/span><\/p>\n<p style=\"text-align: justify;\"><span style=\"color: #000080;\">Pela en\u00e9sima vez vou repetir as minhas coloca\u00e7\u00f5es de que por deforma\u00e7\u00e3o cultural somente nos preocupamos com os indicadores do term\u00f4metro. Se os senhores pesquisarem na internet ir\u00e1 verificar que n\u00e3o faltam artigos abordando os indicadores do term\u00f4metro, mas raramente se encontra algum artigo abordando a febre, ou seja: preocupamo-nos mais com as consequ\u00eancias do que com as causas.<\/span><\/p>\n<p style=\"text-align: justify;\"><span style=\"color: #ff0000;\">An\u00e1lise dos term\u00f4metros econ\u00f4micos e a febre<\/span><\/p>\n<p style=\"text-align: justify;\"><span style=\"color: #ff0000;\">Taxa de Crescimento Econ\u00f4mico<\/span><\/p>\n<p style=\"text-align: justify;\"><span style=\"color: #000080;\">Somente ocorre de forma robusta e sadia por dois fatores: descoberta de novas tecnologias e consequente aumento de produtividade, ou aumento de poupan\u00e7a.<\/span><\/p>\n<p style=\"text-align: justify;\"><span style=\"color: #000080;\">A febre \u00e9 a farsa usada pelo governo do PT de produzir crescimento econ\u00f4mico pela ilus\u00e3o monet\u00e1ria, com base no aumento de cr\u00e9dito internacional promovido pela emiss\u00e3o de d\u00f3lares falsos pelos Estados Unidos, para financiar as guerras do Iraque e do Afeganist\u00e3o gerando uma grande liquidez internacional (no Brasil saindo de 25,39% do PIB em 2002 para 54,48% do PIB em 2015), por\u00e9m esse modelo ao atingir o esgotamento da capacidade de endividamento das fam\u00edlias e das empresas se transforma em uma trag\u00e9dia econ\u00f4mica cuja corre\u00e7\u00e3o leva muito tempo.<\/span><\/p>\n<p style=\"text-align: justify;\"><span style=\"color: #000080;\">Nos governos militares que utilizaram essa mesma estrat\u00e9gia do falso crescimento lastreado na emiss\u00e3o de d\u00f3lares falsos emitidos pelos Estados Unidos para financiar a guerra do Vietnam, a partir de 1980 se iniciou a sua bancarrota e ficamos patinando na maionese at\u00e9 o Plano Real em 1994.<\/span><\/p>\n<p style=\"text-align: justify;\"><span style=\"color: #ff0000;\">Taxa de C\u00e2mbio<\/span><\/p>\n<p style=\"text-align: justify;\"><span style=\"color: #000080;\">\u00c9 um indicador que mostra desequil\u00edbrio nas rela\u00e7\u00f5es ex\u00f3genas do Brasil com o resto do mundo.<\/span><\/p>\n<p style=\"text-align: justify;\"><span style=\"color: #000080;\">A febre ocorre por desequil\u00edbrio na carga tribut\u00e1ria entre as na\u00e7\u00f5es, gerando contrabando, ou desconfian\u00e7a, risco jur\u00eddico, provocando fuga de capital.<\/span><\/p>\n<p style=\"text-align: justify;\"><span style=\"color: #ff0000;\">Taxa de Juros<\/span><\/p>\n<p style=\"text-align: justify;\"><span style=\"color: #000080;\">\u00c9 o term\u00f4metro menos importante para an\u00e1lise, sendo apenas o pre\u00e7o do dinheiro, que da mesma forma que qualquer outro produto ou servi\u00e7o, se tiver em abund\u00e2ncia o pre\u00e7o desce e caso contr\u00e1rio sobe. Fico pasmo ao ver pessoas preocupadas com esse term\u00f4metro. At\u00e9 os feirantes conhecem a lei da oferta e da procura.<\/span><\/p>\n<p style=\"text-align: justify;\"><span style=\"color: #000080;\">A febre \u00e9 o descontrole imoral e criminoso de gastos p\u00fablicos, gerando d\u00e9ficits monstruosos, tendo que serem cobertos com vultosos empr\u00e9stimos, que os investidores nacionais e internacionais agradecem calorosamente por essa pr\u00e1tica criminosa dos governos.<\/span><\/p>\n<p style=\"text-align: justify;\"><span style=\"color: #ff0000;\">Taxa de Infla\u00e7\u00e3o<\/span><\/p>\n<p style=\"text-align: justify;\"><span style=\"color: #000080;\">\u00c9 um term\u00f4metro que indica que a economia est\u00e1 em desequil\u00edbrio entre a oferta monet\u00e1ria e a quantidade de produtos ofertados.<\/span><\/p>\n<p style=\"text-align: justify;\"><span style=\"color: #000080;\">A febre \u00e9 que somente o governo federal tem poder de combater com a politica monet\u00e1ria e cortes de gastos p\u00fablico.<\/span><\/p>\n<p style=\"text-align: justify;\"><span style=\"color: #ff0000;\">Carga Tribut\u00e1ria<\/span><\/p>\n<p style=\"text-align: justify;\"><span style=\"color: #000080;\">\u00c9 um term\u00f4metro que tem como \u00fanicos e exclusivos respons\u00e1veis os governos (Federal, Estaduais e Municipais).<\/span><\/p>\n<p style=\"text-align: justify;\"><span style=\"color: #000080;\">A febre \u00e9 que da mesma forma que nos condom\u00ednios, aumentou as despesas, aumenta o rateio da taxa condominial.<\/span><\/p>\n<p style=\"text-align: justify;\"><span style=\"color: #ff0000;\">Pol\u00edtica Fiscal<\/span><\/p>\n<p style=\"text-align: justify;\"><span style=\"color: #000080;\">\u00c9 um term\u00f4metro para apura\u00e7\u00e3o das despesas do governo.<\/span><\/p>\n<p style=\"text-align: justify;\"><span style=\"color: #000080;\">A febre \u00e9 o imoral, criminoso e injusto gastos p\u00fablicos, principalmente com pessoal, tais como:<\/span><\/p>\n<p style=\"text-align: justify; padding-left: 30px;\"><span style=\"color: #000080;\">&#8211; Em 2016 o Regime Geral de Previd\u00eancia Social (INSS) destinado aos trabalhadores de segunda classe (empresas privadas) com 100,6 milh\u00f5es de participantes (70,1 milh\u00f5es de contribuintes e 30,5 milh\u00f5es de benefici\u00e1rios) gerou um d\u00e9ficit previdenci\u00e1rio da ordem de R$ 149,7 bilh\u00f5es (d\u00e9ficit per capita por participante de R$ 1.488,07).<\/span><\/p>\n<p style=\"text-align: justify; padding-left: 30px;\"><span style=\"color: #000080;\">&#8211; Em 2016 o Regime Pr\u00f3prio da Previd\u00eancia Social destinado aos trabalhadores de primeira classe (servidores p\u00fablicos) \u2013 Uni\u00e3o, 26 estados, DF e 2087 munic\u00edpios mais ricos, com apenas 9,9 milh\u00f5es de participantes (6,3 milh\u00f5es de contribuintes e 3,6 milh\u00f5es de benefici\u00e1rios) gerou um d\u00e9ficit previdenci\u00e1rio da ordem de R$ 155,6 bilh\u00f5es (d\u00e9ficit per capita por participante de R$ 15.717,17).<\/span><\/p>\n<p style=\"text-align: justify; padding-left: 30px;\"><span style=\"color: #000080;\">&#8211; Resumo do resultado previdenci\u00e1rio de 2016 do RPPS (servidores p\u00fablicos): Uni\u00e3o (civis e militares) d\u00e9ficit previdenci\u00e1rio de R$ 77,1 bilh\u00f5es; governos estaduais d\u00e9ficit previdenci\u00e1rio de R$ 89,6 bilh\u00f5es e governos municipais super\u00e1vit previdenci\u00e1rio de R$ 11,1 bilh\u00f5es. Totalizando d\u00e9ficit previdenci\u00e1rio do RPPS da ordem de R$ 155,6 bilh\u00f5es.<\/span><\/p>\n<p style=\"text-align: justify; padding-left: 30px;\"><span style=\"color: #000080;\">&#8211; Em 2016 a previd\u00eancia social brasileira total (RGPS E RPPS) gerou um d\u00e9ficit previdenci\u00e1rio total de R$ 305,3 bilh\u00f5es, cobertos com as fontes de financiamentos (COFI NS e CSSL, dentre outras pequenas fontes) que s\u00e3o uma das maiores aberra\u00e7\u00f5es e excresc\u00eancias econ\u00f4micas e desumanas j\u00e1 conhecidas, visto que essas contribui\u00e7\u00f5es atingem todos os brasileiros de forma generalizada, mesmos os que n\u00e3o fazem parte do grupo coberto pela previd\u00eancia, tais como: os desempregados e os empregados informais sem carteira de trabalho assinada, contingente composto de quase a metade da popula\u00e7\u00e3o economicamente ativa. Esses grupos de exclu\u00eddos est\u00e3o pagando para uma festa da qual jamais ser\u00e3o convidados a participar.<\/span><\/p>\n<p style=\"text-align: justify; padding-left: 30px;\"><span style=\"color: #000080;\">&#8211; Cabe lembrar que no ano de 2016 houve uma ren\u00fancia previdenci\u00e1ria da ordem de R$ 43,4 bilh\u00f5es com exporta\u00e7\u00f5es, simples nacional e com entidades filantr\u00f3picas, dentre outras de menor signific\u00e2ncia.<\/span><\/p>\n<p style=\"text-align: justify; padding-left: 30px;\"><span style=\"color: #000080;\">&#8211; O Congresso Nacional \u00e9 constitu\u00eddo por 513 deputados federais e 81 senadores e para atenderem a esses 594 senhores, segundo o minist\u00e9rio do planejamento, em dezembro de 2015 existiam 24.896 servidores ativos que custaram R$ 5,4 bilh\u00f5es. Considerando tamb\u00e9m os 10.360 servidores inativos que custaram R$ 3,5 bilh\u00f5es o custo total com essa imoral e criminosa usina de gastos p\u00fablicos foi de R$ 8,9 bilh\u00f5es.<\/span><\/p>\n<p style=\"text-align: justify; padding-left: 30px;\"><span style=\"color: #000080;\">&#8211; Em 2002 os gastos com pessoal consolidado (uni\u00e3o, estados e munic\u00edpios) foi de 13,35% do PIB. Em 2015 foi de 15,31% do PIB. Crescimento real em rela\u00e7\u00e3o ao PIB de 14,68%. Para que se avalie a varia\u00e7\u00e3o criminosa dos gastos reais com pessoal, cabe lembrar que nesse mesmo per\u00edodo houve um crescimento real do PIB Corrente de 37,80%, gerando um gasto real acima da infla\u00e7\u00e3o de 58,03% nesse per\u00edodo. Nenhuma na\u00e7\u00e3o do planeta conseguiria bancar tamanha orgia p\u00fablica.<\/span><\/p>\n<p style=\"text-align: justify;\"><span style=\"color: #ff0000;\">Pol\u00edtica Tribut\u00e1ria<\/span><\/p>\n<p style=\"text-align: justify;\"><span style=\"color: #000080;\">\u00c9 o term\u00f4metro para apura\u00e7\u00e3o das receitas.<\/span><\/p>\n<p style=\"text-align: justify;\"><span style=\"color: #000080;\">A febre \u00e9 a imoral, criminosa, injusta e monstruosa forma de arrecada\u00e7\u00e3o brasileira, conforme abaixo:<\/span><\/p>\n<p style=\"text-align: justify;\"><span style=\"color: #000080;\">A composi\u00e7\u00e3o da Carga Tribut\u00e1ria dos Estados Unidos tem como base 83,07% de sua arrecada\u00e7\u00e3o incidindo sobre a Renda, Lucro, Ganho de Capital, Folha Salarial e Propriedade (classes privilegiadas da na\u00e7\u00e3o americana).\u00a0<\/span><\/p>\n<p style=\"text-align: justify;\"><span style=\"color: #000080;\">A composi\u00e7\u00e3o da Carga Tribut\u00e1ria do Brasil tem como base 52,82% de sua arrecada\u00e7\u00e3o incidindo sobre Bens e Servi\u00e7os, ou seja: feij\u00e3o, arroz, ovo, rem\u00e9dio, transporte, dentre outros (na grande maioria atingindo as classes menos privilegiadas, ou miser\u00e1veis).<\/span><\/p>\n<p style=\"text-align: justify;\"><span style=\"color: #ff0000;\">Nota: Gostaria de saber onde se poderia debater esses assuntos no Brasil. Se souberem me avisem!\u00a0<\/span><\/p>\n<p style=\"text-align: justify;\"><span style=\"color: #000080;\">Ricardo Bergamini<br \/>\n(48) 9636-7322<br \/>\n(48) 9976-6974<br \/>\nMembro do Grupo Pensar+ <a href=\"http:\/\/www.pontocritico.com\" target=\"_blank\" rel=\"noopener noreferrer\">www.pontocritico.com<\/a><br \/>\n<a href=\"mailto:ricardobergamini@ricardobergamini.com.br\" target=\"_blank\" rel=\"noopener noreferrer\">ricardobergamini@ ricardobergamini.com.br<\/a><br \/>\n<a href=\"http:\/\/www.ricardobergamini.com.br\" target=\"_blank\" rel=\"noopener noreferrer\">www.ricardobergamini.com.br<\/a><\/span><\/p>\n<p>&nbsp;<\/p>\n","protected":false},"excerpt":{"rendered":"<p>Prezados Senhores Rogo a Deus que um dia os doutos do estudo da economia saiam da mesmice das an\u00e1lises sobre os term\u00f4metros (taxa de crescimento,&#8230;<\/p>\n","protected":false},"author":18,"featured_media":1140,"comment_status":"open","ping_status":"open","sticky":false,"template":"","format":"standard","meta":[],"categories":[10],"tags":[],"_links":{"self":[{"href":"http:\/\/acaopolitica.com\/index.php\/wp-json\/wp\/v2\/posts\/1487"}],"collection":[{"href":"http:\/\/acaopolitica.com\/index.php\/wp-json\/wp\/v2\/posts"}],"about":[{"href":"http:\/\/acaopolitica.com\/index.php\/wp-json\/wp\/v2\/types\/post"}],"author":[{"embeddable":true,"href":"http:\/\/acaopolitica.com\/index.php\/wp-json\/wp\/v2\/users\/18"}],"replies":[{"embeddable":true,"href":"http:\/\/acaopolitica.com\/index.php\/wp-json\/wp\/v2\/comments?post=1487"}],"version-history":[{"count":2,"href":"http:\/\/acaopolitica.com\/index.php\/wp-json\/wp\/v2\/posts\/1487\/revisions"}],"predecessor-version":[{"id":1489,"href":"http:\/\/acaopolitica.com\/index.php\/wp-json\/wp\/v2\/posts\/1487\/revisions\/1489"}],"wp:featuredmedia":[{"embeddable":true,"href":"http:\/\/acaopolitica.com\/index.php\/wp-json\/wp\/v2\/media\/1140"}],"wp:attachment":[{"href":"http:\/\/acaopolitica.com\/index.php\/wp-json\/wp\/v2\/media?parent=1487"}],"wp:term":[{"taxonomy":"category","embeddable":true,"href":"http:\/\/acaopolitica.com\/index.php\/wp-json\/wp\/v2\/categories?post=1487"},{"taxonomy":"post_tag","embeddable":true,"href":"http:\/\/acaopolitica.com\/index.php\/wp-json\/wp\/v2\/tags?post=1487"}],"curies":[{"name":"wp","href":"https:\/\/api.w.org\/{rel}","templated":true}]}}