{"id":1494,"date":"2017-03-23T09:00:54","date_gmt":"2017-03-23T09:00:54","guid":{"rendered":"http:\/\/acaopolitica.com\/?p=1494"},"modified":"2017-05-08T06:51:34","modified_gmt":"2017-05-08T06:51:34","slug":"entrevista-com-joao-neves-a-tv-galega-em-22-03-2017","status":"publish","type":"post","link":"http:\/\/acaopolitica.com\/index.php\/2017\/03\/23\/entrevista-com-joao-neves-a-tv-galega-em-22-03-2017\/","title":{"rendered":"Entrevista com Jo\u00e3o Neves \u00e0 TV Galega em 22-03-2017"},"content":{"rendered":"<p style=\"text-align: justify;\">Entrevista com Jo\u00e3o Neves (coordenador do IVL) ao Programa da Galega na Sociedade da TV Galega.<\/p>\n<p>Principal pauta da entrevista era a divulga\u00e7\u00e3o da manifesta\u00e7\u00e3o do dia 26\/03\/2017, em apoio \u00e0 Lava Jato.<\/p>\n<p style=\"text-align: justify;\">\u00cdntegra da entrevista abaixo:<\/p>\n<div class=\"kad-youtube-shortcode videofit\"  ><iframe width=\"600\" height=\"400\" src=\"\/\/www.youtube.com\/embed\/9hm1z8oC_-Q?autoplay=0&amp;controls=1&amp;fs=1&amp;modestbranding=0&amp;theme=dark&amp;rel=0&amp;loop=0\" frameborder=\"0\" allowfullscreen=\"true\"><\/iframe><\/div>\n<p style=\"text-align: justify;\">O ato foi registrado neste post:<\/p>\n<blockquote class=\"wp-embedded-content\" data-secret=\"Yz3oNVor8u\"><p><a href=\"http:\/\/acaopolitica.com\/index.php\/2017\/03\/27\/manifestacao-em-apoio-a-lava-jato-em-26-03-2017\/\">Manifesta\u00e7\u00e3o em apoio \u00e0 Lava Jato em 26-03-2017<\/a><\/p><\/blockquote>\n<p><iframe class=\"wp-embedded-content\" sandbox=\"allow-scripts\" security=\"restricted\" style=\"position: absolute; clip: rect(1px, 1px, 1px, 1px);\" title=\"&#8220;Manifesta\u00e7\u00e3o em apoio \u00e0 Lava Jato em 26-03-2017&#8221; &#8212; A&ccedil;&atilde;o Pol&iacute;tica\" src=\"http:\/\/acaopolitica.com\/index.php\/2017\/03\/27\/manifestacao-em-apoio-a-lava-jato-em-26-03-2017\/embed\/#?secret=lhVyP3A6rS#?secret=Yz3oNVor8u\" data-secret=\"Yz3oNVor8u\" width=\"500\" height=\"282\" frameborder=\"0\" marginwidth=\"0\" marginheight=\"0\" scrolling=\"no\"><\/iframe><\/p>\n<p style=\"text-align: justify;\">Fonte: <a href=\"http:\/\/www.tvgalega.com.br\/\" target=\"_blank\" rel=\"noopener noreferrer\">http:\/\/www.tvgalega.com.br\/<\/a><\/p>\n","protected":false},"excerpt":{"rendered":"<p>Entrevista com Jo\u00e3o Neves (coordenador do IVL) ao Programa da Galega na Sociedade da TV Galega. Principal pauta da entrevista era a divulga\u00e7\u00e3o da manifesta\u00e7\u00e3o&#8230;<\/p>\n","protected":false},"author":1,"featured_media":1495,"comment_status":"open","ping_status":"open","sticky":false,"template":"","format":"standard","meta":[],"categories":[11],"tags":[],"_links":{"self":[{"href":"http:\/\/acaopolitica.com\/index.php\/wp-json\/wp\/v2\/posts\/1494"}],"collection":[{"href":"http:\/\/acaopolitica.com\/index.php\/wp-json\/wp\/v2\/posts"}],"about":[{"href":"http:\/\/acaopolitica.com\/index.php\/wp-json\/wp\/v2\/types\/post"}],"author":[{"embeddable":true,"href":"http:\/\/acaopolitica.com\/index.php\/wp-json\/wp\/v2\/users\/1"}],"replies":[{"embeddable":true,"href":"http:\/\/acaopolitica.com\/index.php\/wp-json\/wp\/v2\/comments?post=1494"}],"version-history":[{"count":3,"href":"http:\/\/acaopolitica.com\/index.php\/wp-json\/wp\/v2\/posts\/1494\/revisions"}],"predecessor-version":[{"id":1498,"href":"http:\/\/acaopolitica.com\/index.php\/wp-json\/wp\/v2\/posts\/1494\/revisions\/1498"}],"wp:featuredmedia":[{"embeddable":true,"href":"http:\/\/acaopolitica.com\/index.php\/wp-json\/wp\/v2\/media\/1495"}],"wp:attachment":[{"href":"http:\/\/acaopolitica.com\/index.php\/wp-json\/wp\/v2\/media?parent=1494"}],"wp:term":[{"taxonomy":"category","embeddable":true,"href":"http:\/\/acaopolitica.com\/index.php\/wp-json\/wp\/v2\/categories?post=1494"},{"taxonomy":"post_tag","embeddable":true,"href":"http:\/\/acaopolitica.com\/index.php\/wp-json\/wp\/v2\/tags?post=1494"}],"curies":[{"name":"wp","href":"https:\/\/api.w.org\/{rel}","templated":true}]}}