{"id":1508,"date":"2017-05-08T22:55:32","date_gmt":"2017-05-08T22:55:32","guid":{"rendered":"http:\/\/acaopolitica.com\/?p=1508"},"modified":"2017-05-08T23:02:11","modified_gmt":"2017-05-08T23:02:11","slug":"2a-parte-1o-seminario-do-projeto-de-aperfeicoamento-do-sistema-politico-brasileiro","status":"publish","type":"post","link":"http:\/\/acaopolitica.com\/index.php\/2017\/05\/08\/2a-parte-1o-seminario-do-projeto-de-aperfeicoamento-do-sistema-politico-brasileiro\/","title":{"rendered":"2\u00aa parte &#8211; 1\u00ba Semin\u00e1rio do Projeto de Aperfei\u00e7oamento do Sistema Pol\u00edtico Brasileiro"},"content":{"rendered":"<p style=\"text-align: justify;\">No s\u00e1bado, 29\/04\/2017, o <a href=\"https:\/\/www.facebook.com\/institutoverdadeeliberdade\/\" target=\"_blank\" rel=\"noopener noreferrer\">IVL &#8211; Instituto Verdade e Liberdade<\/a> realizou o 1\u00ba Semin\u00e1rio do <strong>Projeto de Aperfei\u00e7oamento do Sistema Pol\u00edtico Brasileiro<\/strong>.<\/p>\n<p style=\"text-align: justify;\">No v\u00eddeo a seguir temos a <strong>segunda parte<\/strong> do evento.<\/p>\n<div class=\"kad-youtube-shortcode videofit\"  ><iframe width=\"600\" height=\"400\" src=\"\/\/www.youtube.com\/embed\/W6joBs04zNI?autoplay=0&amp;controls=1&amp;fs=1&amp;modestbranding=0&amp;theme=dark&amp;rel=0&amp;loop=0\" frameborder=\"0\" allowfullscreen=\"true\"><\/iframe><\/div>\n<p>Os coment\u00e1rios dos presentes iniciam neste ponto:<br \/>\n<a href=\"https:\/\/youtu.be\/E8FL4JcrjIM?t=28m33s\" target=\"_blank\" rel=\"noopener noreferrer\">https:\/\/youtu.be\/E8FL4JcrjIM?t=28m33s<\/a><\/p>\n<p>O v\u00eddeo da<strong> primeira parte<\/strong> pode ser visto aqui:<br \/>\n<a href=\"http:\/\/acaopolitica.com\/index.php\/2017\/05\/08\/1a-parte-1o-seminario-do-projeto-de-aperfeicoamento-do-sistema-politico-brasileiro\/\" target=\"_blank\" rel=\"noopener noreferrer\">http:\/\/acaopolitica.com\/index.php\/2017\/05\/08\/1a-parte-1o-seminario-do-projeto-de-aperfeicoamento-do-sistema-politico-brasileiro\/<\/a><\/p>\n<p>O evento tamb\u00e9m foi registrado neste post:<br \/>\n<a href=\"http:\/\/acaopolitica.com\/index.php\/2017\/04\/30\/1o-seminario-do-projeto-de-aperfeicoamento-do-sistema-politico-brasileiro\/\" target=\"_blank\" rel=\"noopener noreferrer\">http:\/\/acaopolitica.com\/index.php\/2017\/04\/30\/1o-seminario-do-projeto-de-aperfeicoamento-do-sistema-politico-brasileiro\/<\/a><\/p>\n<p style=\"text-align: justify;\">Havendo interesse em participar ou contribuir, entre em contato com o IVL &#8211; Instituto Verdade e Liberdade pela fanpage:<\/p>\n<p style=\"padding-left: 30px;\"><a href=\"https:\/\/www.facebook.com\/institutoverdadeeliberdade\/\" target=\"_blank\" rel=\"noopener noreferrer\">https:\/\/www.facebook.com\/institutoverdadeeliberdade\/<\/a><\/p>\n<p>Ou com o Coordenador Geral do Projeto, Jo\u00e3o Neves, pelo e-mail: <a href=\"mailto:jc50neves@gmail.com\" target=\"_blank\" rel=\"noopener noreferrer\">jc50neves@gmail.com <\/a><\/p>\n<p>Registramos agradecimentos:<\/p>\n<ul>\n<li style=\"text-align: justify;\"><a href=\"http:\/\/sesconblumenau.org.br\" target=\"_blank\" rel=\"noopener noreferrer\">SESCON Blumenau<\/a>: que cedeu o espa\u00e7o e sempre \u00e9 um apoio muito valioso, atrav\u00e9s de Jefferson Pitz (presidente da entidade) e Janes Naz\u00e1rio (da equipe da entidade).<\/li>\n<li style=\"text-align: justify;\"><a href=\"http:\/\/www.acib.net\/\" target=\"_blank\" rel=\"noopener noreferrer\">ACIB<\/a>: atrav\u00e9s de Charles Schwanke, diretor executivo.<\/li>\n<li style=\"text-align: justify;\"><a href=\"https:\/\/www.ellevo.com\/\" target=\"_blank\" rel=\"noopener noreferrer\">ELLEVO<\/a>: atrav\u00e9s de Carlos Davila<\/li>\n<li style=\"text-align: justify;\"><a href=\"http:\/\/www.biervila.com.br\/br\/\" target=\"_blank\" rel=\"noopener noreferrer\">BIERVILA<\/a>: atrav\u00e9s de Ulysses Kreutzfeld<\/li>\n<li><a href=\"http:\/\/sorria.dentalprev.com.br\/\" target=\"_blank\" rel=\"noopener noreferrer\">DENTALPREV<\/a>: atrav\u00e9s de Cl\u00e1udio J. Bucco<\/li>\n<\/ul>\n<p style=\"text-align: justify;\">E um agradecimento diferenciado ao <a href=\"https:\/\/www.facebook.com\/carvalho.olavo\/\" target=\"_blank\" rel=\"noopener noreferrer\">Prof. Olavo de Carvalho<\/a> que comemorava 70 anos na data do evento. Que merece nosso reconhecimento. Muitos de n\u00f3s estamos mais capazes de realizar alguma mudan\u00e7a positiva ou empreender algum combate efetivo aos inimigos da sociedade, pelo que aprendemos com ele.<\/p>\n","protected":false},"excerpt":{"rendered":"<p>No s\u00e1bado, 29\/04\/2017, o IVL &#8211; Instituto Verdade e Liberdade realizou o 1\u00ba Semin\u00e1rio do Projeto de Aperfei\u00e7oamento do Sistema Pol\u00edtico Brasileiro. No v\u00eddeo a&#8230;<\/p>\n","protected":false},"author":1,"featured_media":1509,"comment_status":"open","ping_status":"open","sticky":false,"template":"","format":"standard","meta":[],"categories":[11,2],"tags":[],"_links":{"self":[{"href":"http:\/\/acaopolitica.com\/index.php\/wp-json\/wp\/v2\/posts\/1508"}],"collection":[{"href":"http:\/\/acaopolitica.com\/index.php\/wp-json\/wp\/v2\/posts"}],"about":[{"href":"http:\/\/acaopolitica.com\/index.php\/wp-json\/wp\/v2\/types\/post"}],"author":[{"embeddable":true,"href":"http:\/\/acaopolitica.com\/index.php\/wp-json\/wp\/v2\/users\/1"}],"replies":[{"embeddable":true,"href":"http:\/\/acaopolitica.com\/index.php\/wp-json\/wp\/v2\/comments?post=1508"}],"version-history":[{"count":3,"href":"http:\/\/acaopolitica.com\/index.php\/wp-json\/wp\/v2\/posts\/1508\/revisions"}],"predecessor-version":[{"id":1514,"href":"http:\/\/acaopolitica.com\/index.php\/wp-json\/wp\/v2\/posts\/1508\/revisions\/1514"}],"wp:featuredmedia":[{"embeddable":true,"href":"http:\/\/acaopolitica.com\/index.php\/wp-json\/wp\/v2\/media\/1509"}],"wp:attachment":[{"href":"http:\/\/acaopolitica.com\/index.php\/wp-json\/wp\/v2\/media?parent=1508"}],"wp:term":[{"taxonomy":"category","embeddable":true,"href":"http:\/\/acaopolitica.com\/index.php\/wp-json\/wp\/v2\/categories?post=1508"},{"taxonomy":"post_tag","embeddable":true,"href":"http:\/\/acaopolitica.com\/index.php\/wp-json\/wp\/v2\/tags?post=1508"}],"curies":[{"name":"wp","href":"https:\/\/api.w.org\/{rel}","templated":true}]}}