{"id":1531,"date":"2017-05-20T06:00:38","date_gmt":"2017-05-20T06:00:38","guid":{"rendered":"http:\/\/acaopolitica.com\/?p=1531"},"modified":"2017-05-20T17:26:13","modified_gmt":"2017-05-20T17:26:13","slug":"avaliando-atividades-e-compromissos-de-vereadores-01","status":"publish","type":"post","link":"http:\/\/acaopolitica.com\/index.php\/2017\/05\/20\/avaliando-atividades-e-compromissos-de-vereadores-01\/","title":{"rendered":"Avaliando atividades e compromissos de vereadores &#8211; 01"},"content":{"rendered":"<p style=\"text-align: justify;\"><strong>O modelo do termo de compromisso citado neste post, pode ser visto no final do texto.<\/strong><\/p>\n<p style=\"text-align: justify;\">Em 18\/05\/2017, Alcione Kleine (coordenadora do IVL) conversou com o vereador Zeca Bombeiro (SD) da C\u00e2mara de Vereadores de Blumenau\/SC.<\/p>\n<p style=\"text-align: justify;\">Durante a conversa, o vereador explicou v\u00e1rios aspectos da situa\u00e7\u00e3o atual da C\u00e2mara e sua presente atua\u00e7\u00e3o.<\/p>\n<p style=\"text-align: justify;\">Destacamos pontos que informou, <strong>alguns dos quais s\u00e3o parte de compromisso pr\u00e9vio afirmado pelo vereador, durante campanha<\/strong>:<\/p>\n<p style=\"padding-left: 30px; text-align: justify;\"><strong>1 &#8211;<\/strong> A verba da Secretaria de Comunica\u00e7\u00e3o da Prefeitura Municipal de Blumenau \u00e9 de R$ 5.000.000,00 (cinco milh\u00f5es de reais). O vereador nos prover\u00e1 com requerimento discriminando a destina\u00e7\u00e3o e detalhamento de uso deste or\u00e7amento;<\/p>\n<p style=\"padding-left: 30px; text-align: justify;\"><strong>2 &#8211;<\/strong> Ele nos informa que abdicou uso de celular cedido pela C\u00e2mara de Vereadores, assumindo o custeio desta despesa. Para a qual se disp\u00f4s a nos fornecer conta telef\u00f4nica que nos permitir\u00e1 verificar a informa\u00e7\u00e3o;<\/p>\n<p style=\"padding-left: 30px; text-align: justify;\"><strong>3-<\/strong> Houve redu\u00e7\u00e3o da frota de ve\u00edculos \u00e0 disposi\u00e7\u00e3o para a C\u00e2mara de Vereadores, de 15 para 08 ve\u00edculos;<\/p>\n<p style=\"padding-left: 30px; text-align: justify;\"><strong>4 &#8211;<\/strong> A verba total de gabinete foi reduzida durante a presente legislatura de R$ 6.000,00 (seis mil reais) mensais para R$ 3.000,00 (tr\u00eas mil reais ) mensais;<\/p>\n<p style=\"padding-left: 30px; text-align: justify;\"><strong>5 &#8211;<\/strong> Citou que o <a href=\"http:\/\/www.camarablu.sc.gov.br\/portal-da-transparencia\/\" target=\"_blank\" rel=\"noopener noreferrer\">Portal de Transpar\u00eancia<\/a> est\u00e1 passando por melhorias;<\/p>\n<p style=\"padding-left: 30px; text-align: justify;\"><strong>6 &#8211;<\/strong> Sobre a mudan\u00e7a das sess\u00f5es para o per\u00edodo noturno, comentou:<\/p>\n<ul style=\"text-align: justify;\">\n<li style=\"padding-left: 30px;\">Ele enxerga como obst\u00e1culo o aumento dos custos operacionais da C\u00e2mara, afirmando que ir\u00e3o aumentar.<\/li>\n<\/ul>\n<ul style=\"text-align: justify;\">\n<li style=\"padding-left: 30px;\">Vai nos prover o Estudo de Impacto Financeiro da mudan\u00e7a;<\/li>\n<\/ul>\n<p style=\"padding-left: 30px; text-align: justify;\"><strong>7 &#8211;<\/strong> Sobre ao projeto de constru\u00e7\u00e3o de um &#8221; Est\u00e1dio de Futebol &#8220;, comentou:<\/p>\n<ul style=\"text-align: justify;\">\n<li style=\"padding-left: 30px;\">A m\u00eddia divulgou incorretamente, pois se trata de um Complexo Esportivo;<\/li>\n<\/ul>\n<ul style=\"text-align: justify;\">\n<li style=\"padding-left: 30px;\">A verba obtida para o projeto \u00e9 exclusiva para a \u00e1rea esportiva e est\u00e1 restrita a condi\u00e7\u00f5es legais baseadas em vari\u00e1veis nas quais o munic\u00edpio de Blumenau\u00a0 se encaixa.<\/li>\n<\/ul>\n<p style=\"padding-left: 30px;\"><strong>8 &#8211;\u00a0<\/strong> Sobre elimina\u00e7\u00e3o das sess\u00f5es secretas, informa que \u00e9 prerrogativa da Presid\u00eancia da C\u00e2mara;<\/p>\n<p style=\"text-align: justify; padding-left: 30px;\"><strong>9 &#8211; <\/strong>Sr. Romeu Georg cedeu terreno ao Clube Atl\u00e9tico Metropolitano, em troca de pagamento de d\u00edvidas de sua empresa.<\/p>\n<p style=\"text-align: justify;\"><strong><span style=\"color: #ff0000;\">Todos os pontos acima ser\u00e3o confirmados, detalhados e divulgados aqui, nas redes do IVL e na fanpage abaixo:<\/span><\/strong><\/p>\n<p style=\"text-align: justify; padding-left: 30px;\"><strong>Nossos vereadores est\u00e3o trabalhando direitinho?<\/strong><br \/>\n<strong><a href=\"https:\/\/www.facebook.com\/Nossos-vereadores-est%C3%A3o-trabalhando-direitinho-1565751120343605\/\" target=\"_blank\" rel=\"noopener noreferrer\">https:\/\/www.facebook.com\/Nossos-vereadores-est%C3%A3o-trabalhando-direitinho-1565751120343605\/<\/a><\/strong><\/p>\n<p style=\"text-align: justify;\">Voc\u00ea pode participar ativamente do grupo de trabalho deste projeto. Basta entrar em contato por um dos meios abaixo:<\/p>\n<ul style=\"text-align: justify;\">\n<li style=\"padding-left: 30px;\"><a href=\"https:\/\/www.facebook.com\/Nossos-vereadores-est%C3%A3o-trabalhando-direitinho-1565751120343605\/\" target=\"_blank\" rel=\"noopener noreferrer\">https:\/\/www.facebook.com\/Nossos-vereadores-est%C3%A3o-trabalhando-direitinho-1565751120343605\/<\/a><\/li>\n<\/ul>\n<ul style=\"text-align: justify;\">\n<li style=\"padding-left: 30px;\"><a href=\"https:\/\/www.facebook.com\/institutoverdadeeliberdade\/\" target=\"_blank\" rel=\"noopener noreferrer\">https:\/\/www.facebook.com\/institutoverdadeeliberdade\/<\/a><\/li>\n<\/ul>\n<ul style=\"text-align: justify;\">\n<li style=\"padding-left: 30px;\"><a href=\"mailto:alcione.kleine@yahoo.com.br\" target=\"_blank\" rel=\"noopener noreferrer\">alcione.kleine@yahoo.com.br<\/a> (coordenadora do projeto)<\/li>\n<\/ul>\n<p style=\"text-align: justify;\">A conversa aqui registrada faz parte da segunda etapa de uma a\u00e7\u00e3o que Alcione Kleine iniciou em 2016 e tem dois objetivos:<\/p>\n<ul>\n<li style=\"text-align: justify;\">levar\u00a0 \u00e0 popula\u00e7\u00e3o conhecimento direto e aprofundado sobre os atos da C\u00e2mara de Vereadores;<\/li>\n<\/ul>\n<ul>\n<li style=\"text-align: justify;\">exercer a\u00e7\u00e3o de fiscaliza\u00e7\u00e3o para garantir que os melhores interesses da popula\u00e7\u00e3o sejam priorizados;<\/li>\n<\/ul>\n<p style=\"text-align: justify;\">Este compromisso foi registrado por meio da obten\u00e7\u00e3o de assinatura num documento para esta finalidade conforme modelo abaixo redigido em colabora\u00e7\u00e3o com Marcelo F. Matheussi (coordenador do IVL).<\/p>\n<a href=\"http:\/\/acaopolitica.com\/wp-content\/plugins\/pdfjs-viewer-shortcode\/pdfjs\/web\/viewer.php?file=http%3A%2F%2Facaopolitica.com%2Fwp-content%2Fuploads%2F2017%2F05%2Ftermo_de_compromisso.pdf&download=true&print=true&openfile=false\">View Fullscreen<\/a><br><iframe width=\"100%\" height=\"1360px\" src=\"http:\/\/acaopolitica.com\/wp-content\/plugins\/pdfjs-viewer-shortcode\/pdfjs\/web\/viewer.php?file=http%3A%2F%2Facaopolitica.com%2Fwp-content%2Fuploads%2F2017%2F05%2Ftermo_de_compromisso.pdf&download=true&print=true&openfile=false\"><\/iframe> \n","protected":false},"excerpt":{"rendered":"<p>O modelo do termo de compromisso citado neste post, pode ser visto no final do texto. Em 18\/05\/2017, Alcione Kleine (coordenadora do IVL) conversou com&#8230;<\/p>\n","protected":false},"author":1,"featured_media":1532,"comment_status":"open","ping_status":"open","sticky":false,"template":"","format":"standard","meta":[],"categories":[11,2],"tags":[],"_links":{"self":[{"href":"http:\/\/acaopolitica.com\/index.php\/wp-json\/wp\/v2\/posts\/1531"}],"collection":[{"href":"http:\/\/acaopolitica.com\/index.php\/wp-json\/wp\/v2\/posts"}],"about":[{"href":"http:\/\/acaopolitica.com\/index.php\/wp-json\/wp\/v2\/types\/post"}],"author":[{"embeddable":true,"href":"http:\/\/acaopolitica.com\/index.php\/wp-json\/wp\/v2\/users\/1"}],"replies":[{"embeddable":true,"href":"http:\/\/acaopolitica.com\/index.php\/wp-json\/wp\/v2\/comments?post=1531"}],"version-history":[{"count":12,"href":"http:\/\/acaopolitica.com\/index.php\/wp-json\/wp\/v2\/posts\/1531\/revisions"}],"predecessor-version":[{"id":1559,"href":"http:\/\/acaopolitica.com\/index.php\/wp-json\/wp\/v2\/posts\/1531\/revisions\/1559"}],"wp:featuredmedia":[{"embeddable":true,"href":"http:\/\/acaopolitica.com\/index.php\/wp-json\/wp\/v2\/media\/1532"}],"wp:attachment":[{"href":"http:\/\/acaopolitica.com\/index.php\/wp-json\/wp\/v2\/media?parent=1531"}],"wp:term":[{"taxonomy":"category","embeddable":true,"href":"http:\/\/acaopolitica.com\/index.php\/wp-json\/wp\/v2\/categories?post=1531"},{"taxonomy":"post_tag","embeddable":true,"href":"http:\/\/acaopolitica.com\/index.php\/wp-json\/wp\/v2\/tags?post=1531"}],"curies":[{"name":"wp","href":"https:\/\/api.w.org\/{rel}","templated":true}]}}