{"id":1534,"date":"2017-05-20T00:41:47","date_gmt":"2017-05-20T00:41:47","guid":{"rendered":"http:\/\/acaopolitica.com\/?p=1534"},"modified":"2017-05-20T02:24:16","modified_gmt":"2017-05-20T02:24:16","slug":"jair-bolsonaro-em-blumenau-19052017","status":"publish","type":"post","link":"http:\/\/acaopolitica.com\/index.php\/2017\/05\/20\/jair-bolsonaro-em-blumenau-19052017\/","title":{"rendered":"Jair Bolsonaro em Blumenau &#8211; 19\/05\/2017"},"content":{"rendered":"<p style=\"text-align: justify;\">Nesta sexta-feira, 19\/05\/2017, o Dep. Jair Bolsonaro apresentou uma palestra em Blumenau\/SC. O evento ocorreu em um dos pavilh\u00f5es do Parque Vila Germ\u00e2nica e faz parte de um ciclo de palestras por v\u00e1rias regi\u00f5es do pa\u00eds.<\/p>\n<p style=\"text-align: justify;\">V\u00e1rios apoiadores do IVL colaboraram diretamente ou indiretamente para o evento e muitos estavam presentes.<\/p>\n<p style=\"text-align: justify;\">Entre figuras pol\u00edticas presentes citamos o Dep. Peninha (PMDB\/SC) e o Dep. Eduardo Bolsonaro (PSC\/SP).<\/p>\n<p style=\"text-align: justify;\">Parabenizamos ao Sr. Otto Vieira pela coordena\u00e7\u00e3o, bem como toda sua equipe do grupo <strong>Bolsonaro em Blumenau<\/strong> pela realiza\u00e7\u00e3o deste importante evento.<\/p>\n<p style=\"text-align: justify;\">O evento iniciou aproximadamente \u00e0s 15h30min com uma coletiva fechada para a imprensa local. Em seguida houve a palestra com cerca de 1 hora de dura\u00e7\u00e3o.<\/p>\n<p style=\"text-align: justify;\">Os temas abordados foram amplos e variados com alguns destaques proferidos pelo Dep. Jair Bolsonaro:<\/p>\n<ul>\n<li style=\"text-align: justify;\">Compromisso com a revoga\u00e7\u00e3o do estatuto do desarmamento, incluindo direito de porte de armas de maior calibre como fuzis para a popula\u00e7\u00e3o rural;<\/li>\n<\/ul>\n<ul>\n<li>Defesa da soberania e riquezas naturais contra interesses mesclados estrangeiros e oligarquias locais;<\/li>\n<\/ul>\n<ul>\n<li>Defesa da liberdade de express\u00e3o e combate ao cerceamento deste via a t\u00e1tica conhecida como &#8220;pol\u00edticamente correto&#8221;;<\/li>\n<\/ul>\n<ul>\n<li>Resposta a deturpa\u00e7\u00f5es publicadas na m\u00eddia sobre seu passado como garimpeiro;<\/li>\n<\/ul>\n<ul>\n<li>Compromisso com prote\u00e7\u00e3o jur\u00eddica adequada ao trabalho das for\u00e7as policiais, pois hoje a justi\u00e7a privilegia o bandido e condena o policial agindo no cumprimento do dever;<\/li>\n<\/ul>\n<ul>\n<li>Remo\u00e7\u00e3o da intrus\u00e3o do estado \u00e0 atividade rural, \u00e0 produ\u00e7\u00e3o de energia local e descentralizada (<a href=\"https:\/\/pt.wikipedia.org\/wiki\/Pequena_central_hidrel%C3%A9trica\" target=\"_blank\" rel=\"noopener noreferrer\">PCH<\/a>);<\/li>\n<\/ul>\n<ul>\n<li style=\"text-align: justify;\">Redu\u00e7\u00e3o da burocracia, riscos e entraves \u00e0 contrata\u00e7\u00e3o de funcion\u00e1rios e ao mercado de trabalho em geral;<\/li>\n<\/ul>\n<ul>\n<li style=\"text-align: justify;\">Resposta \u00e0 critica de inviabilidade de um eventual governo com Jair Bolsonaro na Presid\u00eancia da Rep\u00fablica, <strong>por impossibilidade de negocia\u00e7\u00e3o no nosso sistema pol\u00edtico atual &#8211;\u00a0 movido a conchavos<\/strong>. Para esta cr\u00edtica, o Dep. Bolsonaro respondeu que realmente n\u00e3o tem interesse em negocia\u00e7\u00f5es com o tipo de classe pol\u00edtica atual. E que mesmo os mais cautelosos n\u00e3o tem mais desculpa, pois o sistema n\u00e3o \u00e9 mais sequer sustent\u00e1vel. Um trecho pode ser visto no terceiro v\u00eddeo, abaixo.<\/li>\n<\/ul>\n<p style=\"text-align: justify;\">A PM estimou p\u00fablico de 3 mil pessoas. Destacamos a grande participa\u00e7\u00e3o de jovens. Assim como o grande sentimento de entusiasmo e engajamento que o Dep. Jair Bolsonaro desperta em suas apresenta\u00e7\u00f5es.<\/p>\n<p style=\"text-align: justify;\">O IVL v\u00ea com bastante satisfa\u00e7\u00e3o a atua\u00e7\u00e3o do Dep. Jair Bolsonaro na remo\u00e7\u00e3o da intrus\u00e3o estatal, incentivo \u00e0 livre iniciativa e da a\u00e7\u00e3o individual com foco e sem entrave \u00e0 express\u00e3o de seus direitos naturais.<\/p>\n<p style=\"text-align: justify;\">Alguns registros abaixo:<\/p>\n<div style=\"width: 400px;\" class=\"wp-video\"><!--[if lt IE 9]><script>document.createElement('video');<\/script><![endif]-->\n<video class=\"wp-video-shortcode\" id=\"video-1534-1\" width=\"400\" height=\"224\" preload=\"metadata\" controls=\"controls\"><source type=\"video\/mp4\" src=\"http:\/\/acaopolitica.com\/wp-content\/uploads\/2017\/05\/bolsonaro1.mp4?_=1\" \/><a href=\"http:\/\/acaopolitica.com\/wp-content\/uploads\/2017\/05\/bolsonaro1.mp4\">http:\/\/acaopolitica.com\/wp-content\/uploads\/2017\/05\/bolsonaro1.mp4<\/a><\/video><\/div>\n<p>&nbsp;<\/p>\n<div style=\"width: 224px;\" class=\"wp-video\"><video class=\"wp-video-shortcode\" id=\"video-1534-2\" width=\"224\" height=\"400\" preload=\"metadata\" controls=\"controls\"><source type=\"video\/mp4\" src=\"http:\/\/acaopolitica.com\/wp-content\/uploads\/2017\/05\/bolsonaro2.mp4?_=2\" \/><a href=\"http:\/\/acaopolitica.com\/wp-content\/uploads\/2017\/05\/bolsonaro2.mp4\">http:\/\/acaopolitica.com\/wp-content\/uploads\/2017\/05\/bolsonaro2.mp4<\/a><\/video><\/div>\n<p>&nbsp;<\/p>\n<div style=\"width: 224px;\" class=\"wp-video\"><video class=\"wp-video-shortcode\" id=\"video-1534-3\" width=\"224\" height=\"400\" preload=\"metadata\" controls=\"controls\"><source type=\"video\/mp4\" src=\"http:\/\/acaopolitica.com\/wp-content\/uploads\/2017\/05\/bolsonaro3.mp4?_=3\" \/><a href=\"http:\/\/acaopolitica.com\/wp-content\/uploads\/2017\/05\/bolsonaro3.mp4\">http:\/\/acaopolitica.com\/wp-content\/uploads\/2017\/05\/bolsonaro3.mp4<\/a><\/video><\/div>\n<p>&nbsp;<\/p>\n","protected":false},"excerpt":{"rendered":"<p>Nesta sexta-feira, 19\/05\/2017, o Dep. Jair Bolsonaro apresentou uma palestra em Blumenau\/SC. O evento ocorreu em um dos pavilh\u00f5es do Parque Vila Germ\u00e2nica e faz&#8230;<\/p>\n","protected":false},"author":1,"featured_media":1535,"comment_status":"open","ping_status":"open","sticky":false,"template":"","format":"standard","meta":[],"categories":[11,2],"tags":[],"_links":{"self":[{"href":"http:\/\/acaopolitica.com\/index.php\/wp-json\/wp\/v2\/posts\/1534"}],"collection":[{"href":"http:\/\/acaopolitica.com\/index.php\/wp-json\/wp\/v2\/posts"}],"about":[{"href":"http:\/\/acaopolitica.com\/index.php\/wp-json\/wp\/v2\/types\/post"}],"author":[{"embeddable":true,"href":"http:\/\/acaopolitica.com\/index.php\/wp-json\/wp\/v2\/users\/1"}],"replies":[{"embeddable":true,"href":"http:\/\/acaopolitica.com\/index.php\/wp-json\/wp\/v2\/comments?post=1534"}],"version-history":[{"count":13,"href":"http:\/\/acaopolitica.com\/index.php\/wp-json\/wp\/v2\/posts\/1534\/revisions"}],"predecessor-version":[{"id":1551,"href":"http:\/\/acaopolitica.com\/index.php\/wp-json\/wp\/v2\/posts\/1534\/revisions\/1551"}],"wp:featuredmedia":[{"embeddable":true,"href":"http:\/\/acaopolitica.com\/index.php\/wp-json\/wp\/v2\/media\/1535"}],"wp:attachment":[{"href":"http:\/\/acaopolitica.com\/index.php\/wp-json\/wp\/v2\/media?parent=1534"}],"wp:term":[{"taxonomy":"category","embeddable":true,"href":"http:\/\/acaopolitica.com\/index.php\/wp-json\/wp\/v2\/categories?post=1534"},{"taxonomy":"post_tag","embeddable":true,"href":"http:\/\/acaopolitica.com\/index.php\/wp-json\/wp\/v2\/tags?post=1534"}],"curies":[{"name":"wp","href":"https:\/\/api.w.org\/{rel}","templated":true}]}}