{"id":1568,"date":"2015-07-15T09:00:38","date_gmt":"2015-07-15T09:00:38","guid":{"rendered":"http:\/\/acaopolitica.com\/?p=1568"},"modified":"2017-05-23T03:34:22","modified_gmt":"2017-05-23T03:34:22","slug":"produzindo-faixas-e-camisetas-para-mega-manifestacao-de-16-08-2015","status":"publish","type":"post","link":"http:\/\/acaopolitica.com\/index.php\/2015\/07\/15\/produzindo-faixas-e-camisetas-para-mega-manifestacao-de-16-08-2015\/","title":{"rendered":"Produzindo Faixas e Camisetas para Mega Manifesta\u00e7\u00e3o de 16-08-2015"},"content":{"rendered":"<p style=\"text-align: justify;\">Produ\u00e7\u00e3o de faixas para convidar a popula\u00e7\u00e3o e tamb\u00e9m para o dia da manifesta\u00e7\u00e3o de 16-08-2015, em Blumenau\/SC. Realizada tamb\u00e9m em v\u00e1rias cidades do Brasil.<\/p>\n<p>A pauta era o impeachment da N\u00c3O-presidente Dilma Rousseff.<\/p>\n<p>Ap\u00f3s alguns meses o IVL optou pela extin\u00e7\u00e3o do que era o MBL Blumenau por incompatibilidade de valores e seguiu sua trajet\u00f3ria independente.<\/p>\n<p>Aparecem no v\u00eddeo:<br \/>\n&#8211; Cyntia A. Muller<br \/>\nCo-fundadora e coordenadora do IVL<\/p>\n<p>&#8211; Jos\u00e9 Galdino<br \/>\nCo-fundador e coordenador do IVL<\/p>\n<p>&#8211; Tiago G. C. dos Santos<br \/>\nCoordenador \u00e0 \u00e9poca e seguiu como apoiador do IVL<\/p>\n<p>Filmando e editor:<br \/>\n&#8211; Vanderlei Dallagnolo<br \/>\nCo-fundador e coordenador do IVL.<\/p>\n<div class=\"kad-youtube-shortcode videofit\"  ><iframe width=\"600\" height=\"400\" src=\"\/\/www.youtube.com\/embed\/-Z3ee_pMGMs?autoplay=0&amp;controls=1&amp;fs=1&amp;modestbranding=0&amp;theme=dark&amp;rel=0&amp;loop=0\" frameborder=\"0\" allowfullscreen=\"true\"><\/iframe><\/div>\n","protected":false},"excerpt":{"rendered":"<p>Produ\u00e7\u00e3o de faixas para convidar a popula\u00e7\u00e3o e tamb\u00e9m para o dia da manifesta\u00e7\u00e3o de 16-08-2015, em Blumenau\/SC. Realizada tamb\u00e9m em v\u00e1rias cidades do Brasil&#8230;.<\/p>\n","protected":false},"author":1,"featured_media":1566,"comment_status":"open","ping_status":"open","sticky":false,"template":"","format":"standard","meta":[],"categories":[11],"tags":[],"_links":{"self":[{"href":"http:\/\/acaopolitica.com\/index.php\/wp-json\/wp\/v2\/posts\/1568"}],"collection":[{"href":"http:\/\/acaopolitica.com\/index.php\/wp-json\/wp\/v2\/posts"}],"about":[{"href":"http:\/\/acaopolitica.com\/index.php\/wp-json\/wp\/v2\/types\/post"}],"author":[{"embeddable":true,"href":"http:\/\/acaopolitica.com\/index.php\/wp-json\/wp\/v2\/users\/1"}],"replies":[{"embeddable":true,"href":"http:\/\/acaopolitica.com\/index.php\/wp-json\/wp\/v2\/comments?post=1568"}],"version-history":[{"count":1,"href":"http:\/\/acaopolitica.com\/index.php\/wp-json\/wp\/v2\/posts\/1568\/revisions"}],"predecessor-version":[{"id":1569,"href":"http:\/\/acaopolitica.com\/index.php\/wp-json\/wp\/v2\/posts\/1568\/revisions\/1569"}],"wp:featuredmedia":[{"embeddable":true,"href":"http:\/\/acaopolitica.com\/index.php\/wp-json\/wp\/v2\/media\/1566"}],"wp:attachment":[{"href":"http:\/\/acaopolitica.com\/index.php\/wp-json\/wp\/v2\/media?parent=1568"}],"wp:term":[{"taxonomy":"category","embeddable":true,"href":"http:\/\/acaopolitica.com\/index.php\/wp-json\/wp\/v2\/categories?post=1568"},{"taxonomy":"post_tag","embeddable":true,"href":"http:\/\/acaopolitica.com\/index.php\/wp-json\/wp\/v2\/tags?post=1568"}],"curies":[{"name":"wp","href":"https:\/\/api.w.org\/{rel}","templated":true}]}}