{"id":1570,"date":"2017-05-23T04:51:46","date_gmt":"2017-05-23T04:51:46","guid":{"rendered":"http:\/\/acaopolitica.com\/?p=1570"},"modified":"2017-05-23T04:53:00","modified_gmt":"2017-05-23T04:53:00","slug":"quem-foi","status":"publish","type":"post","link":"http:\/\/acaopolitica.com\/index.php\/2017\/05\/23\/quem-foi\/","title":{"rendered":"Quem foi?"},"content":{"rendered":"<p style=\"text-align: center;\">Autor: <a href=\"http:\/\/www.olavodecarvalho.org\/\" target=\"_blank\" rel=\"noopener noreferrer\">Olavo de Carvalho<\/a><br \/>\nFonte: <a href=\"https:\/\/www.facebook.com\/carvalho.olavo\/posts\/834502023368540\" target=\"_blank\" rel=\"noopener noreferrer\">https:\/\/www.facebook.com\/carvalho.olavo\/posts\/834502023368540<\/a><\/p>\n<p style=\"text-align: justify;\">QUEM fez com que um menino doentio, quase moribundo, durasse at\u00e9 tornar-se um velho forte e saud\u00e1vel, capaz de continuar seu trabalho at\u00e9 n\u00e3o se sabe quando?<\/p>\n<p style=\"text-align: justify;\">QUEM deu a esse menino, depois de crescido e pai de v\u00e1rios filhos, ainda doente e carregado de obriga\u00e7\u00f5es e d\u00edvidas, a energia de estudar dia e noite nos intervalos de v\u00e1rios empregos simult\u00e2neos, lendo em \u00f4nibus, no metr\u00f4 , em bancos de jardim e balc\u00f5es de bares, guardando tudo na mem\u00f3ria sem usar nenhuma t\u00e9cnica mnem\u00f4nica?<\/p>\n<p style=\"text-align: justify;\">QUEM lhe deu o impulso de continuar fazendo isso sem jamais ter recebido do ambiente em torno O MENOR est\u00edmulo intelectual?<\/p>\n<p style=\"text-align: justify;\">QUEM deu a um z\u00e9-man\u00e9 sem estudos regulares, sem um diploma de gin\u00e1sio sequer, os meios de tornar-se um erudito reconhecido por dezenas de intelectuais do pa\u00eds e do exterior e de no fim das contas consagrar-se como a maior ou \u00fanica autoridade intelectual num pa\u00eds de duzentos milh\u00f5es de habitantes?<\/p>\n<p style=\"text-align: justify;\">QUEM espalhou entre centenas de inimigos dele uma tal confus\u00e3o mental que n\u00e3o podem escrever tr\u00eas palavras contra ele sem cair nas contradi\u00e7\u00f5es mais grotescas e desmoralizar-se sem que ele nem precise lhes responder nada?<\/p>\n<p style=\"text-align: justify;\">QUEM fez com que, sem um \u00fanico cent\u00edmetro de espa\u00e7o na grande m\u00eddia e sem qualquer badala\u00e7\u00e3o nos jornais e na TV, a sua voz se tornasse t\u00e3o influente ao ponto de ecoar nas ruas e nas pra\u00e7as em grandes manifesta\u00e7\u00f5es populares?<\/p>\n<p style=\"text-align: justify;\">QUEM fez com que, sem nunca ter ligado a m\u00ednima para a moral e a virtude, ele se tornasse capaz de explicar as palavras de Jesus a padres, bispos e pastores com tal simplicidade e poder de persuas\u00e3o que, quando eles n\u00e3o gostam do que ele diz, s\u00f3 lhes resta amaldi\u00e7o\u00e1-lo \u00e0 dist\u00e2ncia e fazer de si mesmos objeto de chacota?<\/p>\n<p style=\"text-align: justify;\">QUEM fez com que, sem uma notinha num jornal, sem dois segundos de promo\u00e7\u00e3o na TV, seus livros alcan\u00e7assem tiragens de centenas de milhares de c\u00f3pias, superando de longe os de seus concorrentes mais badalados pela m\u00eddia e pelo \u201cestablishment\u201d?<\/p>\n<p style=\"text-align: justify;\">QUEM possibilitou que ele, praticamente ou literalmente sozinho, cavasse um rombo enorme numa hegemonia intelectual de cinco d\u00e9cadas, abrindo espa\u00e7o para a circula\u00e7\u00e3o de novas id\u00e9ias que at\u00e9 ent\u00e3o eram absolutamente inaud\u00edveis no espa\u00e7o p\u00fablico?<\/p>\n<p style=\"text-align: justify;\">QUEM fez tudo isso? Se n\u00e3o foi Deus, eu \u00e9 que n\u00e3o fui. Minha vida \u00e9 uma sucess\u00e3o t\u00e3o evidente de milagres e prod\u00edgios, que quem quer que a contemple por minutos e n\u00e3o exclame \u201cGl\u00f3ria a Deus!\u201d \u00e9 uma alma empedernida, cega e insens\u00edvel a uma Presen\u00e7a divina que grita do alto dos telhados.<\/p>\n<p style=\"text-align: justify;\">Por isso \u00e9 que rio por dentro quando, afetando desprezo pela alta cultura, umas baratas de sacristia v\u00eam me falar dos homens pobres, simples e humildezinhos a quem Deus revela o que sonega aos doutores.<\/p>\n<p style=\"text-align: justify;\">Eu SEI que Deus faz isso. Ele fez comigo.<\/p>\n","protected":false},"excerpt":{"rendered":"<p>Autor: Olavo de Carvalho Fonte: https:\/\/www.facebook.com\/carvalho.olavo\/posts\/834502023368540 QUEM fez com que um menino doentio, quase moribundo, durasse at\u00e9 tornar-se um velho forte e saud\u00e1vel, capaz de&#8230;<\/p>\n","protected":false},"author":1,"featured_media":1571,"comment_status":"open","ping_status":"open","sticky":false,"template":"","format":"standard","meta":[],"categories":[3],"tags":[],"_links":{"self":[{"href":"http:\/\/acaopolitica.com\/index.php\/wp-json\/wp\/v2\/posts\/1570"}],"collection":[{"href":"http:\/\/acaopolitica.com\/index.php\/wp-json\/wp\/v2\/posts"}],"about":[{"href":"http:\/\/acaopolitica.com\/index.php\/wp-json\/wp\/v2\/types\/post"}],"author":[{"embeddable":true,"href":"http:\/\/acaopolitica.com\/index.php\/wp-json\/wp\/v2\/users\/1"}],"replies":[{"embeddable":true,"href":"http:\/\/acaopolitica.com\/index.php\/wp-json\/wp\/v2\/comments?post=1570"}],"version-history":[{"count":2,"href":"http:\/\/acaopolitica.com\/index.php\/wp-json\/wp\/v2\/posts\/1570\/revisions"}],"predecessor-version":[{"id":1573,"href":"http:\/\/acaopolitica.com\/index.php\/wp-json\/wp\/v2\/posts\/1570\/revisions\/1573"}],"wp:featuredmedia":[{"embeddable":true,"href":"http:\/\/acaopolitica.com\/index.php\/wp-json\/wp\/v2\/media\/1571"}],"wp:attachment":[{"href":"http:\/\/acaopolitica.com\/index.php\/wp-json\/wp\/v2\/media?parent=1570"}],"wp:term":[{"taxonomy":"category","embeddable":true,"href":"http:\/\/acaopolitica.com\/index.php\/wp-json\/wp\/v2\/categories?post=1570"},{"taxonomy":"post_tag","embeddable":true,"href":"http:\/\/acaopolitica.com\/index.php\/wp-json\/wp\/v2\/tags?post=1570"}],"curies":[{"name":"wp","href":"https:\/\/api.w.org\/{rel}","templated":true}]}}