{"id":1574,"date":"2017-05-23T17:31:27","date_gmt":"2017-05-23T17:31:27","guid":{"rendered":"http:\/\/acaopolitica.com\/?p=1574"},"modified":"2017-05-23T18:02:04","modified_gmt":"2017-05-23T18:02:04","slug":"pressao-funciona-novo-portal-da-transparencia-da-camara-de-vereadores-de-blumenau","status":"publish","type":"post","link":"http:\/\/acaopolitica.com\/index.php\/2017\/05\/23\/pressao-funciona-novo-portal-da-transparencia-da-camara-de-vereadores-de-blumenau\/","title":{"rendered":"Press\u00e3o funciona &#8211; Novo Portal da Transpar\u00eancia da C\u00e2mara de Vereadores de Blumenau"},"content":{"rendered":"<p style=\"text-align: justify;\">Neste dia 23-05-2017, ocorreu o ato de lan\u00e7amento do novo portal da transpar\u00eancia da C\u00e2mara de Vereadores de Blumenau\/SC.<\/p>\n<p style=\"text-align: justify;\">Este post n\u00e3o \u00e9 apenas a divulga\u00e7\u00e3o deste ato. \u00c9 um convite pra voc\u00ea fazer algo \u00fatil para si, sua fam\u00edlia e a cidade, a partir do que esta not\u00edcia representa.<\/p>\n<p style=\"text-align: justify;\">O release oficial com mais detalhes pode ser lido aqui:<br \/>\n<a href=\"http:\/\/www.camarablu.sc.gov.br\/camara-de-vereadores-lanca-novo-portal-da-transparencia-em-evento-de-capacitacao-na-oab\/\" target=\"_blank\" rel=\"noopener noreferrer\">http:\/\/www.camarablu.sc.gov.br\/camara-de-vereadores-lanca-novo-portal-da-transparencia-em-evento-de-capacitacao-na-oab\/<\/a><\/p>\n<p style=\"text-align: justify;\">Este ato \u00e9 importante como marco que registra a import\u00e2ncia da press\u00e3o e fiscaliza\u00e7\u00e3o da sociedade sobre todas as inst\u00e2ncias governamentais.<\/p>\n<p style=\"text-align: justify;\">Press\u00e3o para manter os rumos corretos ou criar as mudan\u00e7as necess\u00e1rias.<\/p>\n<p style=\"text-align: justify;\">Neste sentido, Alcione Kleine, idealizou uma lista de compromissos para cobran\u00e7a dos vereadores de Blumenau\/SC.<\/p>\n<p style=\"text-align: justify;\">O novo portal da transpar\u00eancia estava nesta lista, item 6, como pode ser visto na imagem ao final deste post.<\/p>\n<p style=\"text-align: justify;\">Isto representa tamb\u00e9m uma resposta aos cr\u00edticos: <strong>&#8211; Sim, press\u00e3o funciona!<\/strong><\/p>\n<p style=\"text-align: justify;\">Agora vamos \u00e0 segunda parte desta miss\u00e3o e voc\u00ea pode ajudar.<\/p>\n<p style=\"text-align: justify;\"><strong><span style=\"color: #0000ff;\">Ser\u00e1 in\u00fatil o portal se a sociedade n\u00e3o utiliz\u00e1-lo para fiscalizar.<\/span><\/strong><\/p>\n<p style=\"text-align: justify;\"><strong><span style=\"color: #0000ff;\">Ser\u00e1 ineficiente se a sociedade n\u00e3o utilzar as informa\u00e7\u00f5es para determinar as melhores pol\u00edticas para o munic\u00edpio.<\/span><\/strong><\/p>\n<p style=\"text-align: justify;\"><strong><span style=\"color: #0000ff;\">Ser\u00e1 nocivo se a sociedade deixar estas informa\u00e7\u00f5es restritas a pequenos grupos de interesse.<\/span><\/strong><\/p>\n<p style=\"text-align: justify;\">E o mais importante, s\u00f3 atingiremos real sucesso quando o m\u00e1ximo esfor\u00e7o de transpar\u00eancia, de honestidade, for reconhecido pela popula\u00e7\u00e3o, <strong>como o mero cumprimemnto das obriga\u00e7\u00f5es de TODOS os pol\u00edticos e funcion\u00e1rios do pagador de impostos. <\/strong>\u00c9 o dever. \u00c9 o m\u00ednimo.<\/p>\n<p style=\"text-align: justify;\">Sinta-se convidado fazer parte do esfor\u00e7o para construir a C\u00e2mara de Vereadores Ideal. Tornando-a em ferramenta para a cidade ideal.<\/p>\n<p style=\"text-align: justify;\">Havendo interesse em participar ativamente desta constru\u00e7\u00e3o e deixar de ser uma v\u00edtima da corrup\u00e7\u00e3o e inefici\u00eancia dos pol\u00edticos, contate-nos abaixo:<\/p>\n<ul>\n<li><a href=\"https:\/\/www.facebook.com\/Nossos-vereadores-est%C3%A3o-trabalhando-direitinho-1565751120343605\/\" target=\"_blank\" rel=\"noopener noreferrer\">https:\/\/www.facebook.com\/Nossos-vereadores-est%C3%A3o-trabalhando-direitinho-1565751120343605\/<\/a><\/li>\n<\/ul>\n<ul>\n<li><a href=\"https:\/\/www.facebook.com\/institutoverdadeeliberdade\/\" target=\"_blank\" rel=\"noopener noreferrer\">https:\/\/www.facebook.com\/institutoverdadeeliberdade\/<\/a><\/li>\n<\/ul>\n<ul>\n<li>Alcione Kleine: <a href=\"mailto:alcione.kleine@yahoo.com.br\" target=\"_blank\" rel=\"noopener noreferrer\">alcione.kleine@yahoo.com.br\u00a0<\/a><\/li>\n<\/ul>\n<p><a href=\"http:\/\/acaopolitica.com\/wp-content\/uploads\/2017\/05\/compromissos_vereadores.jpg\"><img loading=\"lazy\" class=\"alignnone size-full wp-image-1575\" src=\"http:\/\/acaopolitica.com\/wp-content\/uploads\/2017\/05\/compromissos_vereadores.jpg\" alt=\"\" width=\"720\" height=\"781\" srcset=\"http:\/\/acaopolitica.com\/wp-content\/uploads\/2017\/05\/compromissos_vereadores.jpg 720w, http:\/\/acaopolitica.com\/wp-content\/uploads\/2017\/05\/compromissos_vereadores-277x300.jpg 277w\" sizes=\"(max-width: 720px) 100vw, 720px\" \/><\/a><\/p>\n<p>Abaixo, registro de uma a\u00e7\u00e3o neste projeto:<\/p>\n<blockquote class=\"wp-embedded-content\" data-secret=\"CC7FeD5taL\"><p><a href=\"http:\/\/acaopolitica.com\/index.php\/2017\/05\/20\/avaliando-atividades-e-compromissos-de-vereadores-01\/\">Avaliando atividades e compromissos de vereadores &#8211; 01<\/a><\/p><\/blockquote>\n<p><iframe class=\"wp-embedded-content\" sandbox=\"allow-scripts\" security=\"restricted\" style=\"position: absolute; clip: rect(1px, 1px, 1px, 1px);\" title=\"&#8220;Avaliando atividades e compromissos de vereadores &#8211; 01&#8221; &#8212; A&ccedil;&atilde;o Pol&iacute;tica\" src=\"http:\/\/acaopolitica.com\/index.php\/2017\/05\/20\/avaliando-atividades-e-compromissos-de-vereadores-01\/embed\/#?secret=CYaB2W9da6#?secret=CC7FeD5taL\" data-secret=\"CC7FeD5taL\" width=\"500\" height=\"282\" frameborder=\"0\" marginwidth=\"0\" marginheight=\"0\" scrolling=\"no\"><\/iframe><\/p>\n<p>&nbsp;<\/p>\n","protected":false},"excerpt":{"rendered":"<p>Neste dia 23-05-2017, ocorreu o ato de lan\u00e7amento do novo portal da transpar\u00eancia da C\u00e2mara de Vereadores de Blumenau\/SC. Este post n\u00e3o \u00e9 apenas a&#8230;<\/p>\n","protected":false},"author":1,"featured_media":1575,"comment_status":"open","ping_status":"open","sticky":false,"template":"","format":"standard","meta":[],"categories":[11,2],"tags":[],"_links":{"self":[{"href":"http:\/\/acaopolitica.com\/index.php\/wp-json\/wp\/v2\/posts\/1574"}],"collection":[{"href":"http:\/\/acaopolitica.com\/index.php\/wp-json\/wp\/v2\/posts"}],"about":[{"href":"http:\/\/acaopolitica.com\/index.php\/wp-json\/wp\/v2\/types\/post"}],"author":[{"embeddable":true,"href":"http:\/\/acaopolitica.com\/index.php\/wp-json\/wp\/v2\/users\/1"}],"replies":[{"embeddable":true,"href":"http:\/\/acaopolitica.com\/index.php\/wp-json\/wp\/v2\/comments?post=1574"}],"version-history":[{"count":4,"href":"http:\/\/acaopolitica.com\/index.php\/wp-json\/wp\/v2\/posts\/1574\/revisions"}],"predecessor-version":[{"id":1579,"href":"http:\/\/acaopolitica.com\/index.php\/wp-json\/wp\/v2\/posts\/1574\/revisions\/1579"}],"wp:featuredmedia":[{"embeddable":true,"href":"http:\/\/acaopolitica.com\/index.php\/wp-json\/wp\/v2\/media\/1575"}],"wp:attachment":[{"href":"http:\/\/acaopolitica.com\/index.php\/wp-json\/wp\/v2\/media?parent=1574"}],"wp:term":[{"taxonomy":"category","embeddable":true,"href":"http:\/\/acaopolitica.com\/index.php\/wp-json\/wp\/v2\/categories?post=1574"},{"taxonomy":"post_tag","embeddable":true,"href":"http:\/\/acaopolitica.com\/index.php\/wp-json\/wp\/v2\/tags?post=1574"}],"curies":[{"name":"wp","href":"https:\/\/api.w.org\/{rel}","templated":true}]}}