{"id":1580,"date":"2017-05-24T19:19:25","date_gmt":"2017-05-24T19:19:25","guid":{"rendered":"http:\/\/acaopolitica.com\/?p=1580"},"modified":"2017-05-24T19:21:02","modified_gmt":"2017-05-24T19:21:02","slug":"divida-da-uniao-base-abril-de-2017","status":"publish","type":"post","link":"http:\/\/acaopolitica.com\/index.php\/2017\/05\/24\/divida-da-uniao-base-abril-de-2017\/","title":{"rendered":"D\u00edvida da Uni\u00e3o base abril de 2017"},"content":{"rendered":"<p style=\"text-align: justify;\"><span style=\"color: #ff0000;\">\u201cQuem n\u00e3o usar os olhos para ver, ter\u00e1 que us\u00e1-los para chorar!\u201d (Foerster).<\/span><\/p>\n<p style=\"text-align: justify;\"><span style=\"color: #0000ff;\">Prezados Senhores<\/span><\/p>\n<p style=\"text-align: justify;\"><span style=\"color: #0000ff;\">Hoje \u00e9 dia da divulga\u00e7\u00e3o da d\u00edvida da Uni\u00e3o base abril de 2017 e, como sempre, a imprensa omite o estoque da d\u00edvida em poder do Banco Central no montante de R$ 1.625,9 bilh\u00f5es (25,69% do PIB), sendo essa a parte mais importante da d\u00edvida, visto que nada mais \u00e9 do que uma \u201cpedalada oficial\u201d (aumento disfar\u00e7ado de base monet\u00e1ria, ou emiss\u00e3o de dinheiro falso) que n\u00e3o existiria se o Banco Central fosse independente. Vejam que essa orgia saiu de 17,86% do PIB em 2010 para 25,69% do PIB em abril de 2017. Crescimento real em rela\u00e7\u00e3o ao PIB de 43,84%. Uma imoralidade sem precedentes. <\/span><\/p>\n<p style=\"text-align: justify;\"><span style=\"color: #0000ff;\">O estoque correto da d\u00edvida l\u00edquida da Uni\u00e3o (interna mais l\u00edquida externa) em abril de 2017 era de R$ 4.870,4 bilh\u00f5es (76,95% do PIB). Aleluia, ultrapassamos a d\u00edvida l\u00edquida do ano de 2002. Avan\u00e7a Brasil (para o abismo!).<\/span><\/p>\n<p style=\"text-align: justify;\"><span style=\"color: #0000ff;\">Quem n\u00e3o usar os olhos para ver ter\u00e1 que us\u00e1-los para chorar, quando em algum momento a estupidez coletiva que sempre comandou a economia brasileira criar um novo confisco contra os poupadores e investidores, que no Brasil sempre foram considerados criminosos de trai\u00e7\u00f5es e lesas &#8211; p\u00e1tria. <\/span><\/p>\n<p style=\"text-align: justify;\"><span style=\"color: #0000ff;\">Em fun\u00e7\u00e3o do acima colocado fico no aguardo das solicita\u00e7\u00f5es de exclus\u00e3o da minha lista. At\u00e9 por citar Deus j\u00e1 solicitaram a exclus\u00e3o de minha lista. <\/span><\/p>\n<p style=\"text-align: justify;\"><span style=\"color: #0000ff;\">Para esses imbecis, est\u00fapidos, cretinos, vigaristas e vagabundos que vivem transpirando vaidade por todos os poros, declaro que n\u00e3o tenho medo do desprezo e sigo fiel ao meu amado mestre Roberto Campos.<\/span><\/p>\n<p style=\"text-align: center;\"><span style=\"color: #ff0000;\">Estive certo quando tive todos contra mim (Roberto Campos).<\/span><\/p>\n<p style=\"text-align: center;\"><span style=\"color: #0000ff;\">D\u00edvida L\u00edquida<\/span><\/p>\n<p style=\"text-align: center;\"><span style=\"color: #0000ff;\">Total da Uni\u00e3o (Interna e Externa)<\/span><\/p>\n<p style=\"text-align: center;\"><span style=\"color: #0000ff;\">Fonte MF &#8211; Base R$ bilh\u00f5es.<\/span><\/p>\n<table>\n<tbody>\n<tr>\n<td><span style=\"color: #0000ff;\">Itens<\/span><\/td>\n<td><span style=\"color: #0000ff;\">2002<\/span><\/td>\n<td><span style=\"color: #0000ff;\">% PIB<\/span><\/td>\n<td><span style=\"color: #0000ff;\">2010<\/span><\/td>\n<td><span style=\"color: #0000ff;\">% PIB<\/span><\/td>\n<td><span style=\"color: #0000ff;\">Abril\/17<\/span><\/td>\n<td><span style=\"color: #0000ff;\">% PIB<\/span><\/td>\n<\/tr>\n<tr>\n<td><span style=\"color: #0000ff;\">D\u00edvida Interna Em Poder do Mercado<\/span><\/td>\n<td><span style=\"color: #0000ff;\">558,9<\/span><\/td>\n<td><span style=\"color: #0000ff;\">37,54<\/span><\/td>\n<td><span style=\"color: #0000ff;\">1.603,9<\/span><\/td>\n<td><span style=\"color: #0000ff;\">41,28<\/span><\/td>\n<td><span style=\"color: #0000ff;\">3.123,2<\/span><\/td>\n<td><span style=\"color: #0000ff;\">49,34<\/span><\/td>\n<\/tr>\n<tr>\n<td><span style=\"color: #0000ff;\">D\u00edvida Interna Em Poder do Banco Central<\/span><\/td>\n<td><span style=\"color: #0000ff;\">282,1<\/span><\/td>\n<td><span style=\"color: #0000ff;\">18,95<\/span><\/td>\n<td><span style=\"color: #0000ff;\">694,0<\/span><\/td>\n<td><span style=\"color: #0000ff;\">17,86<\/span><\/td>\n<td><span style=\"color: #0000ff;\">1.625,9<\/span><\/td>\n<td><span style=\"color: #0000ff;\">25,69<\/span><\/td>\n<\/tr>\n<tr>\n<td><span style=\"color: #0000ff;\">D\u00edvida Externa L\u00edquida<\/span><\/td>\n<td><span style=\"color: #0000ff;\">262,9<\/span><\/td>\n<td><span style=\"color: #0000ff;\">17,66<\/span><\/td>\n<td><span style=\"color: #0000ff;\">90,1<\/span><\/td>\n<td><span style=\"color: #0000ff;\">2,32<\/span><\/td>\n<td><span style=\"color: #0000ff;\">121,3<\/span><\/td>\n<td><span style=\"color: #0000ff;\">1,92<\/span><\/td>\n<\/tr>\n<tr>\n<td><span style=\"color: #ff0000;\">D\u00edvida Total L\u00edquida<\/span><\/td>\n<td><span style=\"color: #ff0000;\">1.103,9<\/span><\/td>\n<td><span style=\"color: #ff0000;\">74,15<\/span><\/td>\n<td><span style=\"color: #ff0000;\">2.388,0<\/span><\/td>\n<td><span style=\"color: #ff0000;\">61,46<\/span><\/td>\n<td><span style=\"color: #ff0000;\">4.870,4<\/span><\/td>\n<td><span style=\"color: #ff0000;\">76,95<\/span><\/td>\n<\/tr>\n<\/tbody>\n<\/table>\n<p style=\"text-align: center;\"><span style=\"color: #0000ff;\">PIB 2002 \u2013 (R$ 1.488,8 bilh\u00f5es); PIB 2010 \u2013 (R$ 3.885,8 bilh\u00f5es); <\/span><\/p>\n<p style=\"text-align: center;\"><span style=\"color: #0000ff;\">Previs\u00e3o PIB 2017 \u2013 (R$ 6.329,7 bilh\u00f5es).<\/span><\/p>\n<p style=\"text-align: center;\"><span style=\"color: #ff0000;\">Arquivos oficiais do governo est\u00e3o dispon\u00edveis aos leitores.<\/span><\/p>\n<p><span style=\"color: #0000ff;\">Ricardo Bergamini<\/span><br \/>\n<span style=\"color: #0000ff;\">(48) 99636-7322<\/span><br \/>\n<span style=\"color: #0000ff;\">(48) 99976-6974<\/span><br \/>\n<span style=\"color: #0000ff;\"><a href=\"mailto:ricardobergamini@ricardobergamini.com.br\" target=\"_blank\" rel=\"noopener noreferrer\">ricardobergamini@ricardobergamini.com.br<\/a><a style=\"color: #0000ff;\" href=\"mailto:ricardobergamini@ricardobergamini.com.br\"><br \/>\n<\/a><a href=\"http:\/\/www.ricardobergamini.com.br\" target=\"_blank\" rel=\"noopener noreferrer\">www.ricardobergamini.com.br<\/a><\/span><\/p>\n","protected":false},"excerpt":{"rendered":"<p>\u201cQuem n\u00e3o usar os olhos para ver, ter\u00e1 que us\u00e1-los para chorar!\u201d (Foerster). Prezados Senhores Hoje \u00e9 dia da divulga\u00e7\u00e3o da d\u00edvida da Uni\u00e3o base&#8230;<\/p>\n","protected":false},"author":18,"featured_media":1130,"comment_status":"open","ping_status":"open","sticky":false,"template":"","format":"standard","meta":[],"categories":[10],"tags":[],"_links":{"self":[{"href":"http:\/\/acaopolitica.com\/index.php\/wp-json\/wp\/v2\/posts\/1580"}],"collection":[{"href":"http:\/\/acaopolitica.com\/index.php\/wp-json\/wp\/v2\/posts"}],"about":[{"href":"http:\/\/acaopolitica.com\/index.php\/wp-json\/wp\/v2\/types\/post"}],"author":[{"embeddable":true,"href":"http:\/\/acaopolitica.com\/index.php\/wp-json\/wp\/v2\/users\/18"}],"replies":[{"embeddable":true,"href":"http:\/\/acaopolitica.com\/index.php\/wp-json\/wp\/v2\/comments?post=1580"}],"version-history":[{"count":1,"href":"http:\/\/acaopolitica.com\/index.php\/wp-json\/wp\/v2\/posts\/1580\/revisions"}],"predecessor-version":[{"id":1581,"href":"http:\/\/acaopolitica.com\/index.php\/wp-json\/wp\/v2\/posts\/1580\/revisions\/1581"}],"wp:featuredmedia":[{"embeddable":true,"href":"http:\/\/acaopolitica.com\/index.php\/wp-json\/wp\/v2\/media\/1130"}],"wp:attachment":[{"href":"http:\/\/acaopolitica.com\/index.php\/wp-json\/wp\/v2\/media?parent=1580"}],"wp:term":[{"taxonomy":"category","embeddable":true,"href":"http:\/\/acaopolitica.com\/index.php\/wp-json\/wp\/v2\/categories?post=1580"},{"taxonomy":"post_tag","embeddable":true,"href":"http:\/\/acaopolitica.com\/index.php\/wp-json\/wp\/v2\/tags?post=1580"}],"curies":[{"name":"wp","href":"https:\/\/api.w.org\/{rel}","templated":true}]}}