{"id":1587,"date":"2017-05-26T22:18:10","date_gmt":"2017-05-26T22:18:10","guid":{"rendered":"http:\/\/acaopolitica.com\/?p=1587"},"modified":"2017-05-28T17:43:47","modified_gmt":"2017-05-28T17:43:47","slug":"resumao-da-republica-brasileira","status":"publish","type":"post","link":"http:\/\/acaopolitica.com\/index.php\/2017\/05\/26\/resumao-da-republica-brasileira\/","title":{"rendered":"RESUM\u00c3O DA REP\u00daBLICA BRASILEIRA &#8211; IMPREGNADA DO C\u00c2NCER SOCIALISTA DESDE O IN\u00cdCIO DO S\u00c9C. XX"},"content":{"rendered":"<p style=\"text-align: justify;\">O socialismo impregnado e perpassando nossa constitui\u00e7\u00e3o desde 1.934 \u00e9 um c\u00e2ncer que inviabilizou qualquer possibilidade de consertar qualquer erro de curso na rep\u00fablica. Sem entrar no m\u00e9rito dos erros do in\u00edcio da rep\u00fablica que s\u00e3o grosseiros por si.<\/p>\n<p style=\"text-align: justify;\">Pode ser assistida breve explana\u00e7\u00e3o sobre isso, neste v\u00eddeo, a partir deste ponto:<\/p>\n<p><iframe loading=\"lazy\" title=\"Federalismo Brasileiro X Americano\" width=\"500\" height=\"281\" src=\"https:\/\/www.youtube.com\/embed\/f5wnr0D57WE?start=675&#038;feature=oembed\" frameborder=\"0\" allow=\"accelerometer; autoplay; clipboard-write; encrypted-media; gyroscope; picture-in-picture\" allowfullscreen><\/iframe><\/p>\n<h5 style=\"text-align: center;\"><strong>RESUM\u00c3O DA REP\u00daBLICA BRASILEIRA<\/strong><\/h5>\n<p style=\"text-align: justify;\"><strong>6 CONSTITUI\u00c7\u00d5ES FEDERAIS<\/strong><\/p>\n<p><a href=\"https:\/\/pt.wikipedia.org\/wiki\/Constitui%C3%A7%C3%A3o_brasileira_de_1891\" target=\"_blank\" rel=\"noopener noreferrer\">1891<\/a><br \/>\n<a href=\"https:\/\/pt.wikipedia.org\/wiki\/Constitui%C3%A7%C3%A3o_brasileira_de_1934\" target=\"_blank\" rel=\"noopener noreferrer\">1934<\/a><br \/>\n<a href=\"https:\/\/pt.wikipedia.org\/wiki\/Constitui%C3%A7%C3%A3o_brasileira_de_1937\" target=\"_blank\" rel=\"noopener noreferrer\">1937<\/a><br \/>\n<a href=\"https:\/\/pt.wikipedia.org\/wiki\/Constitui%C3%A7%C3%A3o_brasileira_de_1946\" target=\"_blank\" rel=\"noopener noreferrer\">1946<\/a><br \/>\n<a href=\"https:\/\/pt.wikipedia.org\/wiki\/Constitui%C3%A7%C3%A3o_brasileira_de_1967\" target=\"_blank\" rel=\"noopener noreferrer\">1967<\/a><br \/>\n<a href=\"https:\/\/pt.wikipedia.org\/wiki\/Constitui%C3%A7%C3%A3o_brasileira_de_1988\" target=\"_blank\" rel=\"noopener noreferrer\">1988<\/a><\/p>\n<p><strong>9 MOEDAS<\/strong><\/p>\n<p><a href=\"https:\/\/pt.wikipedia.org\/wiki\/R%C3%A9is\" target=\"_blank\" rel=\"noopener noreferrer\">R\u00e9is: at\u00e9 1941<\/a><br \/>\n<a href=\"https:\/\/pt.wikipedia.org\/wiki\/R%C3%A9is\" target=\"_blank\" rel=\"noopener noreferrer\">Cruzeiro: 1942<\/a><br \/>\n<a href=\"https:\/\/pt.wikipedia.org\/wiki\/Cruzeiro_novo\" target=\"_blank\" rel=\"noopener noreferrer\">Cruzeiro Novo: 1967<\/a><br \/>\n<a href=\"https:\/\/pt.wikipedia.org\/wiki\/Cruzeiro_(BRB)\" target=\"_blank\" rel=\"noopener noreferrer\">Cruzeiro: 1970<\/a><br \/>\n<a href=\"https:\/\/pt.wikipedia.org\/wiki\/Cruzado_(moeda_brasileira)\" target=\"_blank\" rel=\"noopener noreferrer\">Cruzado: 1986<\/a><br \/>\n<a href=\"https:\/\/pt.wikipedia.org\/wiki\/Cruzado_Novo\" target=\"_blank\" rel=\"noopener noreferrer\">Cruzado Novo: 1989<\/a><br \/>\n<a href=\"https:\/\/pt.wikipedia.org\/wiki\/Cruzeiro_(BRE)\" target=\"_blank\" rel=\"noopener noreferrer\">Cruzeiro: 1990<\/a><br \/>\n<a href=\"https:\/\/pt.wikipedia.org\/wiki\/Cruzeiro_real\" target=\"_blank\" rel=\"noopener noreferrer\">Cruzeiro Real: 1993<\/a><br \/>\n<a href=\"https:\/\/pt.wikipedia.org\/wiki\/Real_(moeda)\" target=\"_blank\" rel=\"noopener noreferrer\">Real: 1994<\/a><\/p>\n<p><strong>6 VEZES CONGRESSO FECHADO<\/strong><\/p>\n<p><a href=\"https:\/\/pt.wikipedia.org\/wiki\/Deodoro_da_Fonseca#O_fechamento_do_Congresso_e_a_ditadura_de_Deodoro\" target=\"_blank\" rel=\"noopener noreferrer\">1891<\/a><br \/>\n<a href=\"https:\/\/pt.wikipedia.org\/wiki\/Era_Vargas#Governo_Provis.C3.B3rio_.281930.E2.80.931934.29\" target=\"_blank\" rel=\"noopener noreferrer\">1930 ~ 34<\/a><br \/>\n<a href=\"https:\/\/pt.wikipedia.org\/wiki\/Era_Vargas#Estado_Novo_.281937.E2.80.931945.29\" target=\"_blank\" rel=\"noopener noreferrer\">1937 ~ 46<\/a><br \/>\n<a href=\"https:\/\/pt.wikipedia.org\/wiki\/Humberto_de_Alencar_Castelo_Branco#O_fechamento_do_Congresso_Nacional\" target=\"_blank\" rel=\"noopener noreferrer\">1966<\/a><br \/>\n<a href=\"https:\/\/pt.wikipedia.org\/wiki\/Ato_Institucional_N%C3%BAmero_Cinco\" target=\"_blank\" rel=\"noopener noreferrer\">1968 ~ 69<\/a><br \/>\n<a href=\"https:\/\/pt.wikipedia.org\/wiki\/Pacote_de_Abril\" target=\"_blank\" rel=\"noopener noreferrer\">1977<\/a><\/p>\n<p><strong>6 GOLPES DE ESTADO<\/strong><\/p>\n<p><a href=\"https:\/\/pt.wikipedia.org\/wiki\/Proclama%C3%A7%C3%A3o_da_Rep%C3%BAblica_do_Brasil\" target=\"_blank\" rel=\"noopener noreferrer\">1889 ~ presente<\/a><br \/>\n<a href=\"https:\/\/pt.wikipedia.org\/wiki\/Era_Vargas#Governo_Provis.C3.B3rio_.281930.E2.80.931934.29\" target=\"_blank\" rel=\"noopener noreferrer\">1930 ~ 34<\/a><br \/>\n<a href=\"https:\/\/pt.wikipedia.org\/wiki\/Era_Vargas#Estado_Novo_.281937.E2.80.931945.29\" target=\"_blank\" rel=\"noopener noreferrer\">1937 ~ 45<\/a><br \/>\n<a href=\"https:\/\/pt.wikipedia.org\/wiki\/Elei%C3%A7%C3%A3o_presidencial_no_Brasil_em_1945#O_Queremismo_e_a_deposi.C3.A7.C3.A3o_de_Get.C3.BAlio_Vargas\" target=\"_blank\" rel=\"noopener noreferrer\">1945<\/a><br \/>\n<a href=\"https:\/\/pt.wikipedia.org\/wiki\/Movimento_de_11_de_Novembro\" target=\"_blank\" rel=\"noopener noreferrer\">1955<\/a><\/p>\n<p><strong>CONTRA-GOLPE AO COMUNISMO<\/strong><br \/>\n<a href=\"https:\/\/pt.wikipedia.org\/wiki\/Ditadura_militar_no_Brasil_(1964%E2%80%931985)\" target=\"_blank\" rel=\"noopener noreferrer\">1964 ~ 85<\/a><\/p>\n<p><strong>1 REFERENDO IGNORADO<\/strong><\/p>\n<p><a href=\"https:\/\/pt.wikipedia.org\/wiki\/Referendo_no_Brasil_em_2005\" target=\"_blank\" rel=\"noopener noreferrer\">Venda de armas: 2005<\/a><\/p>\n<p><strong>13 PRESIDENTES QUE N\u00c3O CONCLU\u00cdRAM O MANDATO<\/strong><\/p>\n<p><a href=\"https:\/\/pt.wikipedia.org\/wiki\/Deodoro_da_Fonseca\" target=\"_blank\" rel=\"noopener noreferrer\">Deodoro: 1891<\/a><br \/>\n<a href=\"https:\/\/pt.wikipedia.org\/wiki\/Afonso_Pena\" target=\"_blank\" rel=\"noopener noreferrer\">Afonso Penha: 1909<\/a><br \/>\n<a href=\"https:\/\/pt.wikipedia.org\/wiki\/Rodrigues_Alves\" target=\"_blank\" rel=\"noopener noreferrer\">Rodrigues Alves: 1918<\/a><br \/>\n<a href=\"https:\/\/pt.wikipedia.org\/wiki\/Washington_Lu%C3%ADs\" target=\"_blank\" rel=\"noopener noreferrer\">Washington Lu\u00eds: 1930<\/a><br \/>\n<a href=\"https:\/\/pt.wikipedia.org\/wiki\/J%C3%BAlio_Prestes\" target=\"_blank\" rel=\"noopener noreferrer\">J\u00falio Prestes: 1930<\/a><br \/>\n<a href=\"https:\/\/pt.wikipedia.org\/wiki\/Get%C3%BAlio_Vargas\" target=\"_blank\" rel=\"noopener noreferrer\">Vargas: 1945 e 1954<\/a><br \/>\n<a href=\"https:\/\/pt.wikipedia.org\/wiki\/Carlos_Luz\" target=\"_blank\" rel=\"noopener noreferrer\">Carlos Luz: 1955<\/a><br \/>\n<a href=\"https:\/\/pt.wikipedia.org\/wiki\/J%C3%A2nio_Quadros\" target=\"_blank\" rel=\"noopener noreferrer\">J\u00e2nio Quadros: 1961<\/a><br \/>\n<a href=\"https:\/\/pt.wikipedia.org\/wiki\/Jo%C3%A3o_Goulart\" target=\"_blank\" rel=\"noopener noreferrer\">Jo\u00e3o Goulart: 1964<\/a><br \/>\n<a href=\"https:\/\/pt.wikipedia.org\/wiki\/Costa_e_Silva\" target=\"_blank\" rel=\"noopener noreferrer\">Costa e Silva: 1969<\/a><br \/>\n<a href=\"https:\/\/pt.wikipedia.org\/wiki\/Tancredo_Neves\" target=\"_blank\" rel=\"noopener noreferrer\">Tancredo Neves: 1985<\/a><br \/>\n<a href=\"https:\/\/pt.wikipedia.org\/wiki\/Fernando_Collor_de_Mello\" target=\"_blank\" rel=\"noopener noreferrer\">Collor: 1992<\/a><br \/>\n<a href=\"https:\/\/pt.wikipedia.org\/wiki\/Dilma_Rousseff\" target=\"_blank\" rel=\"noopener noreferrer\">Dilma: 2016<\/a><\/p>\n<p><strong>31 PRESIDENTES N\u00c3O ELEITOS DIRETAMENTE (tamb\u00e9m considerando posse de interinos)<\/strong><\/p>\n<p><a href=\"https:\/\/pt.wikipedia.org\/wiki\/Deodoro_da_Fonseca\" target=\"_blank\" rel=\"noopener noreferrer\">Deodoro: 1889*<\/a><br \/>\n<a href=\"https:\/\/pt.wikipedia.org\/wiki\/Floriano_Peixoto\" target=\"_blank\" rel=\"noopener noreferrer\">Floriano Peixoto: 1891*<\/a><br \/>\n<a href=\"https:\/\/pt.wikipedia.org\/wiki\/Prudente_de_Morais\" target=\"_blank\" rel=\"noopener noreferrer\">Prudente: 1894*<\/a><br \/>\n<a href=\"https:\/\/pt.wikipedia.org\/wiki\/Campos_Sales\" target=\"_blank\" rel=\"noopener noreferrer\">Campos Sales: 1898*<\/a><br \/>\n<a href=\"https:\/\/pt.wikipedia.org\/wiki\/Rodrigues_Alves\" target=\"_blank\" rel=\"noopener noreferrer\">Rodrigues Alves: 1902*<\/a><br \/>\n<a href=\"https:\/\/pt.wikipedia.org\/wiki\/Afonso_Pena\" target=\"_blank\" rel=\"noopener noreferrer\">Afonso Penha: 1906*<\/a><br \/>\n<a href=\"https:\/\/pt.wikipedia.org\/wiki\/Nilo_Pe%C3%A7anha\" target=\"_blank\" rel=\"noopener noreferrer\">Nilo Pe\u00e7anha: 1909*<\/a><br \/>\n<a href=\"https:\/\/pt.wikipedia.org\/wiki\/Hermes_da_Fonseca\" target=\"_blank\" rel=\"noopener noreferrer\">Fonseca: 1910*<\/a><br \/>\n<a href=\"https:\/\/pt.wikipedia.org\/wiki\/Venceslau_Br%C3%A1s\" target=\"_blank\" rel=\"noopener noreferrer\">Venceslau: 1914*<\/a><br \/>\n<a href=\"https:\/\/pt.wikipedia.org\/wiki\/Rodrigues_Alves\" target=\"_blank\" rel=\"noopener noreferrer\">Rodrigues Alves: 1918*<\/a><br \/>\n<a href=\"https:\/\/pt.wikipedia.org\/wiki\/Delfim_Moreira\" target=\"_blank\" rel=\"noopener noreferrer\">Delfim Moreira: 1918*<\/a><br \/>\n<a href=\"https:\/\/pt.wikipedia.org\/wiki\/Epit%C3%A1cio_Pessoa\" target=\"_blank\" rel=\"noopener noreferrer\">Epit\u00e1cio: 1919*<\/a><br \/>\n<a href=\"https:\/\/pt.wikipedia.org\/wiki\/Artur_Bernardes\" target=\"_blank\" rel=\"noopener noreferrer\">Arthur: 1922*<\/a><br \/>\n<a href=\"https:\/\/pt.wikipedia.org\/wiki\/Washington_Lu%C3%ADs\" target=\"_blank\" rel=\"noopener noreferrer\">Washington Luis: 1926*<\/a><br \/>\n<a href=\"https:\/\/pt.wikipedia.org\/wiki\/J%C3%BAlio_Prestes\" target=\"_blank\" rel=\"noopener noreferrer\">J\u00falio Prestes: 1930*<\/a><br \/>\n<a href=\"https:\/\/pt.wikipedia.org\/wiki\/Get%C3%BAlio_Vargas\" target=\"_blank\" rel=\"noopener noreferrer\">Vargas: 1930<\/a><br \/>\n<a href=\"https:\/\/pt.wikipedia.org\/wiki\/Jos%C3%A9_Linhares\" target=\"_blank\" rel=\"noopener noreferrer\">Jos\u00e9 Linhares: 1945<\/a><br \/>\n<a href=\"https:\/\/pt.wikipedia.org\/wiki\/Caf%C3%A9_Filho\" target=\"_blank\" rel=\"noopener noreferrer\">Caf\u00e9 Filho: 1954<\/a><br \/>\n<a href=\"https:\/\/pt.wikipedia.org\/wiki\/Carlos_Luz\" target=\"_blank\" rel=\"noopener noreferrer\">Carlos Luz: 1955<\/a><br \/>\n<a href=\"https:\/\/pt.wikipedia.org\/wiki\/Nereu_Ramos\" target=\"_blank\" rel=\"noopener noreferrer\">Nereu Ramos: 1955<\/a><br \/>\n<a href=\"https:\/\/pt.wikipedia.org\/wiki\/Ranieri_Mazzilli\" target=\"_blank\" rel=\"noopener noreferrer\">Ranieri Mazilli: 1961<\/a><br \/>\n<a href=\"https:\/\/pt.wikipedia.org\/wiki\/Jo%C3%A3o_Goulart\" target=\"_blank\" rel=\"noopener noreferrer\">Jo\u00e3o Goulart: 1961<\/a><br \/>\n<a href=\"https:\/\/pt.wikipedia.org\/wiki\/Humberto_de_Alencar_Castelo_Branco\" target=\"_blank\" rel=\"noopener noreferrer\">Castelo Branco: 1964<\/a><br \/>\n<a href=\"https:\/\/pt.wikipedia.org\/wiki\/Costa_e_Silva\" target=\"_blank\" rel=\"noopener noreferrer\">Costa e Silva: 1967<\/a><br \/>\n<a href=\"https:\/\/pt.wikipedia.org\/wiki\/Em%C3%ADlio_Garrastazu_M%C3%A9dici\" target=\"_blank\" rel=\"noopener noreferrer\">M\u00e9dici: 1969<\/a><br \/>\n<a href=\"https:\/\/pt.wikipedia.org\/wiki\/Ernesto_Geisel\" target=\"_blank\" rel=\"noopener noreferrer\">Geisel: 1974<\/a><br \/>\n<a href=\"https:\/\/pt.wikipedia.org\/wiki\/Jo%C3%A3o_Figueiredo\" target=\"_blank\" rel=\"noopener noreferrer\">Figueiredo: 1979<\/a><br \/>\n<a href=\"https:\/\/pt.wikipedia.org\/wiki\/Tancredo_Neves\" target=\"_blank\" rel=\"noopener noreferrer\">Tancredo Neves: 1985<\/a><br \/>\n<a href=\"https:\/\/pt.wikipedia.org\/wiki\/Jos%C3%A9_Sarney\" target=\"_blank\" rel=\"noopener noreferrer\">Jos\u00e9 Sarney: 1985<\/a><br \/>\n<a href=\"https:\/\/pt.wikipedia.org\/wiki\/Itamar_Franco\" target=\"_blank\" rel=\"noopener noreferrer\">Itamar Franco: 1992<\/a><br \/>\n<a href=\"https:\/\/pt.wikipedia.org\/wiki\/Michel_Temer\" target=\"_blank\" rel=\"noopener noreferrer\">Michel Temer: 2016<\/a><br \/>\n*Presidentes do Per\u00edodo da Rep\u00fablica Velha marcado pelas fraudes eleitorais e o coronelismo.<\/p>\n<p><strong>31 REVOLTAS E GUERRILHAS<\/strong><\/p>\n<p><a href=\"https:\/\/pt.wikipedia.org\/wiki\/Proclama%C3%A7%C3%A3o_da_Rep%C3%BAblica_do_Brasil\" target=\"_blank\" rel=\"noopener noreferrer\">Golpe Republicano: 1889<\/a><br \/>\n<a href=\"https:\/\/pt.wikipedia.org\/wiki\/Primeira_revolta_de_Boa_Vista\" target=\"_blank\" rel=\"noopener noreferrer\">Primeira Revolta de Boa Vista: 1892-1894<\/a><br \/>\n<a href=\"https:\/\/pt.wikipedia.org\/wiki\/Revolta_da_Armada\" target=\"_blank\" rel=\"noopener noreferrer\">Revolta da Armada: 1892-1894<\/a><br \/>\n<a href=\"https:\/\/pt.wikipedia.org\/wiki\/Revolu%C3%A7%C3%A3o_Federalista\" target=\"_blank\" rel=\"noopener noreferrer\">Revolu\u00e7\u00e3o Federalista: 1893-1895<\/a><br \/>\n<a href=\"https:\/\/pt.wikipedia.org\/wiki\/Revolta_de_Canudos\" target=\"_blank\" rel=\"noopener noreferrer\">Revolta de Canudos: 1893-1897<\/a><br \/>\n<a href=\"https:\/\/pt.wikipedia.org\/wiki\/Rep%C3%BAblica_de_Cunani\" target=\"_blank\" rel=\"noopener noreferrer\">Rep\u00fablica de Cunani: 1895-1900<\/a><br \/>\n<a href=\"https:\/\/pt.wikipedia.org\/wiki\/Revolu%C3%A7%C3%A3o_Acriana\" target=\"_blank\" rel=\"noopener noreferrer\">Revolu\u00e7\u00e3o Acreana: 1898-1903<\/a><br \/>\n<a href=\"https:\/\/pt.wikipedia.org\/wiki\/Revolta_da_Vacina\" target=\"_blank\" rel=\"noopener noreferrer\">Revolta da Vacina: 1904<\/a><br \/>\n<a href=\"https:\/\/pt.wikipedia.org\/wiki\/Segunda_revolta_de_Boa_Vista\" target=\"_blank\" rel=\"noopener noreferrer\">Segunda Revolta de Boa Vista: 1907-1909<\/a><br \/>\n<a href=\"https:\/\/pt.wikipedia.org\/wiki\/Revolta_da_Chibata\" target=\"_blank\" rel=\"noopener noreferrer\">Revolta da Chibata: 1910<\/a><br \/>\n<a href=\"https:\/\/pt.wikipedia.org\/wiki\/Guerra_do_Contestado\" target=\"_blank\" rel=\"noopener noreferrer\">Guerra do Contestado: 1912-1916<\/a><br \/>\n<a href=\"https:\/\/pt.wikipedia.org\/wiki\/Sedi%C3%A7%C3%A3o_de_Juazeiro\" target=\"_blank\" rel=\"noopener noreferrer\">Sedi\u00e7\u00e3o de Juazeiro: 1914<\/a><br \/>\n<a href=\"https:\/\/pt.wikipedia.org\/wiki\/Greves_oper%C3%A1rias\" target=\"_blank\" rel=\"noopener noreferrer\">Greves Oper\u00e1rias: 1917-1919<\/a><br \/>\n<a href=\"https:\/\/pt.wikipedia.org\/wiki\/Lutas_e_revolu%C3%A7%C3%B5es_no_Brasil#S.C3.A9culo_XX\" target=\"_blank\" rel=\"noopener noreferrer\">Levante Sertanejo: 1919-1930<\/a><br \/>\n<a href=\"https:\/\/pt.wikipedia.org\/wiki\/Revolta_dos_18_do_Forte_de_Copacabana\" target=\"_blank\" rel=\"noopener noreferrer\">Revolta dos Dezoito do Forte: 1922<\/a><br \/>\n<a href=\"https:\/\/pt.wikipedia.org\/wiki\/Revolu%C3%A7%C3%A3o_de_1923\" target=\"_blank\" rel=\"noopener noreferrer\">Revolu\u00e7\u00e3o Libertadora: 1923<\/a><br \/>\n<a href=\"https:\/\/pt.wikipedia.org\/wiki\/Coluna_Prestes\" target=\"_blank\" rel=\"noopener noreferrer\">Coluna Prestes: 1923-1925<\/a><br \/>\n<a href=\"https:\/\/pt.wikipedia.org\/wiki\/Revolta_Paulista_de_1924\" target=\"_blank\" rel=\"noopener noreferrer\">Revolta Paulista: 1924<\/a><br \/>\n<a href=\"https:\/\/pt.wikipedia.org\/wiki\/Lutas_e_revolu%C3%A7%C3%B5es_no_Brasil#S.C3.A9culo_XX\" target=\"_blank\" rel=\"noopener noreferrer\">Revolta de Princesa: 1930<\/a><br \/>\n<a href=\"https:\/\/pt.wikipedia.org\/wiki\/Revolu%C3%A7%C3%A3o_de_1930\" target=\"_blank\" rel=\"noopener noreferrer\">Revolu\u00e7\u00e3o de 1930: 1930<\/a><br \/>\n<a href=\"https:\/\/pt.wikipedia.org\/wiki\/Revolu%C3%A7%C3%A3o_Constitucionalista_de_1932\" target=\"_blank\" rel=\"noopener noreferrer\">Revolu\u00e7\u00e3o Constitucionalista: 1932<\/a><br \/>\n<a href=\"https:\/\/pt.wikipedia.org\/wiki\/Lutas_e_revolu%C3%A7%C3%B5es_no_Brasil#S.C3.A9culo_XX\" target=\"_blank\" rel=\"noopener noreferrer\">Revolta Mineira: 1935-1936<\/a><br \/>\n<a href=\"https:\/\/pt.wikipedia.org\/wiki\/Intentona_Comunista\" target=\"_blank\" rel=\"noopener noreferrer\">Intentona Comunista: 1935<\/a><br \/>\n<a href=\"https:\/\/pt.wikipedia.org\/wiki\/Caldeir%C3%A3o_de_Santa_Cruz_do_Deserto\" target=\"_blank\" rel=\"noopener noreferrer\">Caldeir\u00e3o de Santa Cruz do Deserto: 1937<\/a><br \/>\n<a href=\"https:\/\/pt.wikipedia.org\/wiki\/Revolta_das_Barcas\" target=\"_blank\" rel=\"noopener noreferrer\">Revolta das Barcas: 1959<\/a><br \/>\n<a href=\"https:\/\/pt.wikipedia.org\/wiki\/Golpe_militar_de_1964\" target=\"_blank\" rel=\"noopener noreferrer\">Contra-Golpe Militar contra comunismo: 1964<\/a><br \/>\n<a href=\"https:\/\/pt.wikipedia.org\/wiki\/Luta_armada\" target=\"_blank\" rel=\"noopener noreferrer\">Luta Armada: 1965-1972<\/a><br \/>\n<a href=\"https:\/\/pt.wikipedia.org\/wiki\/Guerrilha_de_Tr%C3%AAs_Passos\" target=\"_blank\" rel=\"noopener noreferrer\">Guerrilha de Tr\u00eas Passos: 1965<\/a><br \/>\n<a href=\"https:\/\/pt.wikipedia.org\/wiki\/Guerrilha_do_Capara%C3%B3\" target=\"_blank\" rel=\"noopener noreferrer\">Guerrilha do Capara\u00f3: 1967<\/a><br \/>\n<a href=\"https:\/\/pt.wikipedia.org\/wiki\/Guerrilha_do_Araguaia\" target=\"_blank\" rel=\"noopener noreferrer\">Guerrilha do Araguaia: 1967-1974<\/a><br \/>\n<a href=\"https:\/\/pt.wikipedia.org\/wiki\/Revolta_dos_Perdidos\" target=\"_blank\" rel=\"noopener noreferrer\">Revolta dos Perdidos: 1976<\/a><\/p>\n<p>E voc\u00ea a\u00ed achando que pro Brasil melhorar \u00e9 s\u00f3 votar na pessoa certa.<\/p>\n","protected":false},"excerpt":{"rendered":"<p>O socialismo impregnado e perpassando nossa constitui\u00e7\u00e3o desde 1.934 \u00e9 um c\u00e2ncer que inviabilizou qualquer possibilidade de consertar qualquer erro de curso na rep\u00fablica. Sem&#8230;<\/p>\n","protected":false},"author":1,"featured_media":1588,"comment_status":"open","ping_status":"open","sticky":false,"template":"","format":"standard","meta":[],"categories":[3,2],"tags":[],"_links":{"self":[{"href":"http:\/\/acaopolitica.com\/index.php\/wp-json\/wp\/v2\/posts\/1587"}],"collection":[{"href":"http:\/\/acaopolitica.com\/index.php\/wp-json\/wp\/v2\/posts"}],"about":[{"href":"http:\/\/acaopolitica.com\/index.php\/wp-json\/wp\/v2\/types\/post"}],"author":[{"embeddable":true,"href":"http:\/\/acaopolitica.com\/index.php\/wp-json\/wp\/v2\/users\/1"}],"replies":[{"embeddable":true,"href":"http:\/\/acaopolitica.com\/index.php\/wp-json\/wp\/v2\/comments?post=1587"}],"version-history":[{"count":9,"href":"http:\/\/acaopolitica.com\/index.php\/wp-json\/wp\/v2\/posts\/1587\/revisions"}],"predecessor-version":[{"id":1599,"href":"http:\/\/acaopolitica.com\/index.php\/wp-json\/wp\/v2\/posts\/1587\/revisions\/1599"}],"wp:featuredmedia":[{"embeddable":true,"href":"http:\/\/acaopolitica.com\/index.php\/wp-json\/wp\/v2\/media\/1588"}],"wp:attachment":[{"href":"http:\/\/acaopolitica.com\/index.php\/wp-json\/wp\/v2\/media?parent=1587"}],"wp:term":[{"taxonomy":"category","embeddable":true,"href":"http:\/\/acaopolitica.com\/index.php\/wp-json\/wp\/v2\/categories?post=1587"},{"taxonomy":"post_tag","embeddable":true,"href":"http:\/\/acaopolitica.com\/index.php\/wp-json\/wp\/v2\/tags?post=1587"}],"curies":[{"name":"wp","href":"https:\/\/api.w.org\/{rel}","templated":true}]}}