{"id":1596,"date":"2017-05-28T16:00:11","date_gmt":"2017-05-28T16:00:11","guid":{"rendered":"http:\/\/acaopolitica.com\/?p=1596"},"modified":"2017-05-28T16:00:35","modified_gmt":"2017-05-28T16:00:35","slug":"comemorando-o-obvio-e-ululante-03","status":"publish","type":"post","link":"http:\/\/acaopolitica.com\/index.php\/2017\/05\/28\/comemorando-o-obvio-e-ululante-03\/","title":{"rendered":"Comemorando o \u00f3bvio e ululante &#8211; 03"},"content":{"rendered":"<p style=\"text-align: center;\"><span style=\"color: #ff0000;\">Que tal procurarmos reformar os homens, ao inv\u00e9s de culparmos as institui\u00e7\u00f5es (Roberto Campos)<\/span><\/p>\n<p style=\"text-align: justify;\"><span style=\"color: #0000ff;\">Ap\u00f3s um ano do atual governo de plant\u00e3o, sem considerarmos os crimes descobertos com a fita da JBS, o Brasil est\u00e1 comemorando o \u00f3bvio e o ululante: uma baixa press\u00e3o inflacion\u00e1ria para um corpo econ\u00f4mico em estado de coma.<\/span><\/p>\n<p style=\"text-align: justify;\"><span style=\"color: #0000ff;\">&#8211; Em abril de 2016 a taxa SELIC era de 14,25% ao ano e a infla\u00e7\u00e3o anualizada, na mesma data, era de 9,2783% (ganho real dos investidores de 4,97%ao ano). Em abril de 2017 a taxa SELIC estava em 11,25% ao ano e a infla\u00e7\u00e3o anualizada, na mesma data, em 4,0825% (ganho real dos investidores de 7,17% ao ano). Com um aumento do ganho real dos investidores de 44,26% em um ano. Como o Brasil est\u00e1 operando em \u201cgrau de especula\u00e7\u00e3o\u201d, e n\u00e3o \u201cgrau de investimentos\u201d, segundo as ag\u00eancias de riscos, o mercado financeiro est\u00e1 comemorando seus ganhos astron\u00f4micos pagando aos doutos brasileiros ilustres, com seus t\u00edtulos, cargos e patentes para venderem a ilus\u00e3o do sucesso econ\u00f4mico do Brasil, e provarem que o Brasil est\u00e1 no caminho certo.<\/span><\/p>\n<p style=\"text-align: justify;\"><span style=\"color: #0000ff;\">&#8211; Na an\u00e1lise do 1\u00b0 bimestre de 2017 do acompanhamento dos limites dos gastos p\u00fablicos apresentou uma expectativa de deficit fiscal prim\u00e1rio (n\u00e3o considerando os juros) da ordem de R$ 197,2 bilh\u00f5es, sendo de R$ 58,2 bilh\u00f5es acima da meta or\u00e7ament\u00e1ria de deficit fiscal prim\u00e1rio (n\u00e3o considerando os juros) de R$ 139,0 bilh\u00f5es para o ano de 2017. Com as novas previs\u00f5es de cortes or\u00e7ament\u00e1rios, na an\u00e1lise do 2\u00b0 bimestre de 2017 o deficit voltou para a meta prevista, mas caber\u00e1 saber se um governo em estado de putrefa\u00e7\u00e3o ter\u00e1 condi\u00e7\u00f5es de promover tamanho corte or\u00e7ament\u00e1rio em uma economia em estado de coma econ\u00f4mico.<\/span><\/p>\n<p style=\"text-align: justify;\"><span style=\"color: #0000ff;\">&#8211; Em abril de 2016 a d\u00edvida l\u00edquida da Uni\u00e3o (Interna e Externa L\u00edquida) era de R$ 4.097,4 Bilh\u00f5es (65,38% do PIB). Em abril de 2017 era de R$ 4.870,4 bilh\u00f5es (76,95% do PIB). Crescimento real em rela\u00e7\u00e3o ao PIB de 17,70% em um ano do governo.<\/span><\/p>\n<p style=\"text-align: justify;\"><span style=\"color: #0000ff;\">&#8211; Em abril de 2016 a d\u00edvida interna da Uni\u00e3o carregada pelo Banco Central do Brasil em carteira era de R$ 1.297,6 bilh\u00f5es (20,70% do PIB), em abril de 2017 estava em R$ 1.625,9 (25,69% do PIB), crescimento real em rela\u00e7\u00e3o ao PIB de 24,11%, sendo essa a parte mais importante da d\u00edvida, visto que nada mais \u00e9 do que uma \u201cpedalada oficial\u201d (aumento disfar\u00e7ado de base monet\u00e1ria, ou emiss\u00e3o de dinheiro falso) que n\u00e3o existiria se o Banco Central fosse independente. Vejam que o crescimento da d\u00edvida est\u00e1 ocorrendo apenas com t\u00edtulos em carteira do Banco Central, visto que as novas emiss\u00f5es do governo, n\u00e3o est\u00e3o sendo comprados pelo mercado, por serem considerados falsos, que no futuro ser\u00e3o considerados \u201ccr\u00e9ditos podres\u201d.<\/span><\/p>\n<p style=\"text-align: justify;\"><span style=\"color: #0000ff;\">&#8211; A taxa de desemprego medida pela PNAD cont\u00ednua era de 10,9% no trimestre janeiro\/mar\u00e7o de 2016 e foi de 13,7% no trimestre janeiro\/mar\u00e7o de 2017. Crescimento de 25,69% no per\u00edodo.<\/span><\/p>\n<p style=\"text-align: justify;\"><span style=\"color: #ff0000;\">Por isso, e somente por isso, a imensa maioria da elite brasileira por omiss\u00e3o, covardia ou coniv\u00eancia prefere dizer que n\u00e3o entende de economia para ficar isenta de responsabilidade com a trag\u00e9dia brasileira acima colocada, com base nas informa\u00e7\u00f5es oficiais do governo brasileiro.<\/span><\/p>\n<p style=\"text-align: justify;\"><span style=\"color: #0000ff;\">Ricardo Bergamini<\/span><br \/>\n<span style=\"color: #0000ff;\">(48) 99636-7322<\/span><br \/>\n<span style=\"color: #0000ff;\">(48) 99976-6974<\/span><br \/>\n<span style=\"color: #0000ff;\"><a style=\"color: #0000ff;\" href=\"mailto:ricardobergamini@ricardobergamini.com.br\" target=\"_blank\" rel=\"noopener noreferrer\">ricardobergamini@ ricardobergamini.com.br<\/a><\/span><br \/>\n<span style=\"color: #0000ff;\"><a style=\"color: #0000ff;\" href=\"http:\/\/www.ricardobergamini.com.br\" target=\"_blank\" rel=\"noopener noreferrer\">www.ricardobergamini.com.br<\/a><\/span><\/p>\n<p>&nbsp;<\/p>\n","protected":false},"excerpt":{"rendered":"<p>Que tal procurarmos reformar os homens, ao inv\u00e9s de culparmos as institui\u00e7\u00f5es (Roberto Campos) Ap\u00f3s um ano do atual governo de plant\u00e3o, sem considerarmos os&#8230;<\/p>\n","protected":false},"author":18,"featured_media":1140,"comment_status":"open","ping_status":"open","sticky":false,"template":"","format":"standard","meta":[],"categories":[10],"tags":[],"_links":{"self":[{"href":"http:\/\/acaopolitica.com\/index.php\/wp-json\/wp\/v2\/posts\/1596"}],"collection":[{"href":"http:\/\/acaopolitica.com\/index.php\/wp-json\/wp\/v2\/posts"}],"about":[{"href":"http:\/\/acaopolitica.com\/index.php\/wp-json\/wp\/v2\/types\/post"}],"author":[{"embeddable":true,"href":"http:\/\/acaopolitica.com\/index.php\/wp-json\/wp\/v2\/users\/18"}],"replies":[{"embeddable":true,"href":"http:\/\/acaopolitica.com\/index.php\/wp-json\/wp\/v2\/comments?post=1596"}],"version-history":[{"count":1,"href":"http:\/\/acaopolitica.com\/index.php\/wp-json\/wp\/v2\/posts\/1596\/revisions"}],"predecessor-version":[{"id":1597,"href":"http:\/\/acaopolitica.com\/index.php\/wp-json\/wp\/v2\/posts\/1596\/revisions\/1597"}],"wp:featuredmedia":[{"embeddable":true,"href":"http:\/\/acaopolitica.com\/index.php\/wp-json\/wp\/v2\/media\/1140"}],"wp:attachment":[{"href":"http:\/\/acaopolitica.com\/index.php\/wp-json\/wp\/v2\/media?parent=1596"}],"wp:term":[{"taxonomy":"category","embeddable":true,"href":"http:\/\/acaopolitica.com\/index.php\/wp-json\/wp\/v2\/categories?post=1596"},{"taxonomy":"post_tag","embeddable":true,"href":"http:\/\/acaopolitica.com\/index.php\/wp-json\/wp\/v2\/tags?post=1596"}],"curies":[{"name":"wp","href":"https:\/\/api.w.org\/{rel}","templated":true}]}}