{"id":1600,"date":"2017-05-30T02:43:30","date_gmt":"2017-05-30T02:43:30","guid":{"rendered":"http:\/\/acaopolitica.com\/?p=1600"},"modified":"2017-05-30T02:43:30","modified_gmt":"2017-05-30T02:43:30","slug":"audiencia-publica-plano-de-mobilidade-urbana-blumenausc-30052017","status":"publish","type":"post","link":"http:\/\/acaopolitica.com\/index.php\/2017\/05\/30\/audiencia-publica-plano-de-mobilidade-urbana-blumenausc-30052017\/","title":{"rendered":"Audi\u00eancia P\u00fablica &#8211; Plano de Mobilidade Urbana &#8211; Blumenau\/SC &#8211; 30\/05\/2017"},"content":{"rendered":"<p style=\"text-align: center;\"><strong>AUDI\u00caNCIA P\u00daBLICA<\/strong><\/p>\n<p style=\"text-align: justify;\">da ETAPA DE PROGN\u00d3STICO do PLANO DE MOBILIDADE URBANA DE BLUMENAU, a realizar-se no dia 30 de maio de 2017, das 19:00 \u00e0s 22:00 horas, na C\u00e2mara de Vereadores \u2013 Rua XV de Novembro, n\u00ba. 55, bairro Centro, nesta cidade, com a finalidade de apresentar e discutir com \u00e0 comunidade o relat\u00f3rio de Progn\u00f3stico, objetivando democratizar, conferir transpar\u00eancia e assegurar a participa\u00e7\u00e3o popular no processo de elabora\u00e7\u00e3o do referido plano.<\/p>\n<p style=\"text-align: justify;\">Documenta\u00e7\u00f5es:<\/p>\n<p style=\"text-align: justify; padding-left: 30px;\"><a href=\"http:\/\/acaopolitica.com\/wp-content\/uploads\/2017\/05\/EDITAL.pdf\">1 &#8211; EDITAL<\/a><\/p>\n<p style=\"text-align: justify; padding-left: 30px;\"><a href=\"http:\/\/acaopolitica.com\/wp-content\/uploads\/2017\/05\/REGIMENTO-INTERNO-AUDI\u00caNCIA.pdf\">2 &#8211; REGIMENTO INTERNO AUDI\u00caNCIA<\/a><\/p>\n<p style=\"text-align: justify; padding-left: 30px;\"><a href=\"http:\/\/acaopolitica.com\/wp-content\/plugins\/pdfjs-viewer-shortcode\/pdfjs\/web\/viewer.php?file=http%3A%2F%2Facaopolitica.com%2Fwp-content%2Fuploads%2F2017%2F05%2FRelat%C3%B3rio-de-Progn%C3%B3stico_RT-0002_R02.pdf&download=true&print=true&openfile=false\">View Fullscreen<\/a><br><iframe width=\"100%\" height=\"1360px\" src=\"http:\/\/acaopolitica.com\/wp-content\/plugins\/pdfjs-viewer-shortcode\/pdfjs\/web\/viewer.php?file=http%3A%2F%2Facaopolitica.com%2Fwp-content%2Fuploads%2F2017%2F05%2FRelat%C3%B3rio-de-Progn%C3%B3stico_RT-0002_R02.pdf&download=true&print=true&openfile=false\"><\/iframe> \n<p style=\"text-align: justify;\">\n","protected":false},"excerpt":{"rendered":"<p>AUDI\u00caNCIA P\u00daBLICA da ETAPA DE PROGN\u00d3STICO do PLANO DE MOBILIDADE URBANA DE BLUMENAU, a realizar-se no dia 30 de maio de 2017, das 19:00 \u00e0s&#8230;<\/p>\n","protected":false},"author":1,"featured_media":1601,"comment_status":"open","ping_status":"open","sticky":false,"template":"","format":"standard","meta":[],"categories":[11],"tags":[],"_links":{"self":[{"href":"http:\/\/acaopolitica.com\/index.php\/wp-json\/wp\/v2\/posts\/1600"}],"collection":[{"href":"http:\/\/acaopolitica.com\/index.php\/wp-json\/wp\/v2\/posts"}],"about":[{"href":"http:\/\/acaopolitica.com\/index.php\/wp-json\/wp\/v2\/types\/post"}],"author":[{"embeddable":true,"href":"http:\/\/acaopolitica.com\/index.php\/wp-json\/wp\/v2\/users\/1"}],"replies":[{"embeddable":true,"href":"http:\/\/acaopolitica.com\/index.php\/wp-json\/wp\/v2\/comments?post=1600"}],"version-history":[{"count":1,"href":"http:\/\/acaopolitica.com\/index.php\/wp-json\/wp\/v2\/posts\/1600\/revisions"}],"predecessor-version":[{"id":1606,"href":"http:\/\/acaopolitica.com\/index.php\/wp-json\/wp\/v2\/posts\/1600\/revisions\/1606"}],"wp:featuredmedia":[{"embeddable":true,"href":"http:\/\/acaopolitica.com\/index.php\/wp-json\/wp\/v2\/media\/1601"}],"wp:attachment":[{"href":"http:\/\/acaopolitica.com\/index.php\/wp-json\/wp\/v2\/media?parent=1600"}],"wp:term":[{"taxonomy":"category","embeddable":true,"href":"http:\/\/acaopolitica.com\/index.php\/wp-json\/wp\/v2\/categories?post=1600"},{"taxonomy":"post_tag","embeddable":true,"href":"http:\/\/acaopolitica.com\/index.php\/wp-json\/wp\/v2\/tags?post=1600"}],"curies":[{"name":"wp","href":"https:\/\/api.w.org\/{rel}","templated":true}]}}