{"id":1607,"date":"2017-05-30T03:44:02","date_gmt":"2017-05-30T03:44:02","guid":{"rendered":"http:\/\/acaopolitica.com\/?p=1607"},"modified":"2017-05-30T03:44:20","modified_gmt":"2017-05-30T03:44:20","slug":"conselho-nacional-de-justica-julgara-sergio-moro-por-reclamacoes-disciplinares","status":"publish","type":"post","link":"http:\/\/acaopolitica.com\/index.php\/2017\/05\/30\/conselho-nacional-de-justica-julgara-sergio-moro-por-reclamacoes-disciplinares\/","title":{"rendered":"Conselho Nacional de Justi\u00e7a &#8220;julgar\u00e1&#8221; S\u00e9rgio Moro &#8211; 30\/05"},"content":{"rendered":"<p style=\"text-align: justify;\">Nesta ter\u00e7a-feira (dia 30) Conselho Nacional de Justi\u00e7a &#8220;julgar\u00e1&#8221; S\u00e9rgio Moro por &#8220;reclama\u00e7\u00f5es disciplinares&#8221; referentes \u00e0 divulga\u00e7\u00e3o dos \u00e1udios entre o Lular\u00e1pio e a BanDilma Rousseff.<\/p>\n<p style=\"text-align: justify;\">A sess\u00e3o, que acontece a partir das 9 horas, ser\u00e1 transmitida pela TV Plen\u00e1rio.<span class=\"text_exposed_show\"><br \/>\n<\/span><\/p>\n<p style=\"text-align: justify;\">No Youtube:<\/p>\n<p><a href=\"https:\/\/www.youtube.com\/user\/cnj\" target=\"_blank\" rel=\"noopener noreferrer\">https:\/\/www.youtube.com\/user\/cnj<\/a><\/p>\n<p>No portal:<\/p>\n<p><a href=\"http:\/\/www.cnj.jus.br\/tv-plenario\" target=\"_blank\" rel=\"noopener noreferrer\">http:\/\/www.cnj.jus.br\/tv-plenario<\/a><\/p>\n<p>Pauta da sess\u00e3o:<\/p>\n<p><a href=\"http:\/\/www.cnj.jus.br\/pautas-das-sessoes\/pautas-presenciais\/84830-pauta-de-julgamentos-de-30-de-maio-de-2017-252-sessao-ordinaria\" target=\"_blank\" rel=\"noopener noreferrer\">http:\/\/www.cnj.jus.br\/pautas-das-sessoes\/pautas-presenciais\/84830-pauta-de-julgamentos-de-30-de-maio-de-2017-252-sessao-ordinaria<\/a><\/p>\n<p>Itens da pauta envolvendo o nome do Juiz S\u00e9rgio Moro s\u00e3o os de n\u00famero 94 e 95.<\/p>\n<p>Requerentes (pilantras) do item 94:<\/p>\n<ul>\n<li>JANDIRA FEGHALI<\/li>\n<li>HENRIQUE FONTANA JUNIOR<\/li>\n<li>WADIH DAMOUS<\/li>\n<li>AFONSO FLORENCE<\/li>\n<li>PAULO ROBERTO SEVERO PIMENTA<\/li>\n<li>GILBERTO JOS\u00c9 SPIER VARGAS<\/li>\n<li>LUIZ PAULO TEIXEIRA FERREIRA<\/li>\n<\/ul>\n<p>Requerentes (pilantras) do item 95:<\/p>\n<ul>\n<li>\u00c2NGELA MARIA GOMES PORTELA<\/li>\n<li>DIVINO DONIZETI BORGES NOGUEIRA<\/li>\n<li>MARIA DE F\u00c1TIMA BEZERRA<\/li>\n<li>GLEISI HELENA HOFFMANN<\/li>\n<li>JORGE NEY VIANA MACEDO NEVES<\/li>\n<li>JOS\u00c9 BARROSO PIMENTEL<\/li>\n<li>LIDICE DE MATA E SOUZA<\/li>\n<li>LUIZ LINDBERGH FARIAS FILHO<\/li>\n<li>MARIA REGINA SOUSA<\/li>\n<li>PAULO ROBERTO GALV\u00c3O DA ROCHA<\/li>\n<li>HUMERTO S\u00c9RGIO COSTA LIMA<\/li>\n<li>VANESSA GRAZZIONTIN<\/li>\n<\/ul>\n<p>&nbsp;<\/p>\n","protected":false},"excerpt":{"rendered":"<p>Nesta ter\u00e7a-feira (dia 30) Conselho Nacional de Justi\u00e7a &#8220;julgar\u00e1&#8221; S\u00e9rgio Moro por &#8220;reclama\u00e7\u00f5es disciplinares&#8221; referentes \u00e0 divulga\u00e7\u00e3o dos \u00e1udios entre o Lular\u00e1pio e a BanDilma&#8230;<\/p>\n","protected":false},"author":1,"featured_media":1608,"comment_status":"open","ping_status":"open","sticky":false,"template":"","format":"standard","meta":[],"categories":[2],"tags":[],"_links":{"self":[{"href":"http:\/\/acaopolitica.com\/index.php\/wp-json\/wp\/v2\/posts\/1607"}],"collection":[{"href":"http:\/\/acaopolitica.com\/index.php\/wp-json\/wp\/v2\/posts"}],"about":[{"href":"http:\/\/acaopolitica.com\/index.php\/wp-json\/wp\/v2\/types\/post"}],"author":[{"embeddable":true,"href":"http:\/\/acaopolitica.com\/index.php\/wp-json\/wp\/v2\/users\/1"}],"replies":[{"embeddable":true,"href":"http:\/\/acaopolitica.com\/index.php\/wp-json\/wp\/v2\/comments?post=1607"}],"version-history":[{"count":2,"href":"http:\/\/acaopolitica.com\/index.php\/wp-json\/wp\/v2\/posts\/1607\/revisions"}],"predecessor-version":[{"id":1610,"href":"http:\/\/acaopolitica.com\/index.php\/wp-json\/wp\/v2\/posts\/1607\/revisions\/1610"}],"wp:featuredmedia":[{"embeddable":true,"href":"http:\/\/acaopolitica.com\/index.php\/wp-json\/wp\/v2\/media\/1608"}],"wp:attachment":[{"href":"http:\/\/acaopolitica.com\/index.php\/wp-json\/wp\/v2\/media?parent=1607"}],"wp:term":[{"taxonomy":"category","embeddable":true,"href":"http:\/\/acaopolitica.com\/index.php\/wp-json\/wp\/v2\/categories?post=1607"},{"taxonomy":"post_tag","embeddable":true,"href":"http:\/\/acaopolitica.com\/index.php\/wp-json\/wp\/v2\/tags?post=1607"}],"curies":[{"name":"wp","href":"https:\/\/api.w.org\/{rel}","templated":true}]}}