{"id":1617,"date":"2017-06-01T21:33:32","date_gmt":"2017-06-01T21:33:32","guid":{"rendered":"http:\/\/acaopolitica.com\/?p=1617"},"modified":"2017-06-01T21:34:32","modified_gmt":"2017-06-01T21:34:32","slug":"pib-acumula-queda-de-23-nos-quatro-ultimos-trimestres-03","status":"publish","type":"post","link":"http:\/\/acaopolitica.com\/index.php\/2017\/06\/01\/pib-acumula-queda-de-23-nos-quatro-ultimos-trimestres-03\/","title":{"rendered":"PIB acumula queda de 2,3% nos quatro \u00faltimos trimestres &#8211; 03"},"content":{"rendered":"<p style=\"text-align: justify;\"><span style=\"color: #ff0000;\">\u201cSenso Pol\u00edtico\u201d, no Brasil, parece ser a arte de escamotear problemas e fingir solu\u00e7\u00f5es (Roberto Campos).<\/span><\/p>\n<p style=\"text-align: justify;\"><span style=\"color: #ff0000;\">Na mar\u00e9 do progresso, a nave Brasil est\u00e1 parada. H\u00e1 muito tempo n\u00e3o temos bons pilotos (Roberto Campos).<\/span><\/p>\n<p style=\"text-align: justify;\"><span style=\"color: #ff0000;\">Prezados Senhores<\/span><\/p>\n<p style=\"text-align: justify;\"><span style=\"color: #ff0000;\">No acumulado dos quatro trimestres terminados no primeiro trimestre de 2017, o PIB teve queda de\u00a02,3%\u00a0em rela\u00e7\u00e3o aos quatro trimestres imediatamente anteriores.<\/span><\/p>\n<p style=\"text-align: justify;\"><span style=\"color: #ff0000;\">A taxa de investimento no primeiro trimestre de 2017 foi de 15,6% do PIB, abaixo da observada no mesmo per\u00edodo do ano anterior (16,8%) e a menor na s\u00e9rie hist\u00f3rica desde o ano de 2000.<\/span><\/p>\n<p style=\"text-align: justify;\"><span style=\"color: #ff0000;\">Com esses n\u00fameros minha proje\u00e7\u00e3o continua sendo de queda de 2,5% do PIB no ano de 2017. Lembrando que no or\u00e7amento foi de crescimento de 1,6% j\u00e1 revista em abril para crescimento de 0,5,%.<\/span><\/p>\n<p style=\"text-align: center;\"><span style=\"color: #0000ff;\">Contas Nacionais Trimestrais \u2013 Fonte IBGE<\/span><\/p>\n<p style=\"text-align: center;\"><span style=\"color: #ff0000;\">Base: primeiro trimestre de 2017<\/span><\/p>\n<p style=\"text-align: justify;\"><span style=\"color: #0000ff;\">PIB sobe 1,0% no primeiro trimestre de 2017\u00a0<\/span><\/p>\n<p style=\"text-align: justify;\"><span style=\"color: #0000ff;\">No primeiro trimestre de 2017, o Produto Interno Bruto (PIB)\u00a0cresceu 1,0%\u00a0em rela\u00e7\u00e3o ao quarto trimestre de 2016, na s\u00e9rie com ajuste sazonal. Esta foi a primeira alta nessa compara\u00e7\u00e3o, ap\u00f3s oito trimestres consecutivos de queda. Na compara\u00e7\u00e3o com igual per\u00edodo de 2016, o PIB\u00a0recuou\u00a00,4%. No acumulado dos quatro trimestres terminados no primeiro trimestre de 2017, o PIB teve queda de\u00a02,3%\u00a0em rela\u00e7\u00e3o aos quatro trimestres imediatamente anteriores.<\/span><\/p>\n<p style=\"text-align: justify;\"><span style=\"color: #0000ff;\">Em valores correntes, o PIB no primeiro trimestre de mar\u00e7o de 2017 totalizou\u00a0R$ 1,6 trilh\u00e3o. A taxa de investimento no primeiro trimestre de 2017 foi de 15,6% do PIB, abaixo da observada no mesmo per\u00edodo do ano anterior (16,8%). A taxa de poupan\u00e7a foi de 15,7%, ante 13,9% no mesmo per\u00edodo de 2016.<\/span><\/p>\n<p style=\"text-align: center;\"><span style=\"color: #0000ff;\">TABELA I. 1 &#8211; Principais resultados do PIB a pre\u00e7os de mercado do 1\u00ba Trimestre de 2016 ao 1\u00ba Trimestre de 2017<\/span><\/p>\n<table width=\"626\">\n<tbody>\n<tr>\n<td width=\"534\"><span style=\"color: #0000ff;\">Taxas (%)<\/span><\/td>\n<td width=\"10\"><strong><em>2016. I<\/em><\/strong><\/td>\n<td width=\"59\"><strong><em>2016. II<\/em><\/strong><\/td>\n<td width=\"61\"><strong><em>2016. III<\/em><\/strong><\/td>\n<td width=\"60\"><strong><em>2016. IV<\/em><\/strong><\/td>\n<td width=\"210\"><strong><em>2017. I<\/em><\/strong><\/td>\n<\/tr>\n<tr>\n<td width=\"534\"><strong><em>Acumulado ao longo do ano \/ mesmo per\u00edodo do ano anterior<\/em><\/strong><\/td>\n<td width=\"10\"><strong><em>-5,4<\/em><\/strong><\/td>\n<td width=\"59\"><strong><em>-4,5<\/em><\/strong><\/td>\n<td width=\"61\"><strong><em>-4,0<\/em><\/strong><\/td>\n<td width=\"60\"><strong><em>-3,6<\/em><\/strong><\/td>\n<td width=\"210\"><strong><em>-0,4<\/em><\/strong><\/td>\n<\/tr>\n<tr>\n<td width=\"534\"><strong><em>\u00daltimos quatro trimestres \/ quatro trimestres imediatamente anteriores<\/em><\/strong><\/td>\n<td width=\"10\"><strong><em>-4,7<\/em><\/strong><\/td>\n<td width=\"59\"><strong><em>-4,8<\/em><\/strong><\/td>\n<td width=\"61\"><strong><em>-4,4<\/em><\/strong><\/td>\n<td width=\"60\"><strong><em>-3,6<\/em><\/strong><\/td>\n<td width=\"210\"><strong><em>-2,3<\/em><\/strong><\/td>\n<\/tr>\n<tr>\n<td width=\"534\"><strong><em>Trimestre \/ mesmo trimestre do ano anterior\u00a0<\/em><\/strong><\/td>\n<td width=\"10\"><strong><em>-5,4<\/em><\/strong><\/td>\n<td width=\"59\"><strong><em>-3,6<\/em><\/strong><\/td>\n<td width=\"61\"><strong><em>-2,9<\/em><\/strong><\/td>\n<td width=\"60\"><strong><em>-2,5<\/em><\/strong><\/td>\n<td width=\"210\"><strong><em>-0,4<\/em><\/strong><\/td>\n<\/tr>\n<tr>\n<td width=\"534\"><strong><em>Trimestre \/ trimestre imediatamente anterior (com ajuste sazonal)\u00a0<\/em><\/strong><\/td>\n<td width=\"10\"><strong><em>-1,0<\/em><\/strong><\/td>\n<td width=\"59\"><strong><em>-0,3<\/em><\/strong><\/td>\n<td width=\"61\"><strong><em>-0,6<\/em><\/strong><\/td>\n<td width=\"60\"><strong><em>-0,5<\/em><\/strong><\/td>\n<td width=\"210\"><strong><em>1,0<\/em><\/strong><\/td>\n<\/tr>\n<\/tbody>\n<\/table>\n<p style=\"text-align: center;\"><span style=\"color: #0000ff;\">Fonte: IBGE, Diretoria de Pesquisas, Coordena\u00e7\u00e3o de Contas Nacionais<\/span><\/p>\n<p style=\"text-align: justify;\"><span style=\"color: #0000ff;\">O PIB apresentou crescimento de 1,0% na compara\u00e7\u00e3o do primeiro trimestre de 2017 contra o quarto trimestre de 2016, levando-se em considera\u00e7\u00e3o a s\u00e9rie com ajuste sazonal.\u00a0<\/span><\/p>\n<p style=\"text-align: justify;\"><span style=\"color: #0000ff;\">A Agropecu\u00e1ria teve expans\u00e3o de 13,4%, a Ind\u00fastria cresceu 0,9% e os Servi\u00e7os (0,0%) apresentaram estabilidade.<\/span><\/p>\n<p style=\"text-align: justify;\"><span style=\"color: #0000ff;\">PIB cai 0,4% em rela\u00e7\u00e3o ao primeiro trimestre de 2016<\/span><\/p>\n<p style=\"text-align: justify;\"><span style=\"color: #0000ff;\">Quando comparado a igual per\u00edodo do ano anterior, o PIB caiu 0,4% no primeiro trimestre de 2017, o d\u00e9cimo segundo resultado negativo consecutivo nesta base de compara\u00e7\u00e3o. O Valor Adicionado a pre\u00e7os b\u00e1sicos teve varia\u00e7\u00e3o negativa de 0,3% e os Impostos sobre Produtos L\u00edquidos de Subs\u00eddios recuaram em 0,8%.<\/span><\/p>\n<p style=\"text-align: justify;\"><span style=\"color: #0000ff;\">Dentre as atividades que contribuem para a gera\u00e7\u00e3o do Valor Adicionado, a Agropecu\u00e1ria cresceu 15,2% em rela\u00e7\u00e3o a igual per\u00edodo do ano anterior. A Ind\u00fastria sofreu queda de 1,1%. O valor adicionado de Servi\u00e7os caiu 1,7% na compara\u00e7\u00e3o com o mesmo per\u00edodo do ano anterior.<\/span><\/p>\n<p style=\"text-align: justify;\"><span style=\"color: #0000ff;\">Pelo oitavo trimestre seguido, todos os componentes da demanda interna apresentaram resultado negativo na compara\u00e7\u00e3o com igual per\u00edodo do ano anterior. No primeiro trimestre de 2017, a Despesa de Consumo das Fam\u00edlias caiu 1,9%.<\/span><\/p>\n<p style=\"text-align: justify;\"><span style=\"color: #0000ff;\">Esse resultado pode ser explicado pelo comportamento dos indicadores de cr\u00e9dito e mercado de trabalho ao longo do per\u00edodo. A Forma\u00e7\u00e3o Bruta de Capital Fixo sofreu contra\u00e7\u00e3o de 3,7% no primeiro trimestre de 2017, a d\u00e9cima segunda consecutiva.<\/span><\/p>\n<p style=\"text-align: justify;\"><span style=\"color: #0000ff;\">No setor externo, as Exporta\u00e7\u00f5es de Bens e Servi\u00e7os apresentaram crescimento de 1,9%, enquanto que as Importa\u00e7\u00f5es de Bens e Servi\u00e7os se expandiram em 9,8% no primeiro trimestre de 2017.<\/span><\/p>\n<p style=\"text-align: justify;\"><span style=\"color: #0000ff;\">PIB acumula queda de 2,3% nos quatro \u00faltimos trimestres<\/span><\/p>\n<p style=\"text-align: justify;\"><span style=\"color: #0000ff;\">O PIB acumulado nos quatro trimestres terminados em mar\u00e7o de 2017 recuou 2,3% em rela\u00e7\u00e3o aos quatro trimestres imediatamente anteriores. Esta taxa resultou da contra\u00e7\u00e3o de 2,1% do Valor Adicionado a pre\u00e7os b\u00e1sicos e do recuo de 4,1% nos Impostos sobre Produtos L\u00edquidos de Subs\u00eddios.<\/span><\/p>\n<p style=\"text-align: justify;\"><span style=\"color: #0000ff;\">O resultado do Valor Adicionado neste tipo de compara\u00e7\u00e3o decorreu dos seguintes desempenhos: Agropecu\u00e1ria (0,3%), Ind\u00fastria (-2,4%) e Servi\u00e7os (-2,3%).<\/span><\/p>\n<p style=\"text-align: justify;\"><span style=\"color: #0000ff;\">PIB chega a R$ 1,6 trilh\u00e3o no primeiro trimestre de 2017<\/span><\/p>\n<p style=\"text-align: justify;\"><span style=\"color: #0000ff;\">O Produto Interno Bruto no primeiro trimestre de 2017 totalizou R$ 1,595 trilh\u00e3o, sendo\u00a0 R$ 1,381 trilh\u00e3o referentes ao Valor Adicionado a pre\u00e7os b\u00e1sicos e R$ 213,6 bilh\u00f5es aos Impostos sobre Produtos l\u00edquidos de Subs\u00eddios.<\/span><\/p>\n<p style=\"text-align: justify;\"><span style=\"color: #0000ff;\">A Agropecu\u00e1ria registrou R$ 93,4 bilh\u00f5es, a Ind\u00fastria R$ 291,1 bilh\u00f5es e os Servi\u00e7os R$ 996,4 bilh\u00f5es.<\/span><\/p>\n<p style=\"text-align: justify;\"><span style=\"color: #0000ff;\">Entre os componentes da despesa, a Despesa de Consumo das Fam\u00edlias totalizou R$ 1,004\u00a0 trilh\u00e3o, a Despesa\u00a0 de Consumo do Governo R$ 307,6 bilh\u00f5es e a Forma\u00e7\u00e3o Bruta de Capital Fixo R$ 248,6 bilh\u00f5es.<\/span><\/p>\n<p style=\"text-align: justify;\"><span style=\"color: #0000ff;\">A taxa de investimento no primeiro trimestre de 2017 foi de 15,6% do PIB, abaixo do observado no mesmo per\u00edodo do ano anterior (16,8%), enquanto a taxa de poupan\u00e7a foi de 15,7%, ante 13,9% no mesmo per\u00edodo de 2016.<\/span><\/p>\n<p style=\"text-align: justify;\"><a href=\"http:\/\/acaopolitica.com\/wp-content\/uploads\/2017\/06\/titppib.gif\"><img loading=\"lazy\" class=\"size-full wp-image-1618 aligncenter\" src=\"http:\/\/acaopolitica.com\/wp-content\/uploads\/2017\/06\/titppib.gif\" alt=\"\" width=\"630\" height=\"452\" \/><\/a><\/p>\n<p style=\"text-align: center;\"><span style=\"color: #ff0000;\">Arquivos oficiais do governo est\u00e3o dispon\u00edveis aos leitores.<\/span><\/p>\n<p style=\"text-align: justify;\"><span style=\"color: #0000ff;\">Ricardo Bergamini<\/span><br \/>\n<span style=\"color: #0000ff;\">(48) 99636-7322<\/span><br \/>\n<span style=\"color: #0000ff;\">(48) 99976-6974<\/span><br \/>\n<a href=\"mailto:ricardobergamini@ricardobergamini.com.br\" target=\"_blank\" rel=\"noopener noreferrer\"><span style=\"color: #0000ff;\">ricardobergamini@ ricardobergamini.com.br<\/span><\/a><br \/>\n<a href=\"http:\/\/www.ricardobergamini.com.br\" target=\"_blank\" rel=\"noopener noreferrer\"><span style=\"color: #0000ff;\">www.ricardobergamini.com.br<\/span><\/a><\/p>\n","protected":false},"excerpt":{"rendered":"<p>\u201cSenso Pol\u00edtico\u201d, no Brasil, parece ser a arte de escamotear problemas e fingir solu\u00e7\u00f5es (Roberto Campos). Na mar\u00e9 do progresso, a nave Brasil est\u00e1 parada&#8230;.<\/p>\n","protected":false},"author":18,"featured_media":1140,"comment_status":"open","ping_status":"open","sticky":false,"template":"","format":"standard","meta":[],"categories":[10],"tags":[],"_links":{"self":[{"href":"http:\/\/acaopolitica.com\/index.php\/wp-json\/wp\/v2\/posts\/1617"}],"collection":[{"href":"http:\/\/acaopolitica.com\/index.php\/wp-json\/wp\/v2\/posts"}],"about":[{"href":"http:\/\/acaopolitica.com\/index.php\/wp-json\/wp\/v2\/types\/post"}],"author":[{"embeddable":true,"href":"http:\/\/acaopolitica.com\/index.php\/wp-json\/wp\/v2\/users\/18"}],"replies":[{"embeddable":true,"href":"http:\/\/acaopolitica.com\/index.php\/wp-json\/wp\/v2\/comments?post=1617"}],"version-history":[{"count":2,"href":"http:\/\/acaopolitica.com\/index.php\/wp-json\/wp\/v2\/posts\/1617\/revisions"}],"predecessor-version":[{"id":1621,"href":"http:\/\/acaopolitica.com\/index.php\/wp-json\/wp\/v2\/posts\/1617\/revisions\/1621"}],"wp:featuredmedia":[{"embeddable":true,"href":"http:\/\/acaopolitica.com\/index.php\/wp-json\/wp\/v2\/media\/1140"}],"wp:attachment":[{"href":"http:\/\/acaopolitica.com\/index.php\/wp-json\/wp\/v2\/media?parent=1617"}],"wp:term":[{"taxonomy":"category","embeddable":true,"href":"http:\/\/acaopolitica.com\/index.php\/wp-json\/wp\/v2\/categories?post=1617"},{"taxonomy":"post_tag","embeddable":true,"href":"http:\/\/acaopolitica.com\/index.php\/wp-json\/wp\/v2\/tags?post=1617"}],"curies":[{"name":"wp","href":"https:\/\/api.w.org\/{rel}","templated":true}]}}