{"id":1658,"date":"2017-06-13T22:09:54","date_gmt":"2017-06-13T22:09:54","guid":{"rendered":"http:\/\/acaopolitica.com\/?p=1658"},"modified":"2017-06-14T13:44:04","modified_gmt":"2017-06-14T13:44:04","slug":"estimativa-de-mortos-pela-jihad","status":"publish","type":"post","link":"http:\/\/acaopolitica.com\/index.php\/2017\/06\/13\/estimativa-de-mortos-pela-jihad\/","title":{"rendered":"Estimativa de mortos pela jihad"},"content":{"rendered":"<p style=\"text-align: justify;\">Estes n\u00fameros s\u00e3o uma estimativa aproximada da morte de n\u00e3o-mu\u00e7ulmanos pelo ato pol\u00edtico chamado <a href=\"https:\/\/www.jihadwatch.org\/\" target=\"_blank\" rel=\"noopener\">jihad<\/a> (&#8220;guerra santa&#8221;).<\/p>\n<p style=\"text-align: justify;\"><strong>\u00c1frica<\/strong><\/p>\n<p style=\"text-align: justify;\">Thomas Sowell [Thomas Sowell, Race and Culture, BasicBooks, 1994, p. 188], estima que 11 milh\u00f5es de escravos foram enviados atr\u00e1ves do Atl\u00e2ntico e que 14 milh\u00f5es foram enviados para as na\u00e7\u00f5es isl\u00e2micas do norte da \u00c1frica e do Oriente M\u00e9dio. Para cada escravo capturado muitos outros morreram. Estimativas desse dano colateral variam. O renomado mission\u00e1rio David Livingstone estima que para cada escravo que chegou \u00e0 planta\u00e7\u00e3o, cinco outros foram mortos no ataque inicial ou morreram de doen\u00e7as e priva\u00e7\u00f5es na marcha for\u00e7ada.[Woman\u2019s Presbyterian Board of Missions, David Livingstone, p. 62, 1888] Aqueles que eram deixados pra tr\u00e1s eram os muito jovens, os fracos, os doentes e os velhos. Estes logo morriam dado que os principais provedores foram mortos ou escravizados. Logo, para 25 milh\u00f5es de escravos entregues ao mercado, n\u00f3s estimamos mortes de aproximadamente 120 milh\u00f5es de pessoas. Isl\u00e3 comandava todo o mercado de escravos na \u00c1frica. <strong><span style=\"color: #ff0000;\">E continua at\u00e9 hoje!<\/span><\/strong><\/p>\n<p style=\"text-align: justify;\"><strong>Crist\u00e3os<\/strong><\/p>\n<p style=\"text-align: justify;\">O n\u00famero de crist\u00e3os martirizados pelo Isl\u00e3 \u00e9 de 9 milh\u00f5es [David B. Barrett, Todd M. Johnson, World Christian Trends AD 30-AD 2200, William Carey Library, 2001, p. 230, table 4-10] . Uma estimativa aproximada por Raphael Moore em History of Asia Minor \u00e9 de que outros 50 milh\u00f5es foram mortos nas guerras da jihad. Ent\u00e3o, contando o milh\u00e3o de crist\u00e3os africanos mortos no s\u00e9culo 20 nos temos:<br \/>\n60 milh\u00f5es de crist\u00e3os<\/p>\n<p style=\"text-align: justify;\"><strong>Hindus<\/strong><\/p>\n<p style=\"text-align: justify;\">Koenard Elst em Negationism in India d\u00e1 uma estimativa de 80 milh\u00f5es de hindus mortos na jihad total contra a \u00cdndia. [Koenard Elst, Negationism in India, Voice of India, New Delhi, 2002, pg. 34.] A \u00cdndia hoje \u00e9 somente metade do tamanho da \u00cdndia ancestral, devido \u00e0 jihad. As montanhas pr\u00f3ximas \u00e0 \u00cdndia s\u00e3o chamadas de Hindu Kush, que significa &#8220;pira funeral de Hindus&#8221;.<br \/>\nHidus mortos:<br \/>\n80 milh\u00f5es de hindus<\/p>\n<p><strong>Budistas<\/strong><\/p>\n<p style=\"text-align: justify;\">Budistas n\u00e3o mant\u00e9m registros precisos de guerras. Mantenha em mente que na jihad somente crist\u00e3o e judeus tem permiss\u00e3o de sobreviver como dhimmis (servos do Isl\u00e3), todos os outros devem converterem-se ou morrer. A jihad matou budistas na Turquia, Afeganist\u00e3o, ao longo da Rota da Seda e na \u00cdndia. O total \u00e9 de aproximadamente 10 milh\u00f5es David B. Barrett, Todd M. Johnson, World Christian Trends AD 30-AD 2200, William Carey Library, 2001, p. 230, table 4-1.]\n10 milh\u00f5es de budistas<\/p>\n<p><strong>Judeus<\/strong><\/p>\n<p style=\"text-align: justify;\">Estranhamente n\u00e3o houveram n\u00fameros significativos de judeus mortos pela jihad que pudesse afetar os totais da Grande Aniquila\u00e7\u00e3o. A jihad na Arabia foi 100 por cento efetiva, mas os n\u00fameros eram milhares, n\u00e3o milh\u00f5es. Depois disso, os judeus se submeteram e se tornaram dhimmis (servos e cidad\u00e3os de segunda classe) do Isl\u00e3 e n\u00e3o tinham poder geogr\u00e1fico, nem pol\u00edtico.<\/p>\n<p style=\"text-align: justify;\">Isto d\u00e1 uma estimativa aproximada de 270 milh\u00f5es de mortos pela jihad.<\/p>\n<p>Fonte: <a href=\"https:\/\/www.politicalislam.com\/tears-of-jihad\/\" target=\"_blank\" rel=\"noopener\">https:\/\/www.politicalislam.com\/tears-of-jihad\/<\/a> [ adaptado ]\n","protected":false},"excerpt":{"rendered":"<p>Estes n\u00fameros s\u00e3o uma estimativa aproximada da morte de n\u00e3o-mu\u00e7ulmanos pelo ato pol\u00edtico chamado jihad (&#8220;guerra santa&#8221;). \u00c1frica Thomas Sowell [Thomas Sowell, Race and Culture,&#8230;<\/p>\n","protected":false},"author":1,"featured_media":1659,"comment_status":"open","ping_status":"open","sticky":false,"template":"","format":"standard","meta":[],"categories":[3,2],"tags":[],"_links":{"self":[{"href":"http:\/\/acaopolitica.com\/index.php\/wp-json\/wp\/v2\/posts\/1658"}],"collection":[{"href":"http:\/\/acaopolitica.com\/index.php\/wp-json\/wp\/v2\/posts"}],"about":[{"href":"http:\/\/acaopolitica.com\/index.php\/wp-json\/wp\/v2\/types\/post"}],"author":[{"embeddable":true,"href":"http:\/\/acaopolitica.com\/index.php\/wp-json\/wp\/v2\/users\/1"}],"replies":[{"embeddable":true,"href":"http:\/\/acaopolitica.com\/index.php\/wp-json\/wp\/v2\/comments?post=1658"}],"version-history":[{"count":9,"href":"http:\/\/acaopolitica.com\/index.php\/wp-json\/wp\/v2\/posts\/1658\/revisions"}],"predecessor-version":[{"id":1679,"href":"http:\/\/acaopolitica.com\/index.php\/wp-json\/wp\/v2\/posts\/1658\/revisions\/1679"}],"wp:featuredmedia":[{"embeddable":true,"href":"http:\/\/acaopolitica.com\/index.php\/wp-json\/wp\/v2\/media\/1659"}],"wp:attachment":[{"href":"http:\/\/acaopolitica.com\/index.php\/wp-json\/wp\/v2\/media?parent=1658"}],"wp:term":[{"taxonomy":"category","embeddable":true,"href":"http:\/\/acaopolitica.com\/index.php\/wp-json\/wp\/v2\/categories?post=1658"},{"taxonomy":"post_tag","embeddable":true,"href":"http:\/\/acaopolitica.com\/index.php\/wp-json\/wp\/v2\/tags?post=1658"}],"curies":[{"name":"wp","href":"https:\/\/api.w.org\/{rel}","templated":true}]}}