{"id":1714,"date":"2017-06-26T18:42:02","date_gmt":"2017-06-26T18:42:02","guid":{"rendered":"http:\/\/acaopolitica.com\/?p=1714"},"modified":"2017-06-26T18:50:16","modified_gmt":"2017-06-26T18:50:16","slug":"despesa-mediames-com-servidores-federais-da-uniao-03","status":"publish","type":"post","link":"http:\/\/acaopolitica.com\/index.php\/2017\/06\/26\/despesa-mediames-com-servidores-federais-da-uniao-03\/","title":{"rendered":"Despesa M\u00e9dia\/M\u00eas com Servidores Federais da Uni\u00e3o &#8211; 03"},"content":{"rendered":"<p style=\"text-align: center;\"><span style=\"color: #ff0000;\">N\u00e3o somos cidad\u00e3os. Somos contribuintes (Roberto Campos).<\/span><\/p>\n<p style=\"text-align: justify;\"><span style=\"color: #ff0000;\">Prezados Senhores<\/span><\/p>\n<p style=\"text-align: justify;\"><span style=\"color: #ff0000;\">O estudo abaixo evidencia de forma clara e incontest\u00e1vel a imoral e desumana exist\u00eancia no Brasil de trabalhadores de primeira classe (servidores p\u00fablicos federais) e de segunda classe (trabalhadores das empresas privadas \u2013 contribuintes).<\/span><\/p>\n<p style=\"text-align: justify;\"><span style=\"color: #000080;\">Despesa M\u00e9dia\/M\u00eas com Servidores Federais da Uni\u00e3o (Ativos, Aposentados e Pensionistas)- Fonte MP<\/span><\/p>\n<p style=\"text-align: center;\"><span style=\"color: #ff0000;\">Base: Ano de 2016 (M\u00e9dia de 12 meses)<\/span><\/p>\n<table>\n<tbody>\n<tr>\n<td><span style=\"color: #000080;\">Poderes da Uni\u00e3o<\/span><\/td>\n<td><span style=\"color: #000080;\">R$ 1,00<\/span><\/td>\n<td><span style=\"color: #000080;\">\u00cdndice<\/span><\/td>\n<\/tr>\n<tr>\n<td><span style=\"color: #000080;\">Banco Central do Brasil<\/span><\/td>\n<td><span style=\"color: #000080;\">20.534,00<\/span><\/td>\n<td><span style=\"color: #000080;\">100,00<\/span><\/td>\n<\/tr>\n<tr>\n<td><span style=\"color: #000080;\">Legislativo<\/span><\/td>\n<td><span style=\"color: #000080;\">19.465,00<\/span><\/td>\n<td><span style=\"color: #000080;\">94,79<\/span><\/td>\n<\/tr>\n<tr>\n<td><span style=\"color: #000080;\">Judici\u00e1rio<\/span><\/td>\n<td><span style=\"color: #000080;\">18.086,00<\/span><\/td>\n<td><span style=\"color: #000080;\">88,08<\/span><\/td>\n<\/tr>\n<tr>\n<td><span style=\"color: #000080;\">Minist\u00e9rio P\u00fablico da Uni\u00e3o<\/span><\/td>\n<td><span style=\"color: #000080;\">16.532,00<\/span><\/td>\n<td><span style=\"color: #000080;\">8051<\/span><\/td>\n<\/tr>\n<tr>\n<td><span style=\"color: #000080;\">Empresas P\u00fablicas<\/span><\/td>\n<td><span style=\"color: #000080;\">12.008,00<\/span><\/td>\n<td><span style=\"color: #000080;\">58,48<\/span><\/td>\n<\/tr>\n<tr>\n<td><span style=\"color: #000080;\">Sociedade de Economia Mista<\/span><\/td>\n<td><span style=\"color: #000080;\">9.934,00<\/span><\/td>\n<td><span style=\"color: #000080;\">48,38<\/span><\/td>\n<\/tr>\n<tr>\n<td><span style=\"color: #000080;\">Executivo Civil<\/span><\/td>\n<td><span style=\"color: #000080;\">8.535,00<\/span><\/td>\n<td><span style=\"color: #000080;\">41,56<\/span><\/td>\n<\/tr>\n<tr>\n<td><span style=\"color: #000080;\">Executivo Militar<\/span><\/td>\n<td><span style=\"color: #000080;\">6.470,00<\/span><\/td>\n<td><span style=\"color: #000080;\">21,51<\/span><\/td>\n<\/tr>\n<tr>\n<td><span style=\"color: #000080;\">*FCDF<\/span><\/td>\n<td><span style=\"color: #000080;\">5.693,00<\/span><\/td>\n<td><span style=\"color: #000080;\">27,72<\/span><\/td>\n<\/tr>\n<\/tbody>\n<\/table>\n<p style=\"text-align: center;\"><span style=\"color: #000080;\">*FCDF \u2013 Fundo Constitucional do Distrito Federal.<\/span><\/p>\n<p style=\"text-align: justify;\"><span style=\"color: #000080;\">Coment\u00e1rios:<\/span><\/p>\n<p style=\"text-align: justify; padding-left: 30px;\"><span style=\"color: #000080;\">1 \u2013 Dentro do servi\u00e7o p\u00fablico federal h\u00e1 uma varia\u00e7\u00e3o na m\u00e9dia salarial entre o maior e o menor sal\u00e1rio de 72,28% <\/span><\/p>\n<p style=\"text-align: justify; padding-left: 30px;\"><span style=\"color: #000080;\">\u00a02 \u2013 Em 2016 o sal\u00e1rio m\u00e9dio\/m\u00eas dos trabalhadores formais das empresas privadas foi de R$ 2.052,00 (IBGE), ou seja: 90,01% menor do que o maior sal\u00e1rio m\u00e9dio dos servidores da Uni\u00e3o e 63,95% menor do que o menor sal\u00e1rio m\u00e9dio dos servidores da Uni\u00e3o. <\/span><\/p>\n<p style=\"text-align: justify; padding-left: 30px;\"><span style=\"color: #000080;\">\u00a03 \u2013 Em 2016 o sal\u00e1rio m\u00e9dio\/m\u00eas dos aposentados e pensionistas do Regime Geral de Previd\u00eancia Social (INSS) foi de R$ 1.285,80 (STN), ou seja: 93,74% menor do que o maior sal\u00e1rio m\u00e9dio dos servidores da Uni\u00e3o e 77,41% menor do que o menor sal\u00e1rio m\u00e9dio dos servidores da Uni\u00e3o. <\/span><\/p>\n<p style=\"text-align: justify;\"><span style=\"color: #ff0000;\">*FCDF \u2013 Gastos de pessoal com sa\u00fade, educa\u00e7\u00e3o e seguran\u00e7a do Distrito Federal s\u00e3o de responsabilidade da Uni\u00e3o.<\/span><\/p>\n<p style=\"text-align: center;\"><span style=\"color: #ff0000;\">\u00a0Arquivos oficiais do governo est\u00e3o dispon\u00edveis aos leitores.<\/span><\/p>\n<p style=\"text-align: justify;\"><span style=\"color: #000080;\">\u00a0Ricardo Bergamini<\/span><br \/>\n<span style=\"color: #000080;\">(48) 9636-7322<\/span><br \/>\n<span style=\"color: #000080;\">(48) 9976-6974<\/span><br \/>\n<span style=\"color: #000080;\"><a href=\"mailto:ricardobergamini@ricardobergamini.com.br\" target=\"_blank\" rel=\"noopener\">ricardobergamini@ricardobergamini.com.br<br \/>\n<\/a><a href=\"http:\/\/www.ricardobergamini.com.br\/\" target=\"_blank\" rel=\"noopener\" data-saferedirecturl=\"https:\/\/www.google.com\/url?hl=en&amp;q=http:\/\/www.ricardobergamini.com.br\/&amp;source=gmail&amp;ust=1498588437482000&amp;usg=AFQjCNFJmE1lIXUkp5DqtIo2HwUEM7EKOw\">www.ricardobergamini.com.br<\/a><\/span><\/p>\n<p>&nbsp;<\/p>\n","protected":false},"excerpt":{"rendered":"<p>N\u00e3o somos cidad\u00e3os. Somos contribuintes (Roberto Campos). Prezados Senhores O estudo abaixo evidencia de forma clara e incontest\u00e1vel a imoral e desumana exist\u00eancia no Brasil&#8230;<\/p>\n","protected":false},"author":18,"featured_media":1130,"comment_status":"open","ping_status":"open","sticky":false,"template":"","format":"standard","meta":[],"categories":[10],"tags":[],"_links":{"self":[{"href":"http:\/\/acaopolitica.com\/index.php\/wp-json\/wp\/v2\/posts\/1714"}],"collection":[{"href":"http:\/\/acaopolitica.com\/index.php\/wp-json\/wp\/v2\/posts"}],"about":[{"href":"http:\/\/acaopolitica.com\/index.php\/wp-json\/wp\/v2\/types\/post"}],"author":[{"embeddable":true,"href":"http:\/\/acaopolitica.com\/index.php\/wp-json\/wp\/v2\/users\/18"}],"replies":[{"embeddable":true,"href":"http:\/\/acaopolitica.com\/index.php\/wp-json\/wp\/v2\/comments?post=1714"}],"version-history":[{"count":1,"href":"http:\/\/acaopolitica.com\/index.php\/wp-json\/wp\/v2\/posts\/1714\/revisions"}],"predecessor-version":[{"id":1715,"href":"http:\/\/acaopolitica.com\/index.php\/wp-json\/wp\/v2\/posts\/1714\/revisions\/1715"}],"wp:featuredmedia":[{"embeddable":true,"href":"http:\/\/acaopolitica.com\/index.php\/wp-json\/wp\/v2\/media\/1130"}],"wp:attachment":[{"href":"http:\/\/acaopolitica.com\/index.php\/wp-json\/wp\/v2\/media?parent=1714"}],"wp:term":[{"taxonomy":"category","embeddable":true,"href":"http:\/\/acaopolitica.com\/index.php\/wp-json\/wp\/v2\/categories?post=1714"},{"taxonomy":"post_tag","embeddable":true,"href":"http:\/\/acaopolitica.com\/index.php\/wp-json\/wp\/v2\/tags?post=1714"}],"curies":[{"name":"wp","href":"https:\/\/api.w.org\/{rel}","templated":true}]}}