{"id":1722,"date":"2017-06-29T01:12:47","date_gmt":"2017-06-29T01:12:47","guid":{"rendered":"http:\/\/acaopolitica.com\/?p=1722"},"modified":"2017-06-29T01:56:58","modified_gmt":"2017-06-29T01:56:58","slug":"investigando-o-misterioso-novo-estadio-de-futebol-de-blumenau","status":"publish","type":"post","link":"http:\/\/acaopolitica.com\/index.php\/2017\/06\/29\/investigando-o-misterioso-novo-estadio-de-futebol-de-blumenau\/","title":{"rendered":"Investigando o misterioso novo est\u00e1dio de futebol de Blumenau"},"content":{"rendered":"<p style=\"text-align: justify;\"><span style=\"color: #000000;\">Recentemente, foi divulgado que reativaram a ideia de construir um est\u00e1dio de futebol em Blumenau\/SC. Em meio a muitas controv\u00e9rsias e informa\u00e7\u00f5es desencontradas.<\/span><\/p>\n<p style=\"text-align: justify;\"><span style=\"color: #000000;\">A equipe do IVL (em colabora\u00e7\u00e3o com Brasileiros de Bem) est\u00e1 apurando e investigando o assunto. Para trazer \u00e0 tona aquilo que geralmente ocorre a portas fechadas e corre somente nos bastidores da pol\u00edtica. Decis\u00f5es que afetam a cidade e direcionam milh\u00f5es de reais dos pagadores de impostos, sem que seja dada maior satisfa\u00e7\u00e3o <strong>ou apurados os verdadeiros beneficiados.<\/strong><\/span><\/p>\n<p style=\"text-align: justify;\"><span style=\"color: #000000;\">Dando continuidade a este trabalho, o IVL solicitou alguns detalhamentos conforme registrado aqui.<\/span><\/p>\n<p style=\"text-align: justify;\"><span style=\"color: #000000;\">Conte\u00fado da solicita\u00e7\u00e3o feita no sistema e-SIC, em conformidade com a Lei de Acesso \u00e0 Informa\u00e7\u00e3o:<\/span><\/p>\n<p style=\"padding-left: 30px; text-align: justify;\"><span style=\"color: #000000;\">N\u00famero do protocolo: 112\/2017\u00a0<\/span><\/p>\n<p style=\"padding-left: 30px; text-align: justify;\"><span style=\"color: #000000;\">Solicita\u00e7\u00e3o enviada em 12\/06\/2017 e respondida em 27\/06\/2017.<\/span><\/p>\n<p style=\"padding-left: 30px; text-align: justify;\"><span style=\"color: #000000;\">Teor da solicita\u00e7\u00e3o:<\/span><\/p>\n<p style=\"padding-left: 30px; text-align: justify;\"><em><span style=\"color: #0000ff;\"> Venho por meio desta solicita\u00e7\u00e3o, na qualidade de coordenador do IVL e Brasileiros de Bem, requerer: <\/span><\/em><\/p>\n<p style=\"padding-left: 30px; text-align: justify;\"><em><span style=\"color: #0000ff;\">1. Documenta\u00e7\u00e3o da fonte de recursos para o novo est\u00e1dio; <\/span><\/em><\/p>\n<p style=\"padding-left: 30px; text-align: justify;\"><em><span style=\"color: #0000ff;\">2. Esclarecimentos sobre todos os envolvidos nos tr\u00e2mites da constru\u00e7\u00e3o do est\u00e1dio, seja por responsabilidade ou articula\u00e7\u00e3o; <\/span><\/em><\/p>\n<p style=\"padding-left: 30px; text-align: justify;\"><em><span style=\"color: #0000ff;\">3. Contato das pessoas ou entidades interessadas nesta constru\u00e7\u00e3o na cidade de Blumenau da iniciativa privada; <\/span><\/em><\/p>\n<p style=\"padding-left: 30px; text-align: justify;\"><em><span style=\"color: #0000ff;\">4. Projeto ou esbo\u00e7o da obra com todas as benfeitorias relacionadas; <\/span><\/em><\/p>\n<p style=\"padding-left: 30px; text-align: justify;\"><em><span style=\"color: #0000ff;\">5. Descri\u00e7\u00e3o para o plano para manuten\u00e7\u00e3o da obra ap\u00f3s a conclus\u00e3o (com fonte de recursos, cargos a serem criados, impactos); Aproveitamos esta solicita\u00e7\u00e3o para pedir o agendamento da reuni\u00e3o com o Secret\u00e1rio de Gest\u00e3o e Transpar\u00eancia, Paulo Costa e equipe, para esclarecimentos necess\u00e1rios. <\/span><\/em><\/p>\n<p style=\"text-align: justify;\"><span style=\"color: #000000;\">Resposta \u00e0 solicita\u00e7\u00e3o:<\/span><\/p>\n<p style=\"padding-left: 30px; text-align: justify;\"><em><span style=\"color: #0000ff;\">Prezado senhor,<\/span><\/em><\/p>\n<p style=\"padding-left: 30px; text-align: justify;\"><em><span style=\"color: #0000ff;\">Em resposta \u00e0 sua solicita\u00e7\u00e3o temos a informar o que segue:<\/span><\/em><\/p>\n<p style=\"padding-left: 60px; text-align: justify;\"><em><span style=\"color: #0000ff;\">1. N\u00e3o h\u00e1 documenta\u00e7\u00e3o da fonte de recursos pois o Minist\u00e9rio dos Esprotes n\u00e3o empenhou os recursos para o projeto;<\/span><\/em><\/p>\n<p style=\"padding-left: 60px; text-align: justify;\"><em><span style=\"color: #0000ff;\">2. Envolvidos nos tr\u00e2mites relativo ao est\u00e1dio, sendo que ainda n\u00e3o existe garantia da sua constru\u00e7\u00e3o porque a proposta n\u00e3o foi, at\u00e9 o momento, aprovada:<\/span><\/em><\/p>\n<p style=\"padding-left: 90px; text-align: justify;\"><em><span style=\"color: #0000ff;\">&#8211; Secretaria de Gest\u00e3o e Transpar\u00eancia \/ Diretoria de Capta\u00e7\u00e3o de Recursos;<\/span><\/em><\/p>\n<p style=\"padding-left: 90px; text-align: justify;\"><em><span style=\"color: #0000ff;\">&#8211; Secretaria de Infraestrutura;<\/span><\/em><\/p>\n<p style=\"padding-left: 90px; text-align: justify;\"><em><span style=\"color: #0000ff;\">&#8211; Secretaria de Desenvolvimento Urbano.<\/span><\/em><\/p>\n<p style=\"padding-left: 60px; text-align: justify;\"><em><span style=\"color: #0000ff;\">3. A entidade que se apresentou como interessada na execu\u00e7\u00e3o do projeto, em fun\u00e7\u00e3o de exercer atividades relacionadas ao futebol no munic\u00edpio, foi o Clube Atl\u00e9tico Metropolitano (contato com Jurival da Veiga (47)3338-5574)<\/span><\/em><\/p>\n<p style=\"padding-left: 60px; text-align: justify;\"><em><span style=\"color: #0000ff;\">4. Anteprojeto em anexo.<\/span><\/em><\/p>\n<p style=\"padding-left: 60px; text-align: justify;\"><em><span style=\"color: #0000ff;\">5. O munic\u00edpio n\u00e3o disp\u00f5e do documento em quest\u00e3o em fun\u00e7\u00e3o da fase preliminar no processo de viabiliza\u00e7\u00e3o do conv\u00eanio com a Uni\u00e3o.<\/span><\/em><\/p>\n<p style=\"padding-left: 60px; text-align: justify;\"><em><span style=\"color: #0000ff;\">6. A reuni\u00e3o com o secret\u00e1rio Paulo Costa est\u00e1 agendada para dia 10 de julho \u00e0s 9 horas. Favor confirmar disponibilidade.<\/span><\/em><\/p>\n<p style=\"text-align: justify;\"><span style=\"color: #000000;\">O anexo do anteprojeto, segue ao final deste post. <\/span><\/p>\n<p style=\"text-align: justify;\"><span style=\"color: #000000;\">Cabe registro que ap\u00f3s procurado, fomos recebidos e orientados pelo Sr. Paulo Costa (Sec. de Gest\u00e3o e Transpar\u00eancia) e equipe a fim de dar prosseguimento \u00e0 nossa investiga\u00e7\u00e3o. E posterior agendamento formal de reuni\u00e3o de esclarecimentos.<\/span><\/p>\n<p style=\"text-align: justify;\"><span style=\"color: #000000;\">Pelas respostas obtidas at\u00e9 o momento, a impress\u00e3o permanece a mesma sobre este est\u00e1dio. Existe uma grande dificuldade para apurar os fatos pertinentes (de onde vem o dinheiro, quanto exatamente, para onde vai, implica\u00e7\u00f5es de longo prazo, quem s\u00e3o os envolvidos etc). <\/span><\/p>\n<p style=\"text-align: justify;\"><span style=\"color: #000000;\">A \u00fanica certeza \u00e9 que o Clube Atl\u00e9tico Metropolitano \u00e9 bem interessado e diretamente beneficiado. Enquanto, saber se este recurso poderia ser utilizado de outra forma, via esporte, para benef\u00edcio maior da popula\u00e7\u00e3o em geral, permanece um mist\u00e9rio.<br \/>\n<\/span><\/p>\n<p style=\"text-align: justify;\"><span style=\"color: #000000;\">Manteremos a todos informados sobre os pr\u00f3ximos desenvolvimentos, principalmente resultado da reuni\u00e3o que teremos com o secret\u00e1rio, Sr. Paulo Costa.<br \/>\n<\/span><\/p>\n<hr \/>\n<a href=\"http:\/\/acaopolitica.com\/wp-content\/plugins\/pdfjs-viewer-shortcode\/pdfjs\/web\/viewer.php?file=http%3A%2F%2Facaopolitica.com%2Fwp-content%2Fuploads%2F2017%2F06%2Flda_313_file_152.pdf&download=true&print=true&openfile=false\">View Fullscreen<\/a><br><iframe width=\"100%\" height=\"1360px\" src=\"http:\/\/acaopolitica.com\/wp-content\/plugins\/pdfjs-viewer-shortcode\/pdfjs\/web\/viewer.php?file=http%3A%2F%2Facaopolitica.com%2Fwp-content%2Fuploads%2F2017%2F06%2Flda_313_file_152.pdf&download=true&print=true&openfile=false\"><\/iframe> \n<p style=\"padding-left: 30px;\">\n","protected":false},"excerpt":{"rendered":"<p>Recentemente, foi divulgado que reativaram a ideia de construir um est\u00e1dio de futebol em Blumenau\/SC. Em meio a muitas controv\u00e9rsias e informa\u00e7\u00f5es desencontradas. A equipe&#8230;<\/p>\n","protected":false},"author":2,"featured_media":1730,"comment_status":"open","ping_status":"open","sticky":false,"template":"","format":"standard","meta":[],"categories":[11,2],"tags":[],"_links":{"self":[{"href":"http:\/\/acaopolitica.com\/index.php\/wp-json\/wp\/v2\/posts\/1722"}],"collection":[{"href":"http:\/\/acaopolitica.com\/index.php\/wp-json\/wp\/v2\/posts"}],"about":[{"href":"http:\/\/acaopolitica.com\/index.php\/wp-json\/wp\/v2\/types\/post"}],"author":[{"embeddable":true,"href":"http:\/\/acaopolitica.com\/index.php\/wp-json\/wp\/v2\/users\/2"}],"replies":[{"embeddable":true,"href":"http:\/\/acaopolitica.com\/index.php\/wp-json\/wp\/v2\/comments?post=1722"}],"version-history":[{"count":5,"href":"http:\/\/acaopolitica.com\/index.php\/wp-json\/wp\/v2\/posts\/1722\/revisions"}],"predecessor-version":[{"id":1729,"href":"http:\/\/acaopolitica.com\/index.php\/wp-json\/wp\/v2\/posts\/1722\/revisions\/1729"}],"wp:featuredmedia":[{"embeddable":true,"href":"http:\/\/acaopolitica.com\/index.php\/wp-json\/wp\/v2\/media\/1730"}],"wp:attachment":[{"href":"http:\/\/acaopolitica.com\/index.php\/wp-json\/wp\/v2\/media?parent=1722"}],"wp:term":[{"taxonomy":"category","embeddable":true,"href":"http:\/\/acaopolitica.com\/index.php\/wp-json\/wp\/v2\/categories?post=1722"},{"taxonomy":"post_tag","embeddable":true,"href":"http:\/\/acaopolitica.com\/index.php\/wp-json\/wp\/v2\/tags?post=1722"}],"curies":[{"name":"wp","href":"https:\/\/api.w.org\/{rel}","templated":true}]}}