{"id":1737,"date":"2010-05-10T09:00:08","date_gmt":"2010-05-10T09:00:08","guid":{"rendered":"http:\/\/acaopolitica.com\/?p=1737"},"modified":"2017-07-01T20:50:12","modified_gmt":"2017-07-01T20:50:12","slug":"administrando-incendios","status":"publish","type":"post","link":"http:\/\/acaopolitica.com\/index.php\/2010\/05\/10\/administrando-incendios\/","title":{"rendered":"Administrando inc\u00eandios"},"content":{"rendered":"<h3 style=\"text-align: center;\"><span class=\"fontstyle0\"><span style=\"color: #800000;\">Administrando inc\u00eandios <span class=\"fontstyle2\"><span style=\"font-size: 12px;\"> <sup><a href=\"#0\">0<\/a><\/sup><\/span><br \/>\n<\/span><\/span><\/span><\/h3>\n<p style=\"text-align: center;\"><span style=\"color: #ff0000;\"><span class=\"fontstyle2\" style=\"color: #000000;\"><a href=\"https:\/\/www.facebook.com\/profile.php?id=1774163116\" target=\"_blank\" rel=\"noopener\">Vanderlei Dallagnolo<\/a> <span style=\"font-size: 12px;\"><span style=\"color: blue;\"><sup><a href=\"#1\">1<\/a><\/sup><\/span><\/span><br \/>\nBlumenau, 10 de maio de 2010<\/span><span class=\"fontstyle2\"><br \/>\n<\/span><\/span><\/p>\n<p style=\"text-align: justify;\"><span style=\"color: #000000;\">No universo empresarial existem diversos mitos e ilus\u00f5es. Situa\u00e7\u00f5es que ao desavisado, amador e despreparado parecem normais e at\u00e9 desej\u00e1veis. E para o desonesto, omisso ou incompetente s\u00e3o usadas como desculpas para esconder graves problemas. Uma destas situa\u00e7\u00f5es \u00e9 a \u201c<strong>Administra\u00e7\u00e3o de Inc\u00eandios<\/strong>&#8220;. E como \u00e9 sabido, INC\u00caNDIO n\u00e3o se administra, inc\u00eandio SE APAGA!<\/span><\/p>\n<p style=\"text-align: justify;\"><span style=\"color: #000000;\">Numa organiza\u00e7\u00e3o que funciona baseada na administra\u00e7\u00e3o de inc\u00eandios, tudo \u00e9 para ontem. Por isto a compara\u00e7\u00e3o com o inc\u00eandio. Pois para apagar um inc\u00eandio n\u00e3o tem prazo! A necessidade \u00e9 IMEDIATA! <\/span><\/p>\n<p style=\"text-align: justify;\"><span style=\"color: #000000;\">Este contexto ou estes inc\u00eandios pode-se considerar que s\u00e3o alimentados pelos seguintes combust\u00edveis.<\/span><\/p>\n<p style=\"text-align: justify;\"><span style=\"color: #000000;\"><strong>Falta de planejamento<\/strong><br \/>\nUma sociedade de valores invertidos. Onde \u00e9 f\u00e1cil perceber a resist\u00eancia a investir em planejamento. Onde se defende e venera-se o &#8220;jeitinho&#8221;, se deprecia a atitude preventiva, pr\u00f3-ativa e estrat\u00e9gica. Esta distor\u00e7\u00e3o faz com que todos se queixem do custo de planejar, do tempo gasto em analisar e criar estrat\u00e9gias. Mas, n\u00e3o se queixam do MUITO MAIS ELEVADO custo de consertar as consequ\u00eancias dos erros!<\/span><\/p>\n<p style=\"text-align: justify;\"><span style=\"color: #000000;\"><strong>Falta de objetividade<\/strong><br \/>\n\u00c9 uma defesa irracional contra os fracassos e maus resultados. \u00c9 a resist\u00eancia em entender que realizar qualquer empreendimento envolve riscos. <a href=\"http:\/\/www.scribd.com\/doc\/29796469\/Ser-Ativo-Ou-Ser-Produtivo\" target=\"_blank\" rel=\"noopener\">Leva a atividade SEM produtividade<\/a> <span style=\"font-size: 12px;\"><span style=\"color: blue;\"><sup><a href=\"#3\">3<\/a><\/sup><\/span><\/span> . \u00c9 como acelerar um carro para chegar ao destino mais r\u00e1pido, s\u00f3 que indo na DIRE\u00c7\u00c3O ERRADA!<\/span><\/p>\n<p style=\"text-align: justify;\"><span style=\"color: #000000;\"><strong>Fatores externos nocivos<\/strong><br \/>\nMais ou menos ligados aos dois anteriores, FALTA DE PLANEJAMENTO e OBJETIVIDADE s\u00f3 que desempenhados em grande intensidade por agentes externos \u00e0 organiza\u00e7\u00e3o e com um componente de DESONESTIDADE para completar o cen\u00e1rio de destrui\u00e7\u00e3o. Os principais expoentes desta causa s\u00e3o os governos corro\u00eddos pela corrup\u00e7\u00e3o, pela paran\u00f3ia, pela demagogia, <a href=\"http:\/\/www.scribd.com\/doc\/30204194\/O-inimigo-de-meu-inimigo-nem-sempre-e-meu-amigo\" target=\"_blank\" rel=\"noopener\">pela incompet\u00eancia e pela POLITICAGEM<\/a> <span style=\"color: blue; font-size: 12px;\"><sup><a href=\"#4\">4<\/a> <\/sup><\/span>! Que criam condi\u00e7\u00f5es imposs\u00edveis de gerenciar dentro de padr\u00f5es m\u00ednimos de competitividade e efici\u00eancia. Exemplo \u00e9 a manuten\u00e7\u00e3o de CARGA TRIBUT\u00c1RIA EXCESSIVA.<\/span><\/p>\n<p style=\"text-align: justify;\"><span style=\"color: #000000;\">Por sua vez, temos v\u00e1rios efeitos da manuten\u00e7\u00e3o destes processos.<\/span><\/p>\n<p style=\"text-align: justify;\"><span style=\"color: #000000;\"><strong>Cara feia<\/strong><br \/>\nComo todos sabem, &#8220;<a href=\"http:\/\/www.scribd.com\/doc\/25035369\/Cara-feia-e-fome\" target=\"_blank\" rel=\"noopener\">cara feia \u00e9 fome!<\/a><span style=\"color: blue; font-size: 12px;\"><sup> <a href=\"#5\">5\u00a0<\/a><\/sup><\/span>&#8220;. Ela representa o efeito nos indiv\u00edduos em geral de viver e trabalhar sob tal situa\u00e7\u00e3o de URG\u00caNCIA CONSTANTE. Gera estresse excessivo, que acaba com qualquer esp\u00e9cie de satisfa\u00e7\u00e3o em todos os n\u00edveis de rela\u00e7\u00e3o. E leva a invers\u00f5es e principalmente confus\u00f5es de toda ordem como aquela que fazem entre sisudez e profissionalismo.<\/span><\/p>\n<p style=\"text-align: justify;\"><span style=\"color: #000000;\"><strong><a href=\"http:\/\/www.scribd.com\/doc\/30454112\/Confiar-desconfiando\" target=\"_blank\" rel=\"noopener\">Aus\u00eancia de colabora\u00e7\u00e3o efetiva e confian\u00e7a<\/a> <span style=\"color: blue; font-size: 12px;\"><sup><a href=\"#6\">6<\/a>\u00a0 &#8211;\u00a0 <a href=\"#7\">7<\/a><br \/>\n<\/sup><\/span><br \/>\n<\/strong>Se a competitividade leva ao sucesso pelo aprimoramento constante. A colabora\u00e7\u00e3o leva a supera\u00e7\u00e3o de expectativas pela sinergia que proporciona. \u00c9 preciso manter ambas nas situa\u00e7\u00f5es pertinentes. Mas, com a const\u00e2ncia do sentimento de &#8220;salve-se quem puder&#8221;, a colabora\u00e7\u00e3o ocorre fortuitamente apenas. Mas, n\u00e3o pode ser gerenciada nem direcionada.<\/span><\/p>\n<p style=\"text-align: justify;\"><span style=\"color: #000000;\"><strong>Preju\u00edzos invis\u00edveis<\/strong><br \/>\nMira-se somente nas quantidades e se esquece da qualidade dos neg\u00f3cios. Aceita-se qualquer condi\u00e7\u00e3o especial, se gasta com tudo que for necess\u00e1rio e al\u00e9m, se vende para qualquer um sem crit\u00e9rio. Para aumentar o n\u00famero de produtos vendidos ou neg\u00f3cios fechados a qualquer pre\u00e7o. <a href=\"http:\/\/www.scribd.com\/doc\/29347740\/Receita-de-fracasso-nos-proje\" target=\"_blank\" rel=\"noopener\">Contrata-se SOMENTE PELO PRE\u00c7O<\/a> <span style=\"color: blue; font-size: 12px;\"><sup><a href=\"#8\">8<\/a> <\/sup><\/span>, ignorando COMPLETAMENTE VALOR RECEBIDO e QUALIDADE! Esta postura gera pequenas perdas que v\u00e3o se acumulando assim como os compromissos assumidos de modo irrespons\u00e1vel. Eventualmente os custos se avolumam a tal ponto que a situa\u00e7\u00e3o fica insustent\u00e1vel e irrecuper\u00e1vel.<\/span><\/p>\n<p style=\"text-align: justify;\"><span style=\"color: #000000;\">Os inexperientes s\u00e3o suscet\u00edveis a este problema. Mas, n\u00e3o somente eles.<\/span><\/p>\n<p style=\"text-align: justify;\"><span style=\"color: #000000;\">H\u00e1 a circunst\u00e2ncia onde existe a vontade consciente de manter esta situa\u00e7\u00e3o visando objetivos individualistas de algu\u00e9m que det\u00e9m algum poder na organiza\u00e7\u00e3o. Ignorando op\u00e7\u00f5es estrat\u00e9gicas em detrimento de estar sempre em alguma atividade. <a href=\"http:\/\/www.scribd.com\/doc\/29796469\/Ser-Ativo-Ou-Ser-Produtivo\" target=\"_blank\" rel=\"noopener\">Sempre resolvendo alguma coisa<\/a> <span style=\"color: blue; font-size: 12px;\"><sup><a href=\"#9\">9<\/a> <\/sup><\/span>em detrimento de SEMPRE OBTER RESULTADOS! Sempre em evid\u00eancia em detrimento de SERVIR COMO EXEMPLO!<\/span><\/p>\n<p style=\"text-align: justify;\"><span style=\"color: #000000;\">\u00c9 a esta situa\u00e7\u00e3o que me refiro. N\u00e3o me refiro aquela onde ocorrem os problemas REALMENTE URGENTES a que todos estamos sujeitos. N\u00e3o foi por acaso que chamei este artigo de <strong>Administrando Inc\u00eandios<\/strong>. Pois a palavra administrando remete a algum grau de intencionalidade.<\/span><\/p>\n<p style=\"text-align: justify;\"><span style=\"color: #000000;\">Agora voc\u00ea pode identificar esta situa\u00e7\u00e3o e poder\u00e1 agir melhor. O que eu lhe recomendo \u00e9 que identificado este tipo de cen\u00e1rio n\u00e3o se deixe envolver em tal estrat\u00e9gia. Mantenha-se sob uma dist\u00e2ncia segura. Pois algu\u00e9m pode escolher que voc\u00ea precisa se queimar (ter algum preju\u00edzo qualquer) para que ele continue administrando o inc\u00eandio.<br \/>\n<\/span><\/p>\n<hr \/>\n<p><span style=\"font-size: 12px;\"><br \/>\nRefer\u00eancias:<\/span><\/p>\n<p style=\"text-align: justify;\"><span id=\"0\">0 &#8211; Fonte:<br \/>\n<a href=\"https:\/\/www.scribd.com\/document\/31132515\/Administrando-incendios\" target=\"_blank\" rel=\"noopener\">https:\/\/www.scribd.com\/document\/31132515\/Administrando-incendios<\/a><br \/>\n<\/span><\/p>\n<p><span id=\"1\">1 &#8211; Autor: <a href=\"https:\/\/www.facebook.com\/profile.php?id=1774163116\" target=\"_blank\" rel=\"noopener\">Vanderlei Dallagnolo<\/a><\/span><\/p>\n<p style=\"text-align: justify;\"><span id=\"2\">2 &#8211; Fonte da imagem de ilustra\u00e7\u00e3o:<br \/>\n<a href=\"http:\/\/www.sxc.hu\/pic\/l\/t\/tv\/tvvoodoo\/294748_4339.jpg\" target=\"_blank\" rel=\"noopener\">http:\/\/www.sxc.hu\/pic\/l\/t\/tv\/tvvoodoo\/294748_4339.jpg<\/a><\/span><\/p>\n<p style=\"text-align: justify;\"><span id=\"3\">3 &#8211; Ser ativo ou ser produtivo:<br \/>\n<a href=\"http:\/\/www.scribd.com\/doc\/29796469\/Ser-Ativo-Ou-Ser-Produtivo\" target=\"_blank\" rel=\"noopener\">http:\/\/www.scribd.com\/doc\/29796469\/Ser-Ativo-Ou-Ser-Produtivo<\/a><\/span><\/p>\n<p style=\"text-align: justify;\"><span id=\"4\">4 &#8211; O inimigo do meu inimigo nem sempre \u00e9 meu amigo:<br \/>\n<a href=\"http:\/\/www.scribd.com\/doc\/30204194\/O-inimigo-de-meu-inimigo-nem-sempre-e-meu-amigo\" target=\"_blank\" rel=\"noopener\">http:\/\/www.scribd.com\/doc\/30204194\/O-inimigo-de-meu-inimigo-nem-sempre-e-meu-amigo<\/a><\/span><\/p>\n<p style=\"text-align: justify;\"><span id=\"5\">5 &#8211; Cara feia \u00e9 fome:<br \/>\n<a href=\"http:\/\/www.scribd.com\/doc\/25035369\/Cara-feia-e-fome\" target=\"_blank\" rel=\"noopener\">http:\/\/www.scribd.com\/doc\/25035369\/Cara-feia-e-fome<\/a><\/span><\/p>\n<p style=\"text-align: justify;\"><span id=\"6\">6 &#8211; Confiar desconfiando:<br \/>\n<a href=\"http:\/\/www.scribd.com\/doc\/30454112\/Confiar-desconfiando\" target=\"_blank\" rel=\"noopener\">http:\/\/www.scribd.com\/doc\/30454112\/Confiar-desconfiando<\/a><\/span><\/p>\n<p style=\"text-align: justify;\"><span id=\"7\">7 &#8211; A confian\u00e7a no \u00e2mbito profissional:<br \/>\n<a href=\"http:\/\/www.scribd.com\/doc\/30835708\/A-confianca-no-ambito-profissional\" target=\"_blank\" rel=\"noopener\">http:\/\/www.scribd.com\/doc\/30835708\/A-confianca-no-ambito-profissional<\/a><\/span><\/p>\n<p style=\"text-align: justify;\"><span id=\"8\">8 &#8211; Receita de fracasso nos projetos:<br \/>\n<a href=\"http:\/\/www.scribd.com\/doc\/29347740\/Receita-de-fracasso-nos-proje\" target=\"_blank\" rel=\"noopener\">http:\/\/www.scribd.com\/doc\/29347740\/Receita-de-fracasso-nos-proje<\/a><\/span><\/p>\n<p style=\"text-align: justify;\"><span id=\"9\">9 &#8211; Ser ativo ou ser produtivo:<br \/>\n<a href=\"http:\/\/www.scribd.com\/doc\/29796469\/Ser-Ativo-Ou-Ser-Produtivo\" target=\"_blank\" rel=\"noopener\">http:\/\/www.scribd.com\/doc\/29796469\/Ser-Ativo-Ou-Ser-Produtivo<\/a><\/span><\/p>\n<p>&nbsp;<\/p>\n","protected":false},"excerpt":{"rendered":"<p>Administrando inc\u00eandios 0 Vanderlei Dallagnolo 1 Blumenau, 10 de maio de 2010 No universo empresarial existem diversos mitos e ilus\u00f5es. Situa\u00e7\u00f5es que ao desavisado, amador&#8230;<\/p>\n","protected":false},"author":1,"featured_media":1738,"comment_status":"open","ping_status":"open","sticky":false,"template":"","format":"standard","meta":[],"categories":[3],"tags":[],"_links":{"self":[{"href":"http:\/\/acaopolitica.com\/index.php\/wp-json\/wp\/v2\/posts\/1737"}],"collection":[{"href":"http:\/\/acaopolitica.com\/index.php\/wp-json\/wp\/v2\/posts"}],"about":[{"href":"http:\/\/acaopolitica.com\/index.php\/wp-json\/wp\/v2\/types\/post"}],"author":[{"embeddable":true,"href":"http:\/\/acaopolitica.com\/index.php\/wp-json\/wp\/v2\/users\/1"}],"replies":[{"embeddable":true,"href":"http:\/\/acaopolitica.com\/index.php\/wp-json\/wp\/v2\/comments?post=1737"}],"version-history":[{"count":10,"href":"http:\/\/acaopolitica.com\/index.php\/wp-json\/wp\/v2\/posts\/1737\/revisions"}],"predecessor-version":[{"id":1748,"href":"http:\/\/acaopolitica.com\/index.php\/wp-json\/wp\/v2\/posts\/1737\/revisions\/1748"}],"wp:featuredmedia":[{"embeddable":true,"href":"http:\/\/acaopolitica.com\/index.php\/wp-json\/wp\/v2\/media\/1738"}],"wp:attachment":[{"href":"http:\/\/acaopolitica.com\/index.php\/wp-json\/wp\/v2\/media?parent=1737"}],"wp:term":[{"taxonomy":"category","embeddable":true,"href":"http:\/\/acaopolitica.com\/index.php\/wp-json\/wp\/v2\/categories?post=1737"},{"taxonomy":"post_tag","embeddable":true,"href":"http:\/\/acaopolitica.com\/index.php\/wp-json\/wp\/v2\/tags?post=1737"}],"curies":[{"name":"wp","href":"https:\/\/api.w.org\/{rel}","templated":true}]}}